{"id":38138,"date":"2024-12-15T18:37:56","date_gmt":"2024-12-15T18:37:56","guid":{"rendered":"https:\/\/tintafresca.net\/?p=38138"},"modified":"2024-12-16T23:11:52","modified_gmt":"2024-12-16T23:11:52","slug":"secretario-de-estado-do-turismo-inaugura-duas-unidades-hoteleiras-em-leiria-e-malpica-do-tejo","status":"publish","type":"post","link":"https:\/\/tintafresca.net\/index.php\/2024\/12\/15\/secretario-de-estado-do-turismo-inaugura-duas-unidades-hoteleiras-em-leiria-e-malpica-do-tejo\/","title":{"rendered":"Secret\u00e1rio de Estado do Turismo inaugura duas unidades hoteleiras em Leiria e Malpica do Tejo"},"content":{"rendered":"<div id=\"attachment_38141\" style=\"width: 510px\" class=\"wp-caption alignleft\"><img loading=\"lazy\" decoding=\"async\" aria-describedby=\"caption-attachment-38141\" class=\"wp-image-38141 size-full\" src=\"https:\/\/tintafresca.net\/wp-content\/uploads\/2024\/12\/Leiria_Guest-House-Forest-Villas10.jpg\" alt=\"\" width=\"500\" height=\"321\" srcset=\"https:\/\/tintafresca.net\/wp-content\/uploads\/2024\/12\/Leiria_Guest-House-Forest-Villas10.jpg 500w, https:\/\/tintafresca.net\/wp-content\/uploads\/2024\/12\/Leiria_Guest-House-Forest-Villas10-300x193.jpg 300w\" sizes=\"auto, (max-width: 500px) 100vw, 500px\" \/><p id=\"caption-attachment-38141\" class=\"wp-caption-text\">Guest House Forest Villas foi instalada nos antigos Servi\u00e7os Florestais da cidade de Leiria<\/p><\/div>\n<p>O secret\u00e1rio de Estado do Turismo, Pedro Machado, e o presidente do Turismo de Portugal, Carlos Abade, inauguraram, no dia 13 de dezembro, dois empreendimentos tur\u00edsticos na regi\u00e3o Centro de Portugal, em Malpica do Tejo e em Leiria, que resultaram da recupera\u00e7\u00e3o de im\u00f3veis do Estado, atrav\u00e9s do Fundo REVIVE Natureza.<\/p>\n<p>Em Leiria, foi apresentada a Guest House Forest Villas, instalada nos antigos Servi\u00e7os Florestais da cidade. Este empreendimento oferece uma experi\u00eancia de conforto no centro da cidade, com capacidade para 29 h\u00f3spedes, distribu\u00eddos por 12 quartos: oito duplos, um triplo, um familiar e dois dormit\u00f3rios.<\/p>\n<p>J\u00e1 em Malpica do Tejo, no concelho de Castelo Branco, nasceu o Retiro do Tejo, um alojamento local criado no antigo posto fiscal da localidade. Esta unidade acolhedora, que disp\u00f5e de dois quartos e tr\u00eas camas, confere uma nova vida a um edif\u00edcio que se encontrava devoluto, contribuindo para o dinamismo econ\u00f3mico desta povoa\u00e7\u00e3o.<\/p>\n<p>Estes projetos somam-se a outras interven\u00e7\u00f5es na regi\u00e3o, como o Lous\u00e3 Esta\u00e7\u00e3o, inaugurado no passado dia 9. Este alojamento local resultou igualmente da recupera\u00e7\u00e3o da hist\u00f3rica esta\u00e7\u00e3o ferrovi\u00e1ria da Lous\u00e3, consolidando a aposta na valoriza\u00e7\u00e3o do patrim\u00f3nio hist\u00f3rico e natural como motor de desenvolvimento tur\u00edstico.<\/p>\n<div id=\"attachment_38142\" style=\"width: 510px\" class=\"wp-caption alignleft\"><img loading=\"lazy\" decoding=\"async\" aria-describedby=\"caption-attachment-38142\" class=\"wp-image-38142 size-full\" src=\"https:\/\/tintafresca.net\/wp-content\/uploads\/2024\/12\/Malpica-do-Tejo40.jpg\" alt=\"\" width=\"500\" height=\"321\" srcset=\"https:\/\/tintafresca.net\/wp-content\/uploads\/2024\/12\/Malpica-do-Tejo40.jpg 500w, https:\/\/tintafresca.net\/wp-content\/uploads\/2024\/12\/Malpica-do-Tejo40-300x193.jpg 300w\" sizes=\"auto, (max-width: 500px) 100vw, 500px\" \/><p id=\"caption-attachment-38142\" class=\"wp-caption-text\">Retiro do Tejo, um alojamento local criado no antigo posto fiscal de Malpica do Tejo<\/p><\/div>\n<p>Todos estes projetos de reconvers\u00e3o foram concretizados no \u00e2mbito do Fundo REVIVE Natureza, gerido pela Fomento Fundos. Este fundo tem como miss\u00e3o concessionar para fins tur\u00edsticos im\u00f3veis do Estado devolutos, situados em \u00e1reas protegidas ou de floresta.<\/p>\n<p>Durante a cerim\u00f3nia em Leiria, Pedro Machado destacou a relev\u00e2ncia do programa REVIVE Natureza, classificando-o como um exemplo de boa gest\u00e3o p\u00fablica. \u201cEstes s\u00e3o exemplos concretos da boa aplica\u00e7\u00e3o dos recursos financeiros do Estado a n\u00edvel do turismo. Recuperamos e qualificamos patrim\u00f3nio, criamos ofertas tur\u00edstica, que colocamos \u00e0 disposi\u00e7\u00e3o dos turistas nacionais e estrangeiros, e dinamizamos atividade econ\u00f3mica. A nossa fun\u00e7\u00e3o, enquanto Secretaria de Estado e Turismo de Portugal, \u00e9 estarmos dispon\u00edveis para criar os instrumentos financeiros necess\u00e1rios para que empres\u00e1rios, munic\u00edpios ou associa\u00e7\u00f5es possam investir neste setor\u201d, sublinhou.<\/p>\n<p>Sobre a Turismo Centro de Portugal<\/p>\n<p>A Turismo Centro de Portugal \u00e9 a entidade que estrutura e promove o turismo na Regi\u00e3o Centro do pa\u00eds. Esta \u00e9 a maior e mais diversificada \u00e1rea tur\u00edstica nacional, abrangendo 100 munic\u00edpios, e tem registado um intenso crescimento da procura interna e externa. \u00c9 a regi\u00e3o a escolher para quem pretende experi\u00eancias diversificadas, pois concilia locais Patrim\u00f3nio da Humanidade com a melhor costa de surf da Europa, termas e spas id\u00edlicos, locais de culto de import\u00e2ncia mundial e as mais belas aldeias.<\/p>\n<p><strong>\u00a0 \u00a0 \u00a0Fonte: TCP e AdC<\/strong><\/p>\n","protected":false},"excerpt":{"rendered":"<p>O secret\u00e1rio de Estado do Turismo, Pedro Machado, e o presidente do Turismo de Portugal, Carlos Abade, inauguraram, no dia 13 de dezembro, dois empreendimentos tur\u00edsticos na regi\u00e3o Centro de Portugal, em Malpica do Tejo e em Leiria, que resultaram da recupera\u00e7\u00e3o de im\u00f3veis do Estado, atrav\u00e9s do Fundo REVIVE Natureza. Em Leiria, foi apresentada [&hellip;]<\/p>\n","protected":false},"author":2,"featured_media":38143,"comment_status":"open","ping_status":"open","sticky":false,"template":"","format":"standard","meta":{"footnotes":""},"categories":[7],"tags":[],"class_list":["post-38138","post","type-post","status-publish","format-standard","has-post-thumbnail","hentry","category-economia"],"_links":{"self":[{"href":"https:\/\/tintafresca.net\/index.php\/wp-json\/wp\/v2\/posts\/38138","targetHints":{"allow":["GET"]}}],"collection":[{"href":"https:\/\/tintafresca.net\/index.php\/wp-json\/wp\/v2\/posts"}],"about":[{"href":"https:\/\/tintafresca.net\/index.php\/wp-json\/wp\/v2\/types\/post"}],"author":[{"embeddable":true,"href":"https:\/\/tintafresca.net\/index.php\/wp-json\/wp\/v2\/users\/2"}],"replies":[{"embeddable":true,"href":"https:\/\/tintafresca.net\/index.php\/wp-json\/wp\/v2\/comments?post=38138"}],"version-history":[{"count":3,"href":"https:\/\/tintafresca.net\/index.php\/wp-json\/wp\/v2\/posts\/38138\/revisions"}],"predecessor-version":[{"id":38144,"href":"https:\/\/tintafresca.net\/index.php\/wp-json\/wp\/v2\/posts\/38138\/revisions\/38144"}],"wp:featuredmedia":[{"embeddable":true,"href":"https:\/\/tintafresca.net\/index.php\/wp-json\/wp\/v2\/media\/38143"}],"wp:attachment":[{"href":"https:\/\/tintafresca.net\/index.php\/wp-json\/wp\/v2\/media?parent=38138"}],"wp:term":[{"taxonomy":"category","embeddable":true,"href":"https:\/\/tintafresca.net\/index.php\/wp-json\/wp\/v2\/categories?post=38138"},{"taxonomy":"post_tag","embeddable":true,"href":"https:\/\/tintafresca.net\/index.php\/wp-json\/wp\/v2\/tags?post=38138"}],"curies":[{"name":"wp","href":"https:\/\/api.w.org\/{rel}","templated":true}]}}