{"id":38178,"date":"2024-12-17T20:57:07","date_gmt":"2024-12-17T20:57:07","guid":{"rendered":"https:\/\/tintafresca.net\/?p=38178"},"modified":"2024-12-18T19:49:37","modified_gmt":"2024-12-18T19:49:37","slug":"luis-febra-assume-presidencia-da-nerlei-cci-e-traca-rumo-ambicioso-para-a-regiao-de-leiria","status":"publish","type":"post","link":"https:\/\/tintafresca.net\/index.php\/2024\/12\/17\/luis-febra-assume-presidencia-da-nerlei-cci-e-traca-rumo-ambicioso-para-a-regiao-de-leiria\/","title":{"rendered":"Lu\u00eds Febra assume presid\u00eancia da NERLEI CCI e tra\u00e7a rumo ambicioso para a regi\u00e3o de Leiria"},"content":{"rendered":"<div id=\"attachment_38182\" style=\"width: 510px\" class=\"wp-caption alignleft\"><img loading=\"lazy\" decoding=\"async\" aria-describedby=\"caption-attachment-38182\" class=\"wp-image-38182 size-full\" src=\"https:\/\/tintafresca.net\/wp-content\/uploads\/2024\/12\/Leiria_Nelei_Luis_Febra10.jpg\" alt=\"\" width=\"500\" height=\"333\" srcset=\"https:\/\/tintafresca.net\/wp-content\/uploads\/2024\/12\/Leiria_Nelei_Luis_Febra10.jpg 500w, https:\/\/tintafresca.net\/wp-content\/uploads\/2024\/12\/Leiria_Nelei_Luis_Febra10-300x200.jpg 300w\" sizes=\"auto, (max-width: 500px) 100vw, 500px\" \/><p id=\"caption-attachment-38182\" class=\"wp-caption-text\">Lu\u00eds Febra (ao centro) \u00e9 o novo presidente da NERLEI CCI<\/p><\/div>\n<p>Lu\u00eds Febra, representante da Socem ED \u2013 Fabrica\u00e7\u00e3o, Engenharia e Desenvolvimento de Moldes, SA, foi eleito presidente da Dire\u00e7\u00e3o da NERLEI CCI \u2013 Associa\u00e7\u00e3o Empresarial da Regi\u00e3o de Leiria\/C\u00e2mara de Com\u00e9rcio e Ind\u00fastria para o tri\u00e9nio 2025-2027. A elei\u00e7\u00e3o refor\u00e7a o compromisso da Associa\u00e7\u00e3o em consolidar a regi\u00e3o como um motor de inova\u00e7\u00e3o e crescimento econ\u00f3mico no panorama nacional.<\/p>\n<p>Na lideran\u00e7a dos \u00f3rg\u00e3os sociais Lu\u00eds Febra ser\u00e1 acompanhado por figuras de destaque no tecido empresarial da regi\u00e3o: Catarina Vieira, da Movicortes, SA, que assumir\u00e1 a presid\u00eancia da Assembleia-geral, e Joaquim Paulo Concei\u00e7\u00e3o, do Grupo NOV, que presidir\u00e1 ao Conselho Fiscal.<\/p>\n<p>Os novos \u00f3rg\u00e3os sociais, eleitos a 12 de dezembro de 2024, tomaram posse de imediato ap\u00f3s a contagem dos votos, mas as fun\u00e7\u00f5es formais ter\u00e3o in\u00edcio no princ\u00edpio de 2025.<\/p>\n<p><strong>Diversidade e continuidade: os pilares da nova lideran\u00e7a<\/strong><\/p>\n<p>Na sua primeira interven\u00e7\u00e3o p\u00fablica, perante dezenas de Associados, Lu\u00eds Febra expressou gratid\u00e3o pela confian\u00e7a depositada pela Dire\u00e7\u00e3o cessante e pela dedica\u00e7\u00e3o dos colegas que aceitaram integrar a sua equipa. O novo presidente sublinhou o esfor\u00e7o em constituir uma lista que espelhasse a riqueza e a diversidade da regi\u00e3o de Leiria, incluindo empresas de diferentes setores e localiza\u00e7\u00f5es geogr\u00e1ficas, bem como uma representatividade equilibrada em termos de g\u00e9nero e idades.<\/p>\n<p>\u201cApesar de ser uma lista de continuidade, refletindo o excelente trabalho das anteriores Dire\u00e7\u00f5es, assumimos o compromisso de imprimir a nossa marca na lideran\u00e7a desta institui\u00e7\u00e3o. Queremos contribuir para uma regi\u00e3o mais ambiciosa, mais competitiva e mais unida,\u201d afirmou Lu\u00eds Febra, destacando a import\u00e2ncia de dar resposta aos desafios futuros com inova\u00e7\u00e3o e vis\u00e3o estrat\u00e9gica.<\/p>\n<p><strong>Uma vis\u00e3o para o futuro de Leiria<\/strong><\/p>\n<p>Com uma trajet\u00f3ria de reconhecimento e credibilidade alcan\u00e7ada ao longo dos anos, a NERLEI CCI enfrenta agora uma nova etapa sob a lideran\u00e7a de Lu\u00eds Febra. A promessa de continuidade aliada a uma vis\u00e3o renovada refor\u00e7a a confian\u00e7a no papel da Associa\u00e7\u00e3o como parceira estrat\u00e9gica para o desenvolvimento econ\u00f3mico e empresarial da regi\u00e3o.<\/p>\n<p><strong>Lista eleita para os \u00d3rg\u00e3os Sociais da NERLEI CCI para tri\u00e9nio 2025-27<\/strong><\/p>\n<p><strong><u>ASSEMBLEIA-GERAL<\/u><\/strong><\/p>\n<p><strong>Presidente<br \/>\n<\/strong>Empresa: Movicortes \u2013 Servi\u00e7os e Gest\u00e3o, SA<br \/>\nRepresentada por: Catarina Isabel Cunha Vieira<\/p>\n<p><strong>Vice-presidente<br \/>\n<\/strong>Entidade: Cefamol &#8211; Associa\u00e7\u00e3o Nacional da Ind\u00fastria de Moldes<br \/>\nRepresentada por: Jo\u00e3o Lu\u00eds Ferreira Faustino<\/p>\n<p><strong>Secret\u00e1rio<br \/>\n<\/strong>Empresa: Schaeffler Portugal, Unipessoal, Lda.<br \/>\nRepresentada por: Ant\u00f3nio Fernando Alves de Campos Ricciulli<\/p>\n<p><strong>Secret\u00e1rio Suplente<br \/>\n<\/strong>Empresa: Comsoftweb &#8211; Sistemas Inform\u00e1ticos, Unipessoal, Lda.<br \/>\nRepresentada por: Nicolau David das Neves Domingues<\/p>\n<p><strong><u>DIRE\u00c7\u00c3O<\/u><\/strong><\/p>\n<p><strong>Presidente<br \/>\n<\/strong>Empresa: Socem ED \u2013 Fabrica\u00e7\u00e3o, Engenharia e Desenvolvimento de Moldes, SA<br \/>\nRepresentada por: Lu\u00eds Francisco Febra<\/p>\n<p><strong>Vice-Presidente<br \/>\n<\/strong>Entidade: Instituto Polit\u00e9cnico de Leiria<br \/>\nRepresentado por: Carlos Manuel da Silva Rabad\u00e3o<\/p>\n<p><strong>Vice-Presidente<br \/>\n<\/strong>Empresa: Matcer\u00e2mica &#8211; Fabrico de Lou\u00e7a, SA<br \/>\nRepresentada por Marcelo Franco de Sousa<\/p>\n<p><strong>Vogal Efetivo<br \/>\n<\/strong>Empresa: PRF &#8211; G\u00e1s, Tecnologia e Constru\u00e7\u00e3o, SA<br \/>\nRepresentada por: Paulo Rui Cunha Ferreira<\/p>\n<p><strong>Vogal Efetivo<br \/>\n<\/strong>Empresa: Transfor Group, SA<br \/>\nRepresentada por: Tiago Ramiro de Oliveira Marto<\/p>\n<p><strong>Vogal Efetivo<br \/>\n<\/strong>Empresa: Respol &#8211; Resinas, SA<br \/>\nRepresentada por: Rui Pedro Lopes Brogueira<\/p>\n<p><strong>Vogal Efetivo<br \/>\n<\/strong>Empresa: Propec \u2013 Farmac\u00eautica, Lda.<br \/>\nRepresentada por: Maria Alexandra Moreira Padr\u00e3o Rodrigues de Freitas<\/p>\n<p><strong>Vogal Efetivo<br \/>\n<\/strong>Empresa: Tinturaria Ros\u00e1rios Quatro, Lda.<br \/>\nRepresentada por: Isolda Maria Carreira do Ros\u00e1rio<\/p>\n<p><strong>Vogal Efetivo<br \/>\n<\/strong>Empresa: Door Travel, Lda.<br \/>\nRepresentada por: Elisabete Gameiro Jo\u00e3o<\/p>\n<p><strong>Vogal Suplente<br \/>\n<\/strong>Empresa: Oliveiras, SA<br \/>\nRepresentante: Joana Filipa Louren\u00e7o da Silva Oliveira<\/p>\n<p><strong>Vogal Suplente<br \/>\n<\/strong>Empresa: Solancis \u2013 Sociedade Exploradora de Pedreiras, SA<br \/>\nRepresentada por: Samuel Costa Delgado<\/p>\n<p><strong><u>CONSELHO FISCAL<\/u><\/strong><\/p>\n<p><strong>Presidente<br \/>\n<\/strong>Empresa: NOV Autom\u00f3veis, SGPS, SA<br \/>\nRepresentada por: Joaquim Paulo Cordeiro da Concei\u00e7\u00e3o<\/p>\n<p><strong>Vice-Presidente<br \/>\n<\/strong>Empresa: Lusiaves &#8211; Ind\u00fastria e Com\u00e9rcio Agroalimentar, SA<br \/>\nRepresentada por: Gon\u00e7alo Jorge Gomes Silva<\/p>\n<p><strong>Vogal Efetivo<br \/>\n<\/strong>Empresa: DRT &#8211; Moldes e Pl\u00e1sticos, Lda<br \/>\nRepresentada por: S\u00f3nia Manuela Fazendeiro Duarte Calado<\/p>\n<p><strong>Vogal Suplente<br \/>\n<\/strong>Empresa: Caiado, SA<br \/>\nRepresentada por: In\u00eas Caiado Gaspar<\/p>\n","protected":false},"excerpt":{"rendered":"<p>Lu\u00eds Febra, representante da Socem ED \u2013 Fabrica\u00e7\u00e3o, Engenharia e Desenvolvimento de Moldes, SA, foi eleito presidente da Dire\u00e7\u00e3o da NERLEI CCI \u2013 Associa\u00e7\u00e3o Empresarial da Regi\u00e3o de Leiria\/C\u00e2mara de Com\u00e9rcio e Ind\u00fastria para o tri\u00e9nio 2025-2027. A elei\u00e7\u00e3o refor\u00e7a o compromisso da Associa\u00e7\u00e3o em consolidar a regi\u00e3o como um motor de inova\u00e7\u00e3o e crescimento [&hellip;]<\/p>\n","protected":false},"author":2,"featured_media":38183,"comment_status":"open","ping_status":"open","sticky":false,"template":"","format":"standard","meta":{"footnotes":""},"categories":[7],"tags":[],"class_list":["post-38178","post","type-post","status-publish","format-standard","has-post-thumbnail","hentry","category-economia"],"_links":{"self":[{"href":"https:\/\/tintafresca.net\/index.php\/wp-json\/wp\/v2\/posts\/38178","targetHints":{"allow":["GET"]}}],"collection":[{"href":"https:\/\/tintafresca.net\/index.php\/wp-json\/wp\/v2\/posts"}],"about":[{"href":"https:\/\/tintafresca.net\/index.php\/wp-json\/wp\/v2\/types\/post"}],"author":[{"embeddable":true,"href":"https:\/\/tintafresca.net\/index.php\/wp-json\/wp\/v2\/users\/2"}],"replies":[{"embeddable":true,"href":"https:\/\/tintafresca.net\/index.php\/wp-json\/wp\/v2\/comments?post=38178"}],"version-history":[{"count":6,"href":"https:\/\/tintafresca.net\/index.php\/wp-json\/wp\/v2\/posts\/38178\/revisions"}],"predecessor-version":[{"id":38186,"href":"https:\/\/tintafresca.net\/index.php\/wp-json\/wp\/v2\/posts\/38178\/revisions\/38186"}],"wp:featuredmedia":[{"embeddable":true,"href":"https:\/\/tintafresca.net\/index.php\/wp-json\/wp\/v2\/media\/38183"}],"wp:attachment":[{"href":"https:\/\/tintafresca.net\/index.php\/wp-json\/wp\/v2\/media?parent=38178"}],"wp:term":[{"taxonomy":"category","embeddable":true,"href":"https:\/\/tintafresca.net\/index.php\/wp-json\/wp\/v2\/categories?post=38178"},{"taxonomy":"post_tag","embeddable":true,"href":"https:\/\/tintafresca.net\/index.php\/wp-json\/wp\/v2\/tags?post=38178"}],"curies":[{"name":"wp","href":"https:\/\/api.w.org\/{rel}","templated":true}]}}