{"id":3818,"date":"2021-05-05T17:47:28","date_gmt":"2021-05-05T17:47:28","guid":{"rendered":"https:\/\/tintafresca.net\/?p=3818"},"modified":"2021-05-05T17:48:39","modified_gmt":"2021-05-05T17:48:39","slug":"politecnico-de-leiria-apresenta-exposicao-mae-nossa-e-alerta-para-a-necessidade-de-preservar-o-mundo-marinho-e-o-planeta","status":"publish","type":"post","link":"https:\/\/tintafresca.net\/index.php\/2021\/05\/05\/politecnico-de-leiria-apresenta-exposicao-mae-nossa-e-alerta-para-a-necessidade-de-preservar-o-mundo-marinho-e-o-planeta\/","title":{"rendered":"Polit\u00e9cnico de Leiria abre exposi\u00e7\u00e3o \u201cM\u00e3e Nossa\u201d e alerta para a necessidade de preservar o mundo marinho e o planeta"},"content":{"rendered":"<div id=\"attachment_3820\" style=\"width: 360px\" class=\"wp-caption alignleft\"><img loading=\"lazy\" decoding=\"async\" aria-describedby=\"caption-attachment-3820\" class=\"wp-image-3820\" src=\"https:\/\/tintafresca.net\/wp-content\/uploads\/2021\/05\/IPL_Mae_Nossa.jpg\" alt=\"\" width=\"350\" height=\"496\" \/><p id=\"caption-attachment-3820\" class=\"wp-caption-text\">Cartaz<\/p><\/div>\n<p>A Biblioteca da Escola Superior de Turismo e Tecnologia do Mar (ESTM) do Polit\u00e9cnico de Leiria, em Peniche, abre ao p\u00fablico esta quinta-feira, dia 6 de maio, a exposi\u00e7\u00e3o \u201cM\u00e3e Nossa\u201d, da autoria do bi\u00f3logo marinho e fot\u00f3grafo de conserva\u00e7\u00e3o Nuno Vasco Rodrigues, e da escritora Ana Filomena Amaral, que nos tr\u00eas romances da trilogia \u201cM\u00e3e Nossa\u201d expressa a sua preocupa\u00e7\u00e3o sobre o destino do planeta. A exposi\u00e7\u00e3o estar\u00e1 patente at\u00e9 dia 28 de maio.<\/p>\n<p>Atrav\u00e9s desta exposi\u00e7\u00e3o, composta por imagens do mundo marinho e textos do primeiro romance de Ana Filomena Amaral, \u201cO Diretor\u201d, pretende-se revelar a beleza que encerra o Oceano Atl\u00e2ntico e as amea\u00e7as que enfrenta devido \u00e0 a\u00e7\u00e3o do Homem, sendo este um contributo dos autores para despertar as consci\u00eancias e ajudar a mudar o paradigma da exist\u00eancia da Humanidade \u00e0 face da Terra, para que as gera\u00e7\u00f5es vindouras herdem um futuro digno.<\/p>\n<p>No dia 10 de maio, pelas 21h30, ser\u00e1 realizada uma apresenta\u00e7\u00e3o e visita guiada \u00e0 exposi\u00e7\u00e3o, onde se podem testemunhar os encontros que o mergulho do fot\u00f3grafo e bi\u00f3logo Nuno Vasco Rodrigues captou da vida subaqu\u00e1tica, com cada imagem a carregar a express\u00e3o de uma admira\u00e7\u00e3o profunda por cada ser. Iluminados pelos raios de luz que penetram a \u00e1gua, pretende-se levar o p\u00fablico a nutrir o sentido de conserva\u00e7\u00e3o e de reflex\u00e3o urgente no nosso tempo.<\/p>\n<p>Nuno Vasco Rodrigues licenciou-se em Biologia Marinha para poder estudar a vida marinha e tornou-se mergulhador para poder chegar mais perto desse mundo subaqu\u00e1tico que tanto o fascina. Quando estava a elaborar o seu primeiro livro, percebeu que podia usar a fotografia para partilhar as maravilhas subaqu\u00e1ticas, mas tamb\u00e9m as amea\u00e7as enfrentadas hoje em dia pelas esp\u00e9cies e ecossistemas marinhos. Atrav\u00e9s da fotografia, espera poder contribuir para a altera\u00e7\u00e3o de comportamentos necess\u00e1rios para uma redefini\u00e7\u00e3o do futuro comum no planeta azul.<\/p>\n<p>Ana Filomena Amaral dedica a trilogia \u201cM\u00e3e Nossa\u201d aos problemas ambientais na convic\u00e7\u00e3o de que a palavra \u00e9 uma arma e os que a usam devem com ela lutar por causas que achem ser determinantes para o bem da Humanidade, e do seu ber\u00e7o, a Terra. No primeiro livro da trilogia, \u201cO Diretor\u201d, o principal protagonista \u00e9 o mar e todos os males que lhe infligimos, sendo que o segundo, intitulado \u201cGelos\u201d, centra-se no \u00c1rtico e nos problemas do degelo. Por fim, a hist\u00f3ria do terceiro livro \u201cDesertos\u201d passa-se no Saara, com todos os dramas humanit\u00e1rios que ele encerra.<\/p>\n<p>Fonte: Midlandcom<\/p>\n","protected":false},"excerpt":{"rendered":"<p>A Biblioteca da Escola Superior de Turismo e Tecnologia do Mar (ESTM) do Polit\u00e9cnico de Leiria, em Peniche, abre ao p\u00fablico esta quinta-feira, dia 6 de maio, a exposi\u00e7\u00e3o \u201cM\u00e3e Nossa\u201d, da autoria do bi\u00f3logo marinho e fot\u00f3grafo de conserva\u00e7\u00e3o Nuno Vasco Rodrigues, e da escritora Ana Filomena Amaral, que nos tr\u00eas romances da trilogia [&hellip;]<\/p>\n","protected":false},"author":2,"featured_media":3821,"comment_status":"open","ping_status":"open","sticky":false,"template":"","format":"standard","meta":{"footnotes":""},"categories":[9,14],"tags":[],"class_list":["post-3818","post","type-post","status-publish","format-standard","has-post-thumbnail","hentry","category-ambiente","category-educacao"],"_links":{"self":[{"href":"https:\/\/tintafresca.net\/index.php\/wp-json\/wp\/v2\/posts\/3818","targetHints":{"allow":["GET"]}}],"collection":[{"href":"https:\/\/tintafresca.net\/index.php\/wp-json\/wp\/v2\/posts"}],"about":[{"href":"https:\/\/tintafresca.net\/index.php\/wp-json\/wp\/v2\/types\/post"}],"author":[{"embeddable":true,"href":"https:\/\/tintafresca.net\/index.php\/wp-json\/wp\/v2\/users\/2"}],"replies":[{"embeddable":true,"href":"https:\/\/tintafresca.net\/index.php\/wp-json\/wp\/v2\/comments?post=3818"}],"version-history":[{"count":4,"href":"https:\/\/tintafresca.net\/index.php\/wp-json\/wp\/v2\/posts\/3818\/revisions"}],"predecessor-version":[{"id":3824,"href":"https:\/\/tintafresca.net\/index.php\/wp-json\/wp\/v2\/posts\/3818\/revisions\/3824"}],"wp:featuredmedia":[{"embeddable":true,"href":"https:\/\/tintafresca.net\/index.php\/wp-json\/wp\/v2\/media\/3821"}],"wp:attachment":[{"href":"https:\/\/tintafresca.net\/index.php\/wp-json\/wp\/v2\/media?parent=3818"}],"wp:term":[{"taxonomy":"category","embeddable":true,"href":"https:\/\/tintafresca.net\/index.php\/wp-json\/wp\/v2\/categories?post=3818"},{"taxonomy":"post_tag","embeddable":true,"href":"https:\/\/tintafresca.net\/index.php\/wp-json\/wp\/v2\/tags?post=3818"}],"curies":[{"name":"wp","href":"https:\/\/api.w.org\/{rel}","templated":true}]}}