{"id":38201,"date":"2024-12-18T23:28:14","date_gmt":"2024-12-18T23:28:14","guid":{"rendered":"https:\/\/tintafresca.net\/?p=38201"},"modified":"2024-12-18T23:34:54","modified_gmt":"2024-12-18T23:34:54","slug":"municipio-das-caldas-da-rainha-estabelece-os-alicerces-para-o-posicionamento-estrategico-e-a-valorizacao-da-marca-caldas-da-rainha","status":"publish","type":"post","link":"https:\/\/tintafresca.net\/index.php\/2024\/12\/18\/municipio-das-caldas-da-rainha-estabelece-os-alicerces-para-o-posicionamento-estrategico-e-a-valorizacao-da-marca-caldas-da-rainha\/","title":{"rendered":"Munic\u00edpio das Caldas da Rainha inicia posicionamento estrat\u00e9gico e valoriza\u00e7\u00e3o da Marca Caldas da Rainha"},"content":{"rendered":"<div id=\"attachment_38203\" style=\"width: 510px\" class=\"wp-caption alignleft\"><img loading=\"lazy\" decoding=\"async\" aria-describedby=\"caption-attachment-38203\" class=\"wp-image-38203 size-full\" src=\"https:\/\/tintafresca.net\/wp-content\/uploads\/2024\/12\/Camara_Caldas20.jpg\" alt=\"\" width=\"500\" height=\"375\" srcset=\"https:\/\/tintafresca.net\/wp-content\/uploads\/2024\/12\/Camara_Caldas20.jpg 500w, https:\/\/tintafresca.net\/wp-content\/uploads\/2024\/12\/Camara_Caldas20-300x225.jpg 300w\" sizes=\"auto, (max-width: 500px) 100vw, 500px\" \/><p id=\"caption-attachment-38203\" class=\"wp-caption-text\">Pa\u00e7os do Concelho de Caldas da Rainha<\/p><\/div>\n<p>O Munic\u00edpio das Caldas da Rainha est\u00e1 a desenvolver um estudo de posicionamento estrat\u00e9gico e um plano de a\u00e7\u00e3o para a valoriza\u00e7\u00e3o da marca Caldas da Rainha, com o objetivo de consolidar a identidade e afirmar a competitividade do territ\u00f3rio no panorama nacional e internacional, assumindo o compromisso de estabelecer os alicerces para o futuro da Marca Caldas da Rainha.<\/p>\n<p>Visando ser um elemento fundamental para o posicionamento e afirma\u00e7\u00e3o de todo o territ\u00f3rio, o estudo valoriza a aproxima\u00e7\u00e3o entre os eixos rural e urbano do concelho e contempla um diagn\u00f3stico e uma an\u00e1lise profunda aos ativos end\u00f3genos das Caldas da Rainha, assente nas suas dimens\u00f5es culturais, sociais, econ\u00f3micas e ambientais. Este levantamento ser\u00e1 complementado por ferramentas de an\u00e1lise competitiva e benchmarking internacional, permitindo posicionar o territ\u00f3rio num contexto global e identificar as melhores pr\u00e1ticas aplic\u00e1veis.<\/p>\n<p>A metodologia integra, tamb\u00e9m, a realiza\u00e7\u00e3o de estudos de perce\u00e7\u00e3o, focus groups e workshops colaborativos com os principais stakeholders locais, assegurando um alinhamento estrat\u00e9gico entre os diferentes agentes e a inclus\u00e3o das perspetivas da comunidade.<\/p>\n<p>A elabora\u00e7\u00e3o deste documento estrat\u00e9gico, que conta com o apoio t\u00e9cnico da consultora CH Group e cuja apresenta\u00e7\u00e3o est\u00e1 prevista para o segundo semestre de 2025, inclui, ainda, a cria\u00e7\u00e3o de uma proposta de valor distintiva para a Marca Caldas da Rainha, com foco na valoriza\u00e7\u00e3o de setores como a cer\u00e2mica e o termalismo, ao mesmo tempo que se exploram \u00e1reas emergentes como o turismo cultural e criativo, o turismo ativo, a componente de congressos (MICE &#8211; Meeting, Incentive, Convention e Exhibition), o patrim\u00f3nio natural e a inova\u00e7\u00e3o rural.<\/p>\n<p>A distin\u00e7\u00e3o de Cidade Criativa da UNESCO \u00e9 encarada como um pilar fundamental para refor\u00e7ar a notoriedade internacional do territ\u00f3rio, sendo integrada numa narrativa abrangente de storytelling que reflete a autenticidade, a criatividade e o potencial transformador das Caldas da Rainha.<\/p>\n<p>Estruturado em eixos estrat\u00e9gicos de interven\u00e7\u00e3o, contemplando \u00e1reas como governance da marca, promo\u00e7\u00e3o tur\u00edstica, comunica\u00e7\u00e3o integrada, capacita\u00e7\u00e3o de agentes locais e atra\u00e7\u00e3o de investimento, o plano de a\u00e7\u00e3o em desenvolvimento prev\u00ea ainda a defini\u00e7\u00e3o de um sistema consolidado de indicadores de monitoriza\u00e7\u00e3o e avalia\u00e7\u00e3o de impacto, assegurando a sustentabilidade e efic\u00e1cia da implementa\u00e7\u00e3o ao longo do tempo.<\/p>\n<p>O presidente da C\u00e2mara Municipal das Caldas da Rainha, V\u00edtor Marques, afirma que \u201ceste projeto se configura, assim, como uma iniciativa diferenciadora que visa n\u00e3o s\u00f3 posicionar as Caldas da Rainha como uma refer\u00eancia nacional e internacional, mas tamb\u00e9m estabelecer um modelo de desenvolvimento territorial capaz de catalisar um crescimento equilibrado e sustent\u00e1vel, beneficiando a comunidade local e projetando o territ\u00f3rio no futuro\u201d.<\/p>\n<p><strong>\u00a0 \u00a0 \u00a0Fonte: MC|UDM|CMCR<\/strong><\/p>\n","protected":false},"excerpt":{"rendered":"<p>O Munic\u00edpio das Caldas da Rainha est\u00e1 a desenvolver um estudo de posicionamento estrat\u00e9gico e um plano de a\u00e7\u00e3o para a valoriza\u00e7\u00e3o da marca Caldas da Rainha, com o objetivo de consolidar a identidade e afirmar a competitividade do territ\u00f3rio no panorama nacional e internacional, assumindo o compromisso de estabelecer os alicerces para o futuro [&hellip;]<\/p>\n","protected":false},"author":2,"featured_media":38204,"comment_status":"open","ping_status":"open","sticky":false,"template":"","format":"standard","meta":{"footnotes":""},"categories":[7],"tags":[],"class_list":["post-38201","post","type-post","status-publish","format-standard","has-post-thumbnail","hentry","category-economia"],"_links":{"self":[{"href":"https:\/\/tintafresca.net\/index.php\/wp-json\/wp\/v2\/posts\/38201","targetHints":{"allow":["GET"]}}],"collection":[{"href":"https:\/\/tintafresca.net\/index.php\/wp-json\/wp\/v2\/posts"}],"about":[{"href":"https:\/\/tintafresca.net\/index.php\/wp-json\/wp\/v2\/types\/post"}],"author":[{"embeddable":true,"href":"https:\/\/tintafresca.net\/index.php\/wp-json\/wp\/v2\/users\/2"}],"replies":[{"embeddable":true,"href":"https:\/\/tintafresca.net\/index.php\/wp-json\/wp\/v2\/comments?post=38201"}],"version-history":[{"count":3,"href":"https:\/\/tintafresca.net\/index.php\/wp-json\/wp\/v2\/posts\/38201\/revisions"}],"predecessor-version":[{"id":38206,"href":"https:\/\/tintafresca.net\/index.php\/wp-json\/wp\/v2\/posts\/38201\/revisions\/38206"}],"wp:featuredmedia":[{"embeddable":true,"href":"https:\/\/tintafresca.net\/index.php\/wp-json\/wp\/v2\/media\/38204"}],"wp:attachment":[{"href":"https:\/\/tintafresca.net\/index.php\/wp-json\/wp\/v2\/media?parent=38201"}],"wp:term":[{"taxonomy":"category","embeddable":true,"href":"https:\/\/tintafresca.net\/index.php\/wp-json\/wp\/v2\/categories?post=38201"},{"taxonomy":"post_tag","embeddable":true,"href":"https:\/\/tintafresca.net\/index.php\/wp-json\/wp\/v2\/tags?post=38201"}],"curies":[{"name":"wp","href":"https:\/\/api.w.org\/{rel}","templated":true}]}}