{"id":38225,"date":"2024-12-20T22:54:06","date_gmt":"2024-12-20T22:54:06","guid":{"rendered":"https:\/\/tintafresca.net\/?p=38225"},"modified":"2024-12-21T00:46:34","modified_gmt":"2024-12-21T00:46:34","slug":"cimrl-critica-a-suspensao-da-eletrificacao-do-troco-caldas-lourical-da-linha-do-oeste","status":"publish","type":"post","link":"https:\/\/tintafresca.net\/index.php\/2024\/12\/20\/cimrl-critica-a-suspensao-da-eletrificacao-do-troco-caldas-lourical-da-linha-do-oeste\/","title":{"rendered":"CIMRL critica a suspens\u00e3o da eletrifica\u00e7\u00e3o do tro\u00e7o Caldas &#8211; Louri\u00e7al da Linha do Oeste"},"content":{"rendered":"<div id=\"attachment_33877\" style=\"width: 510px\" class=\"wp-caption alignleft\"><img loading=\"lazy\" decoding=\"async\" aria-describedby=\"caption-attachment-33877\" class=\"wp-image-33877 size-full\" src=\"https:\/\/tintafresca.net\/wp-content\/uploads\/2024\/02\/Leiria_Estacao20.jpg\" alt=\"\" width=\"500\" height=\"375\" srcset=\"https:\/\/tintafresca.net\/wp-content\/uploads\/2024\/02\/Leiria_Estacao20.jpg 500w, https:\/\/tintafresca.net\/wp-content\/uploads\/2024\/02\/Leiria_Estacao20-300x225.jpg 300w\" sizes=\"auto, (max-width: 500px) 100vw, 500px\" \/><p id=\"caption-attachment-33877\" class=\"wp-caption-text\">Esta\u00e7\u00e3o Ferrovi\u00e1ria de Leiria<\/p><\/div>\n<p>A Assembleia Intermunicipal da Comunidade Intermunicipal da Regi\u00e3o de Leiria (CIM Regi\u00e3o de Leiria), na sua sess\u00e3o de 18 de dezembro de 2024, aprovou, por unanimidade, um voto de protesto relativo \u00e0 inten\u00e7\u00e3o da Infraestruturas de Portugal, S.A. (IP) de reafectar a dota\u00e7\u00e3o de 66 milh\u00f5es de euros prevista no Programa Regional do Centro 2030, destinada a financiar o projeto de moderniza\u00e7\u00e3o e eletrifica\u00e7\u00e3o do tro\u00e7o Caldas da Rainha \u2013 Louri\u00e7al, da Linha do Oeste.<\/p>\n<p>Esta proposta de reprograma\u00e7\u00e3o da verba foi apresentada na reuni\u00e3o do Comit\u00e9 de Acompanhamento do Programa Regional do Centro 2030, realizada a 9 de dezembro, em Albergaria-a-Velha.<\/p>\n<p>Esta decis\u00e3o, que exige uma altera\u00e7\u00e3o ao Programa Regional do Centro \u2013 Centro 2030, a submeter \u00e0 aprecia\u00e7\u00e3o do Governo e \u00e0 aprova\u00e7\u00e3o da Comiss\u00e3o Europeia, fundamenta-se nos atrasos na execu\u00e7\u00e3o das diferentes empreitadas e, particularmente, na total aus\u00eancia de execu\u00e7\u00e3o do Concurso P\u00fablico aberto a 12 de fevereiro de 2024, para a Aquisi\u00e7\u00e3o de Servi\u00e7os para elabora\u00e7\u00e3o do Projeto de Execu\u00e7\u00e3o &#8220;Linha do Oeste &#8211; Eletrifica\u00e7\u00e3o e Moderniza\u00e7\u00e3o do Tro\u00e7o Caldas da Rainha\/Louri\u00e7al&#8221;.<\/p>\n<p>Os autarcas, no protesto aprovado, recordam que, em todo este processo, para al\u00e9m da\u00a0incompet\u00eancia da gest\u00e3o da concession\u00e1ria p\u00fablica Infraestruturas de Portugal, S.A. (IP), alega-se agora que n\u00e3o ser\u00e1 poss\u00edvel concluir o projeto de moderniza\u00e7\u00e3o do tro\u00e7o Caldas da Rainha \u2013 Louri\u00e7al, da Linha do Oeste, at\u00e9 ao final da execu\u00e7\u00e3o do Portugal 2030, ou seja, at\u00e9 ao final de 2029.<\/p>\n<p>Defendem, por isso, que esta decis\u00e3o \u00e9 incompreens\u00edvel, inaceit\u00e1vel e ilegal, porquanto prolonga por mais uma d\u00e9cada a impossibilidade de acesso \u00e0 mobilidade ferrovi\u00e1ria nos territ\u00f3rios servidos pela Linha do Oeste, em particular na regi\u00e3o de Leiria e no Oeste.<\/p>\n<p>Em consequ\u00eancia, a Assembleia Intermunicipal da CIM Regi\u00e3o de Leiria determina que seja apresentada, junto da Autoridade de Gest\u00e3o do Centro 2030, da Comiss\u00e3o Interministerial de Coordena\u00e7\u00e3o do Portugal 2030, da Comiss\u00e3o Europeia e do Tribunal de Justi\u00e7a da Uni\u00e3o Europeia, uma participa\u00e7\u00e3o relativa ao incumprimento dos pressupostos de coes\u00e3o, transpar\u00eancia, efic\u00e1cia e efici\u00eancia consagrados na regulamenta\u00e7\u00e3o europeia, designadamente os previstos no Regime Geral de Aplica\u00e7\u00e3o dos Fundos Europeus do Portugal 2030.<\/p>\n<p>Na mesma sess\u00e3o, foi igualmente apresentado o \u201cPasse Gratuito da Regi\u00e3o de Leiria (RL)\u201d e aprovada a redu\u00e7\u00e3o do passe intermunicipal e inter-regional para um valor at\u00e9 30 euros, inferior ao praticado na Comunidade Intermunicipal do Oeste e nas viagens com outras comunidades vizinhas.<\/p>\n<p>A Assembleia Intermunicipal da CIM Regi\u00e3o de Leiria aprovou ainda, por unanimidade, o or\u00e7amento da Comunidade Intermunicipal da Regi\u00e3o de Leiria (CIMRL) para 2025, no montante de 24 milh\u00f5es de euros, mais 11,1 milh\u00f5es do que o valor de 2024, concretizando v\u00e1rios projetos intermunicipais e de redes europeias com a participa\u00e7\u00e3o dos 10 munic\u00edpios da regi\u00e3o: Alvai\u00e1zere, Ansi\u00e3o, Batalha, Castanheira de Pera, Figueir\u00f3 dos Vinhos, Leiria, Marinha Grande, Pedr\u00f3g\u00e3o Grande, Pombal e Porto de M\u00f3s.<\/p>\n","protected":false},"excerpt":{"rendered":"<p>A Assembleia Intermunicipal da Comunidade Intermunicipal da Regi\u00e3o de Leiria (CIM Regi\u00e3o de Leiria), na sua sess\u00e3o de 18 de dezembro de 2024, aprovou, por unanimidade, um voto de protesto relativo \u00e0 inten\u00e7\u00e3o da Infraestruturas de Portugal, S.A. (IP) de reafectar a dota\u00e7\u00e3o de 66 milh\u00f5es de euros prevista no Programa Regional do Centro 2030, [&hellip;]<\/p>\n","protected":false},"author":2,"featured_media":33879,"comment_status":"open","ping_status":"open","sticky":false,"template":"","format":"standard","meta":{"footnotes":""},"categories":[7],"tags":[],"class_list":["post-38225","post","type-post","status-publish","format-standard","has-post-thumbnail","hentry","category-economia"],"_links":{"self":[{"href":"https:\/\/tintafresca.net\/index.php\/wp-json\/wp\/v2\/posts\/38225","targetHints":{"allow":["GET"]}}],"collection":[{"href":"https:\/\/tintafresca.net\/index.php\/wp-json\/wp\/v2\/posts"}],"about":[{"href":"https:\/\/tintafresca.net\/index.php\/wp-json\/wp\/v2\/types\/post"}],"author":[{"embeddable":true,"href":"https:\/\/tintafresca.net\/index.php\/wp-json\/wp\/v2\/users\/2"}],"replies":[{"embeddable":true,"href":"https:\/\/tintafresca.net\/index.php\/wp-json\/wp\/v2\/comments?post=38225"}],"version-history":[{"count":3,"href":"https:\/\/tintafresca.net\/index.php\/wp-json\/wp\/v2\/posts\/38225\/revisions"}],"predecessor-version":[{"id":38236,"href":"https:\/\/tintafresca.net\/index.php\/wp-json\/wp\/v2\/posts\/38225\/revisions\/38236"}],"wp:featuredmedia":[{"embeddable":true,"href":"https:\/\/tintafresca.net\/index.php\/wp-json\/wp\/v2\/media\/33879"}],"wp:attachment":[{"href":"https:\/\/tintafresca.net\/index.php\/wp-json\/wp\/v2\/media?parent=38225"}],"wp:term":[{"taxonomy":"category","embeddable":true,"href":"https:\/\/tintafresca.net\/index.php\/wp-json\/wp\/v2\/categories?post=38225"},{"taxonomy":"post_tag","embeddable":true,"href":"https:\/\/tintafresca.net\/index.php\/wp-json\/wp\/v2\/tags?post=38225"}],"curies":[{"name":"wp","href":"https:\/\/api.w.org\/{rel}","templated":true}]}}