{"id":38246,"date":"2024-12-22T01:54:45","date_gmt":"2024-12-22T01:54:45","guid":{"rendered":"https:\/\/tintafresca.net\/?p=38246"},"modified":"2024-12-22T02:00:33","modified_gmt":"2024-12-22T02:00:33","slug":"uls-leziria-investe-27-milhoes-de-euros-na-renovacao-do-servico-de-anatomia-patologica","status":"publish","type":"post","link":"https:\/\/tintafresca.net\/index.php\/2024\/12\/22\/uls-leziria-investe-27-milhoes-de-euros-na-renovacao-do-servico-de-anatomia-patologica\/","title":{"rendered":"ULS Lez\u00edria investe 2,7 milh\u00f5es de euros na renova\u00e7\u00e3o do Servi\u00e7o de Anatomia Patol\u00f3gica"},"content":{"rendered":"<div id=\"attachment_38248\" style=\"width: 510px\" class=\"wp-caption alignleft\"><img loading=\"lazy\" decoding=\"async\" aria-describedby=\"caption-attachment-38248\" class=\"wp-image-38248 size-full\" src=\"https:\/\/tintafresca.net\/wp-content\/uploads\/2024\/12\/Santarem_ULS_Leziria10.jpg\" alt=\"\" width=\"500\" height=\"333\" srcset=\"https:\/\/tintafresca.net\/wp-content\/uploads\/2024\/12\/Santarem_ULS_Leziria10.jpg 500w, https:\/\/tintafresca.net\/wp-content\/uploads\/2024\/12\/Santarem_ULS_Leziria10-300x200.jpg 300w\" sizes=\"auto, (max-width: 500px) 100vw, 500px\" \/><p id=\"caption-attachment-38248\" class=\"wp-caption-text\">Pedro Ribeiro, Isabel Andrade, Cristina Vaz Tom\u00e9, Tatiana Silvestre e Jo\u00e3o Teixeira Leite<\/p><\/div>\n<p>A Unidade Local de Sa\u00fade (ULS) da Lez\u00edria inaugurou esta sexta-feira, 20 de dezembro, na presen\u00e7a da secret\u00e1ria de Estado da Gest\u00e3o da Sa\u00fade, Cristina Vaz Tom\u00e9, o renovado Servi\u00e7o de Anatomia Patol\u00f3gica, um marco relevante para a sa\u00fade da regi\u00e3o, concretizado atrav\u00e9s de um investimento de 2.741.634,09 euros.<\/p>\n<p>Na cerim\u00f3nia de inaugura\u00e7\u00e3o, que decorreu no Audit\u00f3rio do Hospital Distrital de Santar\u00e9m (HDS), Tatiana Silvestre, presidente do Conselho de Administra\u00e7\u00e3o da ULS Lez\u00edria, destacou a import\u00e2ncia da requalifica\u00e7\u00e3o e amplia\u00e7\u00e3o do servi\u00e7o, \u00fanico no distrito de Santar\u00e9m. \u201cCom esta interven\u00e7\u00e3o, o Servi\u00e7o de Anatomia Patol\u00f3gica ver\u00e1 refor\u00e7ada a sua capacidade de diagn\u00f3stico, oferecendo maior rapidez e precis\u00e3o, especialmente em casos oncol\u00f3gicos,\u201d sublinhou a presidente.<\/p>\n<p>A presidente do Conselho de Administra\u00e7\u00e3o anunciou ainda que ap\u00f3s as negocia\u00e7\u00f5es com o Minist\u00e9rio da Justi\u00e7a e a subsequente aprova\u00e7\u00e3o, foi j\u00e1 assinado o protocolo de colabora\u00e7\u00e3o para que o Instituto Nacional de Medicina Legal possa iniciar em janeiro de 2025 o seu trabalho nas instala\u00e7\u00f5es agora inauguradas.<\/p>\n<p>O financiamento do projeto foi garantido principalmente pelo Programa Portugal 2020, com um montante de 2.299.893,43 euros, complementado por uma parceria com o Instituto Nacional de Medicina Legal, no valor de 265.680,00 euros, e fundos pr\u00f3prios da ULS Lez\u00edria, que somam 176.060,65 euros.<\/p>\n<p>Tatiana Silvestre tamb\u00e9m aproveitou para refor\u00e7ar o compromisso da ULS Lez\u00edria com a melhoria cont\u00ednua dos servi\u00e7os prestados \u00e0 popula\u00e7\u00e3o, destacando que a institui\u00e7\u00e3o atende atualmente cerca de 190 mil utentes e conta com uma rede abrangente composta por um hospital, uma unidade de sa\u00fade p\u00fablica, 15 Unidades de Sa\u00fade Familiar (USF), sete Unidades de Cuidados na Comunidade e cinco Unidades de Cuidados de Sa\u00fade Personalizados. Em 2025, est\u00e1 prevista a cria\u00e7\u00e3o de mais duas USF para ampliar a capacidade de resposta \u00e0 popula\u00e7\u00e3o. \u00b4<\/p>\n<p>A presidente sublinhou ainda a necessidade de novos investimentos em \u00e1reas cruciais, como o Servi\u00e7o Farmac\u00eautico, a constru\u00e7\u00e3o de uma nova Unidade de Cuidados Intensivos e a cria\u00e7\u00e3o de instala\u00e7\u00f5es para os hospitais de dia, metas que est\u00e3o integradas no Plano de Desenvolvimento Organizacional 2025-2027.<\/p>\n<p>Seguiu-se a interven\u00e7\u00e3o de Isabel Andrade, diretora do Servi\u00e7o de Anatomia Patol\u00f3gico, que recordou a hist\u00f3ria do servi\u00e7o, efetuando uma retrospetiva da sua evolu\u00e7\u00e3o desde 1989, ano em que foi criado at\u00e9 ao momento, real\u00e7ando dos principais marcos ao longo dos anos.<\/p>\n<p>A diretora do Servi\u00e7o de Anatomia Patol\u00f3gica da ULS Lez\u00edria real\u00e7ou a import\u00e2ncia crucial do servi\u00e7o para diversas especialidades m\u00e9dicas, sublinhando o seu papel no fornecimento de<\/p>\n<p>informa\u00e7\u00f5es sobre fatores progn\u00f3sticos e preditivos de resposta terap\u00eautica, especialmente no \u00e2mbito das doen\u00e7as oncol\u00f3gicas. Segundo referiu, o m\u00e9dico anatomopatologista desempenha um papel central ao definir o diagn\u00f3stico, permitindo que \u201ca restante equipa m\u00e9dica desenvolva um plano terap\u00eautico adequado\u201d.<\/p>\n<p>Segundo Isabel Andrade, em 2023, o Servi\u00e7o de Anatomia Patol\u00f3gica ajudou a detetar 1.308 novos casos de cancro, entre os quais 209 cancros da mama, 173 do tubo digestivo, 119 da pr\u00f3stata, 72 do colo \u00fatero e 66 do pulm\u00e3o.<\/p>\n<p>O evento contou tamb\u00e9m com a participa\u00e7\u00e3o de Jo\u00e3o Teixeira Leite, presidente da C\u00e2mara de Santar\u00e9m, que refor\u00e7ou a necessidade de uma maior dota\u00e7\u00e3o de recursos \u00e0s ULS, tendo salientado tamb\u00e9m que \u201ca sa\u00fade \u00e9 um pilar fundamental na a\u00e7\u00e3o da C\u00e2mara Municipal de Santar\u00e9m\u201d.<\/p>\n<p>Pedro Ribeiro, presidente da Comunidade Intermunicipal da Lez\u00edria do Tejo e da C\u00e2mara Municipal de Almeirim, defendeu uma maior liga\u00e7\u00e3o entre o ensino e a sa\u00fade na regi\u00e3o, com a possibilidade de abrir cursos de medicina.<\/p>\n<p>Na sua interven\u00e7\u00e3o, Cristina Vaz Tom\u00e9, secret\u00e1ria de Estado da Gest\u00e3o da Sa\u00fade, anunciou que em 2025 o Governo ir\u00e1 lan\u00e7ar um procedimento para 350 vagas de assistentes graduados seniores, com o objetivo de atenuar a car\u00eancia de m\u00e9dicos no pa\u00eds. A governante tamb\u00e9m destacou a reprograma\u00e7\u00e3o do PRR, que permitir\u00e1 a moderniza\u00e7\u00e3o e aquisi\u00e7\u00e3o de novos equipamentos para as ULS.<\/p>\n<p>Seguiu-se uma visita \u00e0s instala\u00e7\u00f5es do Servi\u00e7o de Anatomia Patol\u00f3gica e Gabinete M\u00e9dico-Legal.<\/p>\n<p>A cerim\u00f3nia contou ainda com a presen\u00e7a de v\u00e1rias entidades regionais e nacionais, incluindo representantes do Instituto Nacional de Medicina Legal e Ci\u00eancias Forenses (INMLCF), da Comiss\u00e3o Diretiva do Programa Regional Alentejo 2030, da Escola Superior de Sa\u00fade de Santar\u00e9m, do Conselho Consultivo do HDS, e de autarcas da \u00e1rea da influ\u00eancia da ULS Lez\u00edria.<\/p>\n<p><strong>\u00a0 \u00a0 \u00a0Fonte: GCI|ULS da Lez\u00edria<\/strong><\/p>\n","protected":false},"excerpt":{"rendered":"<p>A Unidade Local de Sa\u00fade (ULS) da Lez\u00edria inaugurou esta sexta-feira, 20 de dezembro, na presen\u00e7a da secret\u00e1ria de Estado da Gest\u00e3o da Sa\u00fade, Cristina Vaz Tom\u00e9, o renovado Servi\u00e7o de Anatomia Patol\u00f3gica, um marco relevante para a sa\u00fade da regi\u00e3o, concretizado atrav\u00e9s de um investimento de 2.741.634,09 euros. Na cerim\u00f3nia de inaugura\u00e7\u00e3o, que decorreu [&hellip;]<\/p>\n","protected":false},"author":2,"featured_media":38249,"comment_status":"open","ping_status":"open","sticky":false,"template":"","format":"standard","meta":{"footnotes":""},"categories":[6],"tags":[],"class_list":["post-38246","post","type-post","status-publish","format-standard","has-post-thumbnail","hentry","category-saude"],"_links":{"self":[{"href":"https:\/\/tintafresca.net\/index.php\/wp-json\/wp\/v2\/posts\/38246","targetHints":{"allow":["GET"]}}],"collection":[{"href":"https:\/\/tintafresca.net\/index.php\/wp-json\/wp\/v2\/posts"}],"about":[{"href":"https:\/\/tintafresca.net\/index.php\/wp-json\/wp\/v2\/types\/post"}],"author":[{"embeddable":true,"href":"https:\/\/tintafresca.net\/index.php\/wp-json\/wp\/v2\/users\/2"}],"replies":[{"embeddable":true,"href":"https:\/\/tintafresca.net\/index.php\/wp-json\/wp\/v2\/comments?post=38246"}],"version-history":[{"count":2,"href":"https:\/\/tintafresca.net\/index.php\/wp-json\/wp\/v2\/posts\/38246\/revisions"}],"predecessor-version":[{"id":38250,"href":"https:\/\/tintafresca.net\/index.php\/wp-json\/wp\/v2\/posts\/38246\/revisions\/38250"}],"wp:featuredmedia":[{"embeddable":true,"href":"https:\/\/tintafresca.net\/index.php\/wp-json\/wp\/v2\/media\/38249"}],"wp:attachment":[{"href":"https:\/\/tintafresca.net\/index.php\/wp-json\/wp\/v2\/media?parent=38246"}],"wp:term":[{"taxonomy":"category","embeddable":true,"href":"https:\/\/tintafresca.net\/index.php\/wp-json\/wp\/v2\/categories?post=38246"},{"taxonomy":"post_tag","embeddable":true,"href":"https:\/\/tintafresca.net\/index.php\/wp-json\/wp\/v2\/tags?post=38246"}],"curies":[{"name":"wp","href":"https:\/\/api.w.org\/{rel}","templated":true}]}}