{"id":38265,"date":"2024-12-23T00:43:50","date_gmt":"2024-12-23T00:43:50","guid":{"rendered":"https:\/\/tintafresca.net\/?p=38265"},"modified":"2024-12-23T00:52:14","modified_gmt":"2024-12-23T00:52:14","slug":"camara-lanca-concursos-para-ampliacao-das-areas-de-acolhimento-empresarial-de-ourem-e-de-caxarias-urqueira","status":"publish","type":"post","link":"https:\/\/tintafresca.net\/index.php\/2024\/12\/23\/camara-lanca-concursos-para-ampliacao-das-areas-de-acolhimento-empresarial-de-ourem-e-de-caxarias-urqueira\/","title":{"rendered":"C\u00e2mara lan\u00e7a concursos para amplia\u00e7\u00e3o das \u00c1reas de Acolhimento Empresarial de Our\u00e9m e de Caxarias\/Urqueira"},"content":{"rendered":"<div id=\"attachment_38267\" style=\"width: 510px\" class=\"wp-caption alignleft\"><img loading=\"lazy\" decoding=\"async\" aria-describedby=\"caption-attachment-38267\" class=\"wp-image-38267 size-full\" src=\"https:\/\/tintafresca.net\/wp-content\/uploads\/2024\/12\/Ourem_area_empresarial10.jpg\" alt=\"\" width=\"500\" height=\"281\" srcset=\"https:\/\/tintafresca.net\/wp-content\/uploads\/2024\/12\/Ourem_area_empresarial10.jpg 500w, https:\/\/tintafresca.net\/wp-content\/uploads\/2024\/12\/Ourem_area_empresarial10-300x169.jpg 300w\" sizes=\"auto, (max-width: 500px) 100vw, 500px\" \/><p id=\"caption-attachment-38267\" class=\"wp-caption-text\">\u00c1rea de Acolhimento Empresarial de Our\u00e9m<\/p><\/div>\n<p>A C\u00e2mara Municipal de Our\u00e9m deliberou, na reuni\u00e3o de 16 de dezembro, lan\u00e7ar o concurso p\u00fablico para a amplia\u00e7\u00e3o da \u00c1rea de Acolhimento Empresarial de Caxarias\/Urqueira.<\/p>\n<p>O projeto prev\u00ea a cria\u00e7\u00e3o de 18 lotes destinados a ind\u00fastria e usos complementares, numa \u00e1rea total de 74.435 m\u00b2, incluindo espa\u00e7os verdes, equipamentos de apoio e infraestruturas vi\u00e1rias.<\/p>\n<p>A proposta visa criar condi\u00e7\u00f5es para que mais empresas se possam implantar na regi\u00e3o, aproveitando a localiza\u00e7\u00e3o estrat\u00e9gica desta \u00e1rea industrial. Al\u00e9m dos lotes industriais, est\u00e1 prevista a cria\u00e7\u00e3o de dois lotes de ced\u00eancia para espa\u00e7os verdes e equipamentos p\u00fablicos, contribuindo para a valoriza\u00e7\u00e3o do territ\u00f3rio e o apoio \u00e0s atividades empresariais.<\/p>\n<p>Com um tra\u00e7ado pensado para manter a topografia natural do terreno, a amplia\u00e7\u00e3o inclui a regulariza\u00e7\u00e3o e alargamento de arruamentos, passeios, \u00e1reas de estacionamento e zonas arborizadas, de forma a melhorar a funcionalidade e o enquadramento paisag\u00edstico da \u00e1rea. Destaque ainda para a cria\u00e7\u00e3o de 99 lugares de estacionamento para ve\u00edculos ligeiros e 7 lugares para pesados, incluindo espa\u00e7os dedicados a carregamento el\u00e9trico.<\/p>\n<p><strong>Munic\u00edpio vai requalificar e ampliar \u00c1rea de Acolhimento Empresarial de Our\u00e9m<\/strong><\/p>\n<p>A C\u00e2mara Municipal de Our\u00e9m aprovou na reuni\u00e3o do dia 16 de dezembro a abertura de um concurso p\u00fablico para elabora\u00e7\u00e3o de um projeto de requalifica\u00e7\u00e3o, amplia\u00e7\u00e3o e moderniza\u00e7\u00e3o da \u00c1rea de Acolhimento Empresarial de Our\u00e9m. A denominada Zona Industrial de Our\u00e9m\/Casal dos Frades tem sofrido v\u00e1rios melhoramentos nos \u00faltimos anos, mas com este projeto a autarquia pretende refor\u00e7ar a preponder\u00e2ncia desta infraestrutura, afirmando a sua atualidade e competitividade no contexto econ\u00f3mico regional.<\/p>\n<p>O projeto de requalifica\u00e7\u00e3o, amplia\u00e7\u00e3o e moderniza\u00e7\u00e3o da \u00c1rea de Acolhimento Empresarial de Our\u00e9m pretende promover a atratividade empresarial da infraestrutura, atrav\u00e9s do refor\u00e7o da fixa\u00e7\u00e3o de novas iniciativas empresariais e da melhoria das condi\u00e7\u00f5es oferecidas \u00e0s j\u00e1 existentes.<\/p>\n<p>Para atingir este desiderato, o projeto dever\u00e1 contemplar solu\u00e7\u00f5es pr\u00f3prias de \u00e1reas de acolhimento de nova gera\u00e7\u00e3o, com a instala\u00e7\u00e3o de solu\u00e7\u00f5es de autoprodu\u00e7\u00e3o de energia renov\u00e1vel, ilhas de qualidade energ\u00e9tica, estruturas de carregamento de viaturas el\u00e9tricas e abastecimento a hidrog\u00e9nio, um refor\u00e7o da cobertura de internet de banda larga r\u00e1pida e a implementa\u00e7\u00e3o de medidas de preven\u00e7\u00e3o e prote\u00e7\u00e3o contra inc\u00eandios.<\/p>\n<p>A interven\u00e7\u00e3o vai tamb\u00e9m incidir na reabilita\u00e7\u00e3o da antiga Quinta a\u00ed existente, para constru\u00e7\u00e3o da nova sede da \u00c1rea Empresarial. Neste \u00e2mbito, dever\u00e1 ser mantida a tra\u00e7a do edif\u00edcio existente e constitu\u00eddas salas de reuni\u00f5es, gabinetes de administra\u00e7\u00e3o e secretariado, bastidores inform\u00e1ticos, instala\u00e7\u00f5es sanit\u00e1rias, arquivos e arrecada\u00e7\u00f5es, al\u00e9m da constru\u00e7\u00e3o de um novo edif\u00edcio comunicante com o existente onde ser\u00e3o instaladas salas para incuba\u00e7\u00e3o de empresas e coworking. Por fim, o projeto dever\u00e1 prever a amplia\u00e7\u00e3o do parque empresarial para poente para disponibiliza\u00e7\u00e3o de novos lotes.<\/p>\n<p>O concurso p\u00fablico referente \u00e0 requalifica\u00e7\u00e3o, amplia\u00e7\u00e3o e moderniza\u00e7\u00e3o da \u00c1rea de Acolhimento Empresarial de Our\u00e9m determina um prazo de execu\u00e7\u00e3o de 150 dias, com um pre\u00e7o base total de 74.900\u20ac, excluindo o IVA.<\/p>\n<p><strong>\u00a0 \u00a0 Fonte: LC|GIC|CMO<\/strong><\/p>\n","protected":false},"excerpt":{"rendered":"<p>A C\u00e2mara Municipal de Our\u00e9m deliberou, na reuni\u00e3o de 16 de dezembro, lan\u00e7ar o concurso p\u00fablico para a amplia\u00e7\u00e3o da \u00c1rea de Acolhimento Empresarial de Caxarias\/Urqueira. O projeto prev\u00ea a cria\u00e7\u00e3o de 18 lotes destinados a ind\u00fastria e usos complementares, numa \u00e1rea total de 74.435 m\u00b2, incluindo espa\u00e7os verdes, equipamentos de apoio e infraestruturas vi\u00e1rias. [&hellip;]<\/p>\n","protected":false},"author":2,"featured_media":38269,"comment_status":"open","ping_status":"open","sticky":false,"template":"","format":"standard","meta":{"footnotes":""},"categories":[7],"tags":[],"class_list":["post-38265","post","type-post","status-publish","format-standard","has-post-thumbnail","hentry","category-economia"],"_links":{"self":[{"href":"https:\/\/tintafresca.net\/index.php\/wp-json\/wp\/v2\/posts\/38265","targetHints":{"allow":["GET"]}}],"collection":[{"href":"https:\/\/tintafresca.net\/index.php\/wp-json\/wp\/v2\/posts"}],"about":[{"href":"https:\/\/tintafresca.net\/index.php\/wp-json\/wp\/v2\/types\/post"}],"author":[{"embeddable":true,"href":"https:\/\/tintafresca.net\/index.php\/wp-json\/wp\/v2\/users\/2"}],"replies":[{"embeddable":true,"href":"https:\/\/tintafresca.net\/index.php\/wp-json\/wp\/v2\/comments?post=38265"}],"version-history":[{"count":3,"href":"https:\/\/tintafresca.net\/index.php\/wp-json\/wp\/v2\/posts\/38265\/revisions"}],"predecessor-version":[{"id":38270,"href":"https:\/\/tintafresca.net\/index.php\/wp-json\/wp\/v2\/posts\/38265\/revisions\/38270"}],"wp:featuredmedia":[{"embeddable":true,"href":"https:\/\/tintafresca.net\/index.php\/wp-json\/wp\/v2\/media\/38269"}],"wp:attachment":[{"href":"https:\/\/tintafresca.net\/index.php\/wp-json\/wp\/v2\/media?parent=38265"}],"wp:term":[{"taxonomy":"category","embeddable":true,"href":"https:\/\/tintafresca.net\/index.php\/wp-json\/wp\/v2\/categories?post=38265"},{"taxonomy":"post_tag","embeddable":true,"href":"https:\/\/tintafresca.net\/index.php\/wp-json\/wp\/v2\/tags?post=38265"}],"curies":[{"name":"wp","href":"https:\/\/api.w.org\/{rel}","templated":true}]}}