{"id":38285,"date":"2024-12-25T01:20:50","date_gmt":"2024-12-25T01:20:50","guid":{"rendered":"https:\/\/tintafresca.net\/?p=38285"},"modified":"2024-12-25T01:22:34","modified_gmt":"2024-12-25T01:22:34","slug":"unidade-de-saude-da-batalha-recebe-nova-viatura-eletrica","status":"publish","type":"post","link":"https:\/\/tintafresca.net\/index.php\/2024\/12\/25\/unidade-de-saude-da-batalha-recebe-nova-viatura-eletrica\/","title":{"rendered":"Unidade de Sa\u00fade da Batalha recebe nova viatura el\u00e9trica"},"content":{"rendered":"<div id=\"attachment_38287\" style=\"width: 510px\" class=\"wp-caption alignleft\"><img loading=\"lazy\" decoding=\"async\" aria-describedby=\"caption-attachment-38287\" class=\"wp-image-38287 size-full\" src=\"https:\/\/tintafresca.net\/wp-content\/uploads\/2024\/12\/Batalha_Entrega-de-viatura-eletrica_10.jpg\" alt=\"\" width=\"500\" height=\"375\" srcset=\"https:\/\/tintafresca.net\/wp-content\/uploads\/2024\/12\/Batalha_Entrega-de-viatura-eletrica_10.jpg 500w, https:\/\/tintafresca.net\/wp-content\/uploads\/2024\/12\/Batalha_Entrega-de-viatura-eletrica_10-300x225.jpg 300w\" sizes=\"auto, (max-width: 500px) 100vw, 500px\" \/><p id=\"caption-attachment-38287\" class=\"wp-caption-text\">Nova viatura junto ao Centro de Sa\u00fade da Batalha<\/p><\/div>\n<p>A Unidade de Sa\u00fade da Batalha recebeu, no dia 20 de dezembro, uma nova viatura el\u00e9trica, financiada pelo Plano de Recupera\u00e7\u00e3o e Resili\u00eancia (PRR), no \u00e2mbito da Medida 10 &#8211; Disponibilizar viaturas el\u00e9tricas para apoio \u00e0 presta\u00e7\u00e3o de cuidados no domic\u00edlio nos Centros de Sa\u00fade. O novo ve\u00edculo el\u00e9trico foi entregue pelas m\u00e3os do presidente do Munic\u00edpio da Batalha, Raul Castro, junto ao Centro de Sa\u00fade da Batalha.<\/p>\n<p>Nesta a\u00e7\u00e3o simb\u00f3lica de entrega da chave estiveram presentes Rui Passadouro, m\u00e9dico e coordenador da Unidade de Sa\u00fade P\u00fablica (USP) de Leiria, Tiago Gabriel, delegado de sa\u00fade p\u00fablica na USP da Batalha, Iracema Diogo, m\u00e9dica e coordenadora da Unidade e Sa\u00fade Familiar (USF) Condest\u00e1vel, e Cristiana Ros\u00e1rio, enfermeira e coordenadora da Unidade de Cuidados na Comunidade (UCC) da Batalha.<\/p>\n<p>A nova viatura contribui para a melhoria do acesso aos cuidados de sa\u00fade, com benef\u00edcios para os utentes e profissionais, promovendo em simult\u00e2neo a efici\u00eancia energ\u00e9tica.<\/p>\n<p>A cerim\u00f3nia oficial para a atribui\u00e7\u00e3o das chaves de 56 viaturas el\u00e9tricas destinadas a v\u00e1rios Munic\u00edpios da Regi\u00e3o Centro realizou-se no dia 19 de dezembro no Expocentro \u2013 Centro Municipal de Exposi\u00e7\u00f5es de Pombal, presidida pela ministra da Sa\u00fade, Ana Paula Martins, e organizada pela Administra\u00e7\u00e3o Regional de Sa\u00fade do Centro, IP e a C\u00e2mara Municipal de Pombal.<\/p>\n<p>A aquisi\u00e7\u00e3o destas viaturas integra a candidatura efetuada pela Administra\u00e7\u00e3o Regional do Centro ao PRR \u2013 Plano de Recupera\u00e7\u00e3o e Resili\u00eancia do Estado Portugu\u00eas, no investimento \u201cCuidados de Sa\u00fade Prim\u00e1rios com mais respostas\u201d, que inclui a meta i1-10 para disponibilizar viaturas el\u00e9tricas para apoio \u00e0 presta\u00e7\u00e3o de cuidados domicili\u00e1rios nos centros de sa\u00fade.<\/p>\n<p><strong>\u00a0 \u00a0Fonte: GCRP|CMB<\/strong><\/p>\n","protected":false},"excerpt":{"rendered":"<p>A Unidade de Sa\u00fade da Batalha recebeu, no dia 20 de dezembro, uma nova viatura el\u00e9trica, financiada pelo Plano de Recupera\u00e7\u00e3o e Resili\u00eancia (PRR), no \u00e2mbito da Medida 10 &#8211; Disponibilizar viaturas el\u00e9tricas para apoio \u00e0 presta\u00e7\u00e3o de cuidados no domic\u00edlio nos Centros de Sa\u00fade. O novo ve\u00edculo el\u00e9trico foi entregue pelas m\u00e3os do presidente [&hellip;]<\/p>\n","protected":false},"author":2,"featured_media":38288,"comment_status":"open","ping_status":"open","sticky":false,"template":"","format":"standard","meta":{"footnotes":""},"categories":[6],"tags":[],"class_list":["post-38285","post","type-post","status-publish","format-standard","has-post-thumbnail","hentry","category-saude"],"_links":{"self":[{"href":"https:\/\/tintafresca.net\/index.php\/wp-json\/wp\/v2\/posts\/38285","targetHints":{"allow":["GET"]}}],"collection":[{"href":"https:\/\/tintafresca.net\/index.php\/wp-json\/wp\/v2\/posts"}],"about":[{"href":"https:\/\/tintafresca.net\/index.php\/wp-json\/wp\/v2\/types\/post"}],"author":[{"embeddable":true,"href":"https:\/\/tintafresca.net\/index.php\/wp-json\/wp\/v2\/users\/2"}],"replies":[{"embeddable":true,"href":"https:\/\/tintafresca.net\/index.php\/wp-json\/wp\/v2\/comments?post=38285"}],"version-history":[{"count":3,"href":"https:\/\/tintafresca.net\/index.php\/wp-json\/wp\/v2\/posts\/38285\/revisions"}],"predecessor-version":[{"id":38290,"href":"https:\/\/tintafresca.net\/index.php\/wp-json\/wp\/v2\/posts\/38285\/revisions\/38290"}],"wp:featuredmedia":[{"embeddable":true,"href":"https:\/\/tintafresca.net\/index.php\/wp-json\/wp\/v2\/media\/38288"}],"wp:attachment":[{"href":"https:\/\/tintafresca.net\/index.php\/wp-json\/wp\/v2\/media?parent=38285"}],"wp:term":[{"taxonomy":"category","embeddable":true,"href":"https:\/\/tintafresca.net\/index.php\/wp-json\/wp\/v2\/categories?post=38285"},{"taxonomy":"post_tag","embeddable":true,"href":"https:\/\/tintafresca.net\/index.php\/wp-json\/wp\/v2\/tags?post=38285"}],"curies":[{"name":"wp","href":"https:\/\/api.w.org\/{rel}","templated":true}]}}