{"id":38313,"date":"2024-12-26T23:26:56","date_gmt":"2024-12-26T23:26:56","guid":{"rendered":"https:\/\/tintafresca.net\/?p=38313"},"modified":"2024-12-27T22:43:40","modified_gmt":"2024-12-27T22:43:40","slug":"empresa-de-alcobaca-participa-na-reconstrucao-da-notre-dame-com-calcario-dos-moleanos","status":"publish","type":"post","link":"https:\/\/tintafresca.net\/index.php\/2024\/12\/26\/empresa-de-alcobaca-participa-na-reconstrucao-da-notre-dame-com-calcario-dos-moleanos\/","title":{"rendered":"Empresa de Alcoba\u00e7a participa na reconstru\u00e7\u00e3o da Notre-Dame com calc\u00e1rio dos Moleanos"},"content":{"rendered":"<div id=\"attachment_38315\" style=\"width: 410px\" class=\"wp-caption alignleft\"><img loading=\"lazy\" decoding=\"async\" aria-describedby=\"caption-attachment-38315\" class=\"wp-image-38315\" src=\"https:\/\/tintafresca.net\/wp-content\/uploads\/2024\/12\/Cathedrale_Notre-Dame_de_Paris_20_March_2014.jpg\" alt=\"\" width=\"400\" height=\"506\" srcset=\"https:\/\/tintafresca.net\/wp-content\/uploads\/2024\/12\/Cathedrale_Notre-Dame_de_Paris_20_March_2014.jpg 474w, https:\/\/tintafresca.net\/wp-content\/uploads\/2024\/12\/Cathedrale_Notre-Dame_de_Paris_20_March_2014-237x300.jpg 237w\" sizes=\"auto, (max-width: 400px) 100vw, 400px\" \/><p id=\"caption-attachment-38315\" class=\"wp-caption-text\">Catedral de Notre-Dame<\/p><\/div>\n<p>No dia 7 de dezembro, a Catedral de Notre-Dame reabriu as suas portas ao p\u00fablico em Paris, marcando o renascimento de um dos monumentos mais emblem\u00e1ticos do mundo, ap\u00f3s o tr\u00e1gico inc\u00eandio de 2019 que devastou grande parte da igreja.<\/p>\n<p>A MVC orgulha-se de ter contribu\u00eddo para este importante projeto de reconstru\u00e7\u00e3o, fornecendo a pedra Vidra\u00e7o Moleanos Bege, que foi selecionada para a recupera\u00e7\u00e3o do altar, uma das \u00e1reas de maior simbolismo na catedral. Este desafio destacou a qualidade e a versatilidade do Calc\u00e1rio Portugu\u00eas.<\/p>\n<p>Este marco representa o compromisso cont\u00ednuo da MVC com a excel\u00eancia, bem como a nossa dedica\u00e7\u00e3o em promover os recursos naturais de Portugal no mercado internacional. Participar na reconstru\u00e7\u00e3o de um patrim\u00f3nio t\u00e3o significativo refor\u00e7a a nossa miss\u00e3o de levar o melhor do nosso pa\u00eds al\u00e9m-fronteiras.<\/p>\n<p><strong>C\u00e2mara de Alcoba\u00e7a vai homenagear MVC- Portuguese Limestones\u00a0<\/strong><\/p>\n<div id=\"attachment_38317\" style=\"width: 410px\" class=\"wp-caption alignleft\"><img loading=\"lazy\" decoding=\"async\" aria-describedby=\"caption-attachment-38317\" class=\"wp-image-38317\" src=\"https:\/\/tintafresca.net\/wp-content\/uploads\/2024\/12\/Alcobaca_MVC_Vidraco_Moleanos10.png\" alt=\"\" width=\"400\" height=\"281\" srcset=\"https:\/\/tintafresca.net\/wp-content\/uploads\/2024\/12\/Alcobaca_MVC_Vidraco_Moleanos10.png 500w, https:\/\/tintafresca.net\/wp-content\/uploads\/2024\/12\/Alcobaca_MVC_Vidraco_Moleanos10-300x211.png 300w\" sizes=\"auto, (max-width: 400px) 100vw, 400px\" \/><p id=\"caption-attachment-38317\" class=\"wp-caption-text\">Vidra\u00e7o Moleanos Bege<\/p><\/div>\n<p>O presidente da C\u00e2mara Municipal de Alcoba\u00e7a anunciou, durante a sess\u00e3o da Assembleia Municipal de 19 de dezembro, que ir\u00e1 homenagear a empresa de Ata\u00edja de cima, freguesia de Aljubarrota, no concelho de Alcoba\u00e7a, que participou na reconstru\u00e7\u00e3o de Notre-Dame, uma das mais antigas e conhecidas igreja do mundo, em Partis. Herm\u00ednio Rodrigues admitiu s\u00f3 ter sabido da not\u00edcia recentemente, apesar do bom relacionamento com o empres\u00e1rio Rog\u00e9rio Vig\u00e1rio, e real\u00e7ou o facto da MVC- Portuguese Limestones n\u00e3o ter fornecido apenas pedra em bruto, mas sim j\u00e1 trabalhada, conseguindo assim adicionar valor-acrescentado ao produto natural da Serra dos Candeeiros e zonas adjacentes.<\/p>\n","protected":false},"excerpt":{"rendered":"<p>No dia 7 de dezembro, a Catedral de Notre-Dame reabriu as suas portas ao p\u00fablico em Paris, marcando o renascimento de um dos monumentos mais emblem\u00e1ticos do mundo, ap\u00f3s o tr\u00e1gico inc\u00eandio de 2019 que devastou grande parte da igreja. A MVC orgulha-se de ter contribu\u00eddo para este importante projeto de reconstru\u00e7\u00e3o, fornecendo a pedra [&hellip;]<\/p>\n","protected":false},"author":2,"featured_media":38316,"comment_status":"open","ping_status":"open","sticky":false,"template":"","format":"standard","meta":{"footnotes":""},"categories":[7,10],"tags":[],"class_list":["post-38313","post","type-post","status-publish","format-standard","has-post-thumbnail","hentry","category-economia","category-patrimonio"],"_links":{"self":[{"href":"https:\/\/tintafresca.net\/index.php\/wp-json\/wp\/v2\/posts\/38313","targetHints":{"allow":["GET"]}}],"collection":[{"href":"https:\/\/tintafresca.net\/index.php\/wp-json\/wp\/v2\/posts"}],"about":[{"href":"https:\/\/tintafresca.net\/index.php\/wp-json\/wp\/v2\/types\/post"}],"author":[{"embeddable":true,"href":"https:\/\/tintafresca.net\/index.php\/wp-json\/wp\/v2\/users\/2"}],"replies":[{"embeddable":true,"href":"https:\/\/tintafresca.net\/index.php\/wp-json\/wp\/v2\/comments?post=38313"}],"version-history":[{"count":2,"href":"https:\/\/tintafresca.net\/index.php\/wp-json\/wp\/v2\/posts\/38313\/revisions"}],"predecessor-version":[{"id":38318,"href":"https:\/\/tintafresca.net\/index.php\/wp-json\/wp\/v2\/posts\/38313\/revisions\/38318"}],"wp:featuredmedia":[{"embeddable":true,"href":"https:\/\/tintafresca.net\/index.php\/wp-json\/wp\/v2\/media\/38316"}],"wp:attachment":[{"href":"https:\/\/tintafresca.net\/index.php\/wp-json\/wp\/v2\/media?parent=38313"}],"wp:term":[{"taxonomy":"category","embeddable":true,"href":"https:\/\/tintafresca.net\/index.php\/wp-json\/wp\/v2\/categories?post=38313"},{"taxonomy":"post_tag","embeddable":true,"href":"https:\/\/tintafresca.net\/index.php\/wp-json\/wp\/v2\/tags?post=38313"}],"curies":[{"name":"wp","href":"https:\/\/api.w.org\/{rel}","templated":true}]}}