{"id":38323,"date":"2024-12-27T22:26:44","date_gmt":"2024-12-27T22:26:44","guid":{"rendered":"https:\/\/tintafresca.net\/?p=38323"},"modified":"2024-12-29T01:40:10","modified_gmt":"2024-12-29T01:40:10","slug":"uls-oeste-garante-ter-comunicado-ao-sns-fecho-da-pediatria-de-torres-vedras-no-natal","status":"publish","type":"post","link":"https:\/\/tintafresca.net\/index.php\/2024\/12\/27\/uls-oeste-garante-ter-comunicado-ao-sns-fecho-da-pediatria-de-torres-vedras-no-natal\/","title":{"rendered":"ULS Oeste garante ter comunicado ao SNS fecho da Pediatria de Torres Vedras no Dia de Natal"},"content":{"rendered":"<div id=\"attachment_25856\" style=\"width: 510px\" class=\"wp-caption alignleft\"><img loading=\"lazy\" decoding=\"async\" aria-describedby=\"caption-attachment-25856\" class=\"wp-image-25856 size-full\" src=\"https:\/\/tintafresca.net\/wp-content\/uploads\/2023\/03\/Hospital_Torres_Vedras1.jpg\" alt=\"\" width=\"500\" height=\"328\" srcset=\"https:\/\/tintafresca.net\/wp-content\/uploads\/2023\/03\/Hospital_Torres_Vedras1.jpg 500w, https:\/\/tintafresca.net\/wp-content\/uploads\/2023\/03\/Hospital_Torres_Vedras1-300x197.jpg 300w\" sizes=\"auto, (max-width: 500px) 100vw, 500px\" \/><p id=\"caption-attachment-25856\" class=\"wp-caption-text\">Hospital de Torres Vedras<\/p><\/div>\n<p>A Unidade Local de Sa\u00fade do Oeste clarificou esta sexta-feira, dia 27 de dezembro, que em momento algum foi transmitido pela institui\u00e7\u00e3o, atrav\u00e9s de comunicado emitido na quinta-feira, um desmentido face \u00e0s informa\u00e7\u00f5es prestadas pelo Minist\u00e9rio da Sa\u00fade, a prop\u00f3sito de falhas no encaminhamento de utentes pela linha SNS24.<\/p>\n<p>O comunicado enviado pela ULS Oeste no dia 26 de dezembro apenas refor\u00e7a a necessidade de uma averigua\u00e7\u00e3o mais aprofundada, que possa vir identificar e justificar a falha de comunica\u00e7\u00e3o que ter\u00e1 originado que a informa\u00e7\u00e3o introduzida na plataforma de dados mestres do SNS pela institui\u00e7\u00e3o no dia 23 de dezembro n\u00e3o tenha sido assumida pelo sistema.<\/p>\n<p>No referido comunicado \u00e9 tamb\u00e9m assumida pela institui\u00e7\u00e3o a necessidade de identificar que procedimentos ter\u00e3o de ser melhorados, por forma a assegurar uma correta instru\u00e7\u00e3o do procedimento de comunica\u00e7\u00e3o dos per\u00edodos de funcionamento dos Servi\u00e7os de Urg\u00eancia nas plataformas oficiais.<\/p>\n<p>Por fim, a ULS Oeste, que integra, desde o dia 12 de dezembro, o projeto \u00abLigue Antes, Salve Vidas\u00bb, reitera a sua total confian\u00e7a nas linhas de atendimento SNS24 \/ SNS Crian\u00e7a \/ SNS Gr\u00e1vida-Ginecologia, cujo sistema de pr\u00e9-triagem tem garantido um atendimento e encaminhamento mais eficaz e adequado \u00e0 situa\u00e7\u00e3o cl\u00ednica personalizada de cada um dos utentes que necessitam de cuidados de sa\u00fade na institui\u00e7\u00e3o.<\/p>\n<p>Recorde-se que uma crian\u00e7a de cinco anos foi encaminhada para o servi\u00e7o de urg\u00eancia pedi\u00e1trica em Torres Vedras que estava encerrada, apesar da Linha SNS 24 ter garantido que a unidade estaria aberta. Em causa ter\u00e1 estado o n\u00e3o carregamento efetivo da informa\u00e7\u00e3o do encerramento do servi\u00e7o pelo Hospital de Torres Vedras para a plataforma da Linha Sa\u00fade 24 .<\/p>\n<p><strong>Sobre a Unidade Local de Sa\u00fade do Oeste <\/strong><\/p>\n<p>A Unidade Local de Sa\u00fade do Oeste agrega numa \u00fanica entidade o Centro Hospitalar do Oeste, o Agrupamento de Centros de Sa\u00fade do Oeste Norte e o Agrupamento de Centros de Sa\u00fade do Oeste Sul. A ULS do Oeste iniciou o seu funcionamento no dia 1 de janeiro de 2024 e integra os concelhos de Caldas da Rainha, \u00d3bidos, Bombarral, Peniche (ACES Oeste Norte), Lourinh\u00e3, Cadaval, Torres Vedras, Sobral Monte Agra\u00e7o (ACES Oeste Sul).<\/p>\n<p>Tem como Miss\u00e3o a resposta integrada \u00e0s necessidades de sa\u00fade da popula\u00e7\u00e3o da sua \u00e1rea de abrang\u00eancia, prestando cuidados de sa\u00fade de forma multidisciplinar, com rigor e excel\u00eancia t\u00e9cnica, cient\u00edfica e organizativa, com \u00e9tica profissional e justi\u00e7a social, assegurando a cada doente os cuidados que correspondam \u00e0s suas necessidades, de acordo com as melhores pr\u00e1ticas cl\u00ednicas e uma eficiente utiliza\u00e7\u00e3o dos recursos dispon\u00edveis.<\/p>\n<p><strong>\u00a0 \u00a0 \u00a0Fonte: GC|ULS \u00a0Oeste<\/strong><\/p>\n","protected":false},"excerpt":{"rendered":"<p>A Unidade Local de Sa\u00fade do Oeste clarificou esta sexta-feira, dia 27 de dezembro, que em momento algum foi transmitido pela institui\u00e7\u00e3o, atrav\u00e9s de comunicado emitido na quinta-feira, um desmentido face \u00e0s informa\u00e7\u00f5es prestadas pelo Minist\u00e9rio da Sa\u00fade, a prop\u00f3sito de falhas no encaminhamento de utentes pela linha SNS24. O comunicado enviado pela ULS Oeste [&hellip;]<\/p>\n","protected":false},"author":2,"featured_media":25932,"comment_status":"open","ping_status":"open","sticky":false,"template":"","format":"standard","meta":{"footnotes":""},"categories":[6],"tags":[],"class_list":["post-38323","post","type-post","status-publish","format-standard","has-post-thumbnail","hentry","category-saude"],"_links":{"self":[{"href":"https:\/\/tintafresca.net\/index.php\/wp-json\/wp\/v2\/posts\/38323","targetHints":{"allow":["GET"]}}],"collection":[{"href":"https:\/\/tintafresca.net\/index.php\/wp-json\/wp\/v2\/posts"}],"about":[{"href":"https:\/\/tintafresca.net\/index.php\/wp-json\/wp\/v2\/types\/post"}],"author":[{"embeddable":true,"href":"https:\/\/tintafresca.net\/index.php\/wp-json\/wp\/v2\/users\/2"}],"replies":[{"embeddable":true,"href":"https:\/\/tintafresca.net\/index.php\/wp-json\/wp\/v2\/comments?post=38323"}],"version-history":[{"count":3,"href":"https:\/\/tintafresca.net\/index.php\/wp-json\/wp\/v2\/posts\/38323\/revisions"}],"predecessor-version":[{"id":38326,"href":"https:\/\/tintafresca.net\/index.php\/wp-json\/wp\/v2\/posts\/38323\/revisions\/38326"}],"wp:featuredmedia":[{"embeddable":true,"href":"https:\/\/tintafresca.net\/index.php\/wp-json\/wp\/v2\/media\/25932"}],"wp:attachment":[{"href":"https:\/\/tintafresca.net\/index.php\/wp-json\/wp\/v2\/media?parent=38323"}],"wp:term":[{"taxonomy":"category","embeddable":true,"href":"https:\/\/tintafresca.net\/index.php\/wp-json\/wp\/v2\/categories?post=38323"},{"taxonomy":"post_tag","embeddable":true,"href":"https:\/\/tintafresca.net\/index.php\/wp-json\/wp\/v2\/tags?post=38323"}],"curies":[{"name":"wp","href":"https:\/\/api.w.org\/{rel}","templated":true}]}}