{"id":38346,"date":"2024-12-29T01:32:16","date_gmt":"2024-12-29T01:32:16","guid":{"rendered":"https:\/\/tintafresca.net\/?p=38346"},"modified":"2024-12-29T01:36:54","modified_gmt":"2024-12-29T01:36:54","slug":"ministra-da-saude-demite-o-conselho-de-administracao-da-unidade-local-de-saude-da-leziria","status":"publish","type":"post","link":"https:\/\/tintafresca.net\/index.php\/2024\/12\/29\/ministra-da-saude-demite-o-conselho-de-administracao-da-unidade-local-de-saude-da-leziria\/","title":{"rendered":"Ministra da Sa\u00fade demite o Conselho de Administra\u00e7\u00e3o da Unidade Local de Sa\u00fade da Lez\u00edria"},"content":{"rendered":"<div id=\"attachment_38110\" style=\"width: 510px\" class=\"wp-caption alignleft\"><img loading=\"lazy\" decoding=\"async\" aria-describedby=\"caption-attachment-38110\" class=\"wp-image-38110 size-full\" src=\"https:\/\/tintafresca.net\/wp-content\/uploads\/2024\/12\/Santarem_ULS_Tatiana_Silvestre10.jpg\" alt=\"\" width=\"500\" height=\"333\" srcset=\"https:\/\/tintafresca.net\/wp-content\/uploads\/2024\/12\/Santarem_ULS_Tatiana_Silvestre10.jpg 500w, https:\/\/tintafresca.net\/wp-content\/uploads\/2024\/12\/Santarem_ULS_Tatiana_Silvestre10-300x200.jpg 300w\" sizes=\"auto, (max-width: 500px) 100vw, 500px\" \/><p id=\"caption-attachment-38110\" class=\"wp-caption-text\">Tatiana Silvestre esteve apenas um ano no cargo<\/p><\/div>\n<p>\u201cPor decis\u00e3o do Minist\u00e9rio da Sa\u00fade, a nossa jornada como Conselho de Administra\u00e7\u00e3o da Unidade Local de Sa\u00fade da Lez\u00edria chega agora ao fim\u201d, refere a Mensagem de Despedida do Conselho de Administra\u00e7\u00e3o da ULS Lez\u00edria, que confirma a decis\u00e3o do Minist\u00e9rio da Sa\u00fade, dirigido por Ana Paula Martins de fazer esta substitui\u00e7\u00e3o.<strong> \u00a0O <\/strong>novo presidente da ULS da Lez\u00edria ser\u00e1 Pedro Marques, antigo vereador do PSD em Abrantes e atual gestor do Hospital do Santo Esp\u00edrito, da Ilha Terceira.<\/p>\n<p>&#8220;Desde fevereiro deste ano, tivemos o privil\u00e9gio de construir algo que ficar\u00e1 gravado na hist\u00f3ria da nossa regi\u00e3o: a cria\u00e7\u00e3o da ULS Lez\u00edria, uma entidade que uniu o Hospital Distrital de Santar\u00e9m e o ACES Lez\u00edria, consolidando um modelo de proximidade e integra\u00e7\u00e3o ao servi\u00e7o das nossas comunidades.<\/p>\n<p>Este projeto, de uma ambi\u00e7\u00e3o \u00edmpar, foi poss\u00edvel gra\u00e7as \u00e0 dedica\u00e7\u00e3o incans\u00e1vel de todos. O trabalho desenvolvido ao longo deste ano foi pautado pela uni\u00e3o de esfor\u00e7os, pela partilha de ideias e pela supera\u00e7\u00e3o de desafios que s\u00f3 foram poss\u00edveis atrav\u00e9s do esp\u00edrito de equipa que caracterizou este Conselho de Administra\u00e7\u00e3o.<\/p>\n<p>Os resultados alcan\u00e7ados s\u00e3o reflexo, tamb\u00e9m, da compet\u00eancia e entrega de todos os profissionais de sa\u00fade da ULS Lez\u00edria e da colabora\u00e7\u00e3o com as institui\u00e7\u00f5es que colaboraram connosco. Juntos, demos passos significativos na melhoria da acessibilidade, da qualidade dos cuidados prestados e na efici\u00eancia dos nossos servi\u00e7os.<\/p>\n<p>Agradecemos profundamente a todos os profissionais que, diariamente, d\u00e3o o seu melhor para que esta unidade seja uma refer\u00eancia. A vossa colabora\u00e7\u00e3o foi e ser\u00e1 sempre o alicerce do sucesso desta institui\u00e7\u00e3o.<\/p>\n<p>Sa\u00edmos com a certeza de que a ULS Lez\u00edria continuar\u00e1 a prosperar, alicer\u00e7ada nos valores que partilhamos e na miss\u00e3o de cuidar de quem mais precisa. Desejamos a todos os que permanecem e aos que vir\u00e3o a maior for\u00e7a e sucesso. Muito obrigado a todos\u201d, refere a nota assinada pelos cinco administradores: Tatiana Silvestre, Ana Rita Paulos, Jo\u00e3o Soares Ferreira, Jo\u00e3o Formiga e S\u00e9rgio Domingos.<\/p>\n","protected":false},"excerpt":{"rendered":"<p>\u201cPor decis\u00e3o do Minist\u00e9rio da Sa\u00fade, a nossa jornada como Conselho de Administra\u00e7\u00e3o da Unidade Local de Sa\u00fade da Lez\u00edria chega agora ao fim\u201d, refere a Mensagem de Despedida do Conselho de Administra\u00e7\u00e3o da ULS Lez\u00edria, que confirma a decis\u00e3o do Minist\u00e9rio da Sa\u00fade, dirigido por Ana Paula Martins de fazer esta substitui\u00e7\u00e3o. \u00a0O novo [&hellip;]<\/p>\n","protected":false},"author":2,"featured_media":38112,"comment_status":"open","ping_status":"open","sticky":false,"template":"","format":"standard","meta":{"footnotes":""},"categories":[6],"tags":[],"class_list":["post-38346","post","type-post","status-publish","format-standard","has-post-thumbnail","hentry","category-saude"],"_links":{"self":[{"href":"https:\/\/tintafresca.net\/index.php\/wp-json\/wp\/v2\/posts\/38346","targetHints":{"allow":["GET"]}}],"collection":[{"href":"https:\/\/tintafresca.net\/index.php\/wp-json\/wp\/v2\/posts"}],"about":[{"href":"https:\/\/tintafresca.net\/index.php\/wp-json\/wp\/v2\/types\/post"}],"author":[{"embeddable":true,"href":"https:\/\/tintafresca.net\/index.php\/wp-json\/wp\/v2\/users\/2"}],"replies":[{"embeddable":true,"href":"https:\/\/tintafresca.net\/index.php\/wp-json\/wp\/v2\/comments?post=38346"}],"version-history":[{"count":3,"href":"https:\/\/tintafresca.net\/index.php\/wp-json\/wp\/v2\/posts\/38346\/revisions"}],"predecessor-version":[{"id":38349,"href":"https:\/\/tintafresca.net\/index.php\/wp-json\/wp\/v2\/posts\/38346\/revisions\/38349"}],"wp:featuredmedia":[{"embeddable":true,"href":"https:\/\/tintafresca.net\/index.php\/wp-json\/wp\/v2\/media\/38112"}],"wp:attachment":[{"href":"https:\/\/tintafresca.net\/index.php\/wp-json\/wp\/v2\/media?parent=38346"}],"wp:term":[{"taxonomy":"category","embeddable":true,"href":"https:\/\/tintafresca.net\/index.php\/wp-json\/wp\/v2\/categories?post=38346"},{"taxonomy":"post_tag","embeddable":true,"href":"https:\/\/tintafresca.net\/index.php\/wp-json\/wp\/v2\/tags?post=38346"}],"curies":[{"name":"wp","href":"https:\/\/api.w.org\/{rel}","templated":true}]}}