{"id":38486,"date":"2025-01-08T23:23:28","date_gmt":"2025-01-08T23:23:28","guid":{"rendered":"https:\/\/tintafresca.net\/?p=38486"},"modified":"2025-01-08T23:28:00","modified_gmt":"2025-01-08T23:28:00","slug":"unidade-local-de-saude-da-leziria-recebe-20-novos-medicos-internos","status":"publish","type":"post","link":"https:\/\/tintafresca.net\/index.php\/2025\/01\/08\/unidade-local-de-saude-da-leziria-recebe-20-novos-medicos-internos\/","title":{"rendered":"Unidade Local de Sa\u00fade da Lez\u00edria recebe 20 novos m\u00e9dicos internos"},"content":{"rendered":"<div id=\"attachment_38488\" style=\"width: 510px\" class=\"wp-caption alignleft\"><img loading=\"lazy\" decoding=\"async\" aria-describedby=\"caption-attachment-38488\" class=\"wp-image-38488 size-full\" src=\"https:\/\/tintafresca.net\/wp-content\/uploads\/2025\/01\/Santarem_internos_ULS_Leziria10.jpg\" alt=\"\" width=\"500\" height=\"333\" srcset=\"https:\/\/tintafresca.net\/wp-content\/uploads\/2025\/01\/Santarem_internos_ULS_Leziria10.jpg 500w, https:\/\/tintafresca.net\/wp-content\/uploads\/2025\/01\/Santarem_internos_ULS_Leziria10-300x200.jpg 300w\" sizes=\"auto, (max-width: 500px) 100vw, 500px\" \/><p id=\"caption-attachment-38488\" class=\"wp-caption-text\">Novos m\u00e9dicos internos da ULS da Lez\u00edria<\/p><\/div>\n<p>A Unidade Local de Sa\u00fade da Lez\u00edria (ULS Lez\u00edria) deu as boas-vindas, nos dia 2 e 6 de janeiro, aos jovens m\u00e9dicos que v\u00e3o iniciar o seu internato no Hospital Distrital de Santar\u00e9m (HDS) e nas unidades de cuidados de sa\u00fade prim\u00e1rios que integram a ULS, com diversas sess\u00f5es dirigidas aos novos internos.<\/p>\n<p>No total, a ULS Lez\u00edria recebeu 20 m\u00e9dicos internos, dos quais 9 de Forma\u00e7\u00e3o Geral, tr\u00eas de Medicina Geral e Familiar, e oito de forma\u00e7\u00e3o espec\u00edfica nas \u00e1reas de cirurgia geral (dois), pediatria (dois), ortopedia (um), ginecologia e obstetr\u00edcia (um) e medicina interna (dois).<\/p>\n<p>Na abertura da cerim\u00f3nia de acolhimento, Hugo Sousa, vogal executivo do Conselho de Administra\u00e7\u00e3o (CA) da ULS Lez\u00edria, come\u00e7ou por dar as boas-vindas aos m\u00e9dicos internos: \u201c\u00c9 mais um ano que se inicia com a rece\u00e7\u00e3o de jovens m\u00e9dicos na nossa ULS. Gostaria de agradecer aos m\u00e9dicos que escolheram esta ULS e espero que possam ficar connosco por muitos anos.\u201d Prosseguindo, o vogal executivo fez uma breve apresenta\u00e7\u00e3o da ULS Lez\u00edria, salientando a sua abrang\u00eancia, que cobre uma \u00e1rea de 3.500 km\u00b2 com cerca de 200 mil utentes inscritos.<\/p>\n<p>Seguiu-se a interven\u00e7\u00e3o de F\u00e1tima Lopes, enfermeira diretora da ULS Lez\u00edria, que refor\u00e7ou os votos de boas-vindas do CA: \u201cDesejo-vos um \u00f3timo internato, que corra tudo bem e que fiquem com o desejo de continuar na institui\u00e7\u00e3o. Contem comigo para o que for poss\u00edvel.\u201d<\/p>\n<p>Ao usar da palavra, Hugo Costa, vogal financeiro do CA, tamb\u00e9m se dirigiu aos internos com uma mensagem de apoio: \u201cContamos com todos v\u00f3s e desejamos sucesso para este novo ano. Estamos confiantes no vosso desempenho.\u201d<\/p>\n<p>A cerim\u00f3nia de abertura dos novos internos contou tamb\u00e9m com as interven\u00e7\u00f5es de Gra\u00e7a Amaro, m\u00e9dica e adjunta da Dire\u00e7\u00e3o Cl\u00ednica \u00c1rea para Cuidados Sa\u00fade Hospitalares, em representa\u00e7\u00e3o de Teresa Rodrigues, diretora cl\u00ednica; de Jo\u00e3o Soares Ferreira, anterior diretor cl\u00ednico dos Cuidados de Sa\u00fade Prim\u00e1rios; Rita Paulos, anterior diretora cl\u00ednica dos Cuidados de Sa\u00fade Hospitalares; Filipa Vilarinho, diretora do Internato M\u00e9dico para a \u00c1rea dos Cuidados de Sa\u00fade Hospitalares; Cristina Nobre, diretora do Internato M\u00e9dico para a \u00c1rea dos Cuidados de Sa\u00fade Prim\u00e1rios; Aldina Lopes, diretora do Servi\u00e7o de Pediatria e do Departamento da Sa\u00fade da Mulher e da Crian\u00e7a;<\/p>\n<p>Dos representantes pol\u00edticos, estiveram presentes Alfredo Amante, vereador da C\u00e2mara Municipal de Santar\u00e9m respons\u00e1vel pelo pelouro da sa\u00fade; Pedro Ribeiro, presidente da Comunidade Intermunicipal da Lez\u00edria do Tejo (CIMLT) e da C\u00e2mara Municipal de Almeirim, e Jos\u00e9 Dur\u00e3o, da Comiss\u00e3o Nacional do M\u00e9dico Interno (CNMI).<\/p>\n<p>Seguiu-se a transmiss\u00e3o em direto da cerim\u00f3nia oficial de rece\u00e7\u00e3o aos m\u00e9dicos internos, que este ano decorreu na ULS Santa Maria, e que contou com as interven\u00e7\u00f5es do presidente do Conselho Nacional do Internato M\u00e9dico e do baston\u00e1rio da Ordem dos M\u00e9dicos, tendo ainda contemplado mensagens do Presidente da Rep\u00fablica, Marcelo Rebelo de Sousa, e da ministra da Sa\u00fade, Ana Paula Martins.<\/p>\n<p>Ao intervir no segundo dia do evento, Pedro Marques, presidente do Conselho de Administra\u00e7\u00e3o, destacou a import\u00e2ncia desta etapa formativa como uma oportunidade de aprendizagem e crescimento, incentivando os internos a vestirem \u201ca roupagem de servir e de aprender\u201d.<\/p>\n<p>\u201c\u00c9 um ano de aprendizagem e de crescimento individual. Muito boa sorte na op\u00e7\u00e3o que escolherem, contam com todo o apoio da dire\u00e7\u00e3o cl\u00ednica, da dire\u00e7\u00e3o do internato, e dos demais profissionais, n\u00e3o s\u00f3 aqui no Hospital como nos cuidados de sa\u00fade prim\u00e1rios\u201d, assegurou, tendo ainda encorajado os novos m\u00e9dicos a usufruir desta etapa: \u201cDivirtam-se, aproveitem, cres\u00e7am individualmente e profissionalmente, percebam a dimens\u00e3o e a nobreza da profiss\u00e3o que t\u00eam.\u201d<\/p>\n<p>Por sua vez, Teresa Rodrigues, diretora cl\u00ednica para os Cuidados de Sa\u00fade Hospitalares, expressou o entusiasmo da institui\u00e7\u00e3o por receber os internos. \u201cQuero desejar que sejam as melhores entradas e que continuem muitos anos connosco. Temos o maior gosto em receb\u00ea-los. Ficamos muitos contentes, esperamos que se deem bem e estamos \u00e0 vossa disposi\u00e7\u00e3o.\u201d<\/p>\n<p>&nbsp;<\/p>\n<p>Recorde-se que o Internato M\u00e9dico \u00e9 composto pela Forma\u00e7\u00e3o Geral (per\u00edodo de forma\u00e7\u00e3o com a dura\u00e7\u00e3o de um ano, onde o m\u00e9dico tem oportunidade de contactar com v\u00e1rios servi\u00e7os) e, consecutivamente, pela Forma\u00e7\u00e3o Espec\u00edfica (per\u00edodo de especializa\u00e7\u00e3o que poder\u00e1 durar entre tr\u00eas a cinco anos).<\/p>\n","protected":false},"excerpt":{"rendered":"<p>A Unidade Local de Sa\u00fade da Lez\u00edria (ULS Lez\u00edria) deu as boas-vindas, nos dia 2 e 6 de janeiro, aos jovens m\u00e9dicos que v\u00e3o iniciar o seu internato no Hospital Distrital de Santar\u00e9m (HDS) e nas unidades de cuidados de sa\u00fade prim\u00e1rios que integram a ULS, com diversas sess\u00f5es dirigidas aos novos internos. No total, [&hellip;]<\/p>\n","protected":false},"author":2,"featured_media":38489,"comment_status":"open","ping_status":"open","sticky":false,"template":"","format":"standard","meta":{"footnotes":""},"categories":[6],"tags":[],"class_list":["post-38486","post","type-post","status-publish","format-standard","has-post-thumbnail","hentry","category-saude"],"_links":{"self":[{"href":"https:\/\/tintafresca.net\/index.php\/wp-json\/wp\/v2\/posts\/38486","targetHints":{"allow":["GET"]}}],"collection":[{"href":"https:\/\/tintafresca.net\/index.php\/wp-json\/wp\/v2\/posts"}],"about":[{"href":"https:\/\/tintafresca.net\/index.php\/wp-json\/wp\/v2\/types\/post"}],"author":[{"embeddable":true,"href":"https:\/\/tintafresca.net\/index.php\/wp-json\/wp\/v2\/users\/2"}],"replies":[{"embeddable":true,"href":"https:\/\/tintafresca.net\/index.php\/wp-json\/wp\/v2\/comments?post=38486"}],"version-history":[{"count":2,"href":"https:\/\/tintafresca.net\/index.php\/wp-json\/wp\/v2\/posts\/38486\/revisions"}],"predecessor-version":[{"id":38490,"href":"https:\/\/tintafresca.net\/index.php\/wp-json\/wp\/v2\/posts\/38486\/revisions\/38490"}],"wp:featuredmedia":[{"embeddable":true,"href":"https:\/\/tintafresca.net\/index.php\/wp-json\/wp\/v2\/media\/38489"}],"wp:attachment":[{"href":"https:\/\/tintafresca.net\/index.php\/wp-json\/wp\/v2\/media?parent=38486"}],"wp:term":[{"taxonomy":"category","embeddable":true,"href":"https:\/\/tintafresca.net\/index.php\/wp-json\/wp\/v2\/categories?post=38486"},{"taxonomy":"post_tag","embeddable":true,"href":"https:\/\/tintafresca.net\/index.php\/wp-json\/wp\/v2\/tags?post=38486"}],"curies":[{"name":"wp","href":"https:\/\/api.w.org\/{rel}","templated":true}]}}