{"id":38587,"date":"2025-01-17T00:06:19","date_gmt":"2025-01-17T00:06:19","guid":{"rendered":"https:\/\/tintafresca.net\/?p=38587"},"modified":"2025-01-17T00:12:14","modified_gmt":"2025-01-17T00:12:14","slug":"presidente-da-camara-municipal-de-torres-vedras-escreve-carta-aberta-a-ministra-da-saude","status":"publish","type":"post","link":"https:\/\/tintafresca.net\/index.php\/2025\/01\/17\/presidente-da-camara-municipal-de-torres-vedras-escreve-carta-aberta-a-ministra-da-saude\/","title":{"rendered":"Presidente da C\u00e2mara Municipal de Torres Vedras escreve carta aberta \u00e0 ministra da Sa\u00fade"},"content":{"rendered":"<div id=\"attachment_9335\" style=\"width: 360px\" class=\"wp-caption alignleft\"><img loading=\"lazy\" decoding=\"async\" aria-describedby=\"caption-attachment-9335\" class=\"wp-image-9335\" src=\"https:\/\/tintafresca.net\/wp-content\/uploads\/2021\/09\/Laura_Rodrigues_Torres_Vedras_PS.png\" alt=\"\" width=\"350\" height=\"557\" srcset=\"https:\/\/tintafresca.net\/wp-content\/uploads\/2021\/09\/Laura_Rodrigues_Torres_Vedras_PS.png 575w, https:\/\/tintafresca.net\/wp-content\/uploads\/2021\/09\/Laura_Rodrigues_Torres_Vedras_PS-189x300.png 189w\" sizes=\"auto, (max-width: 350px) 100vw, 350px\" \/><p id=\"caption-attachment-9335\" class=\"wp-caption-text\">Laura Rodrigues<\/p><\/div>\n<p>Laura Rodrigues, presidente da C\u00e2mara Municipal de Torres Vedras, enviou uma Carta aberta \u00e0 ministra da Sa\u00fade, Ana Paula Martins, a reclamar contra a deficiente assist\u00eancia m\u00e9dica no concelho, nomeadamente, a exist\u00eancia de 40 mil utentes do SNS sem m\u00e9dico de fam\u00edlia.<\/p>\n<p>\u201cA Coes\u00e3o Territorial \u00e9 uma express\u00e3o que \u00e9 querida a todos os governantes. Serve para evocar a corre\u00e7\u00e3o de assimetrias entre litoral e interior, entre os que est\u00e3o mais pr\u00f3ximos da capital e os que em tempo ou dist\u00e2ncia lhe ficam mais longe.<\/p>\n<p>Mas, porque o discurso sobre a coes\u00e3o trabalha com os extremos, pode dar-se o paradoxo de um territ\u00f3rio litoral a pouco mais de meia hora de Lisboa ficar esquecido sucessivamente, fora das preocupa\u00e7\u00f5es com presta\u00e7\u00e3o de servi\u00e7o p\u00fablico ou com coes\u00e3o territorial. Assim tem sido com o Oeste no que \u00e0 presta\u00e7\u00e3o de cuidados de sa\u00fade diz respeito.<\/p>\n<p>Em maio de 2024, o Minist\u00e9rio da Sa\u00fade informou a comunica\u00e7\u00e3o social de que estaria a avaliar o processo de constru\u00e7\u00e3o do novo Hospital do Oeste para tomar uma decis\u00e3o e que este teria \u201ctoda a prioridade\u201d.<\/p>\n<p>Vamos recebendo informa\u00e7\u00f5es espor\u00e1dicas e vamos assistindo aos estudos e argumentos que o edil das Caldas da Rainha vai colocando na rua enquanto h\u00e1 este vazio de decis\u00e3o.<\/p>\n<p>A Unidade Local de Sa\u00fade do Oeste anunciou recentemente um investimento de 8 milh\u00f5es de euros na reabilita\u00e7\u00e3o de um dos edif\u00edcios do Hospital de Caldas da Rainha. E Torres Vedras? Por aqui nem investimento no atual hospital, nem m\u00e9dicos.<\/p>\n<p>Em Torres Vedras, continuamos a ter 40 mil utentes do SNS sem m\u00e9dico de fam\u00edlia. Continuamos a ter um hospital onde n\u00e3o cabem os utentes que dele precisam e onde bastaria percorrer os corredores para perceber que falta dignidade e condi\u00e7\u00f5es tanto para os utentes como para os profissionais de sa\u00fade, que fazem o que podem para responder \u00e0s necessidades da popula\u00e7\u00e3o.<\/p>\n<p>Dizia-se em maio de 2024 que \u201co Governo encara este projeto como muito relevante para toda a regi\u00e3o e ir\u00e1 dar-lhe toda a prioridade que ele merece\u201d. A pergunta que fazemos, como certamente far\u00e1 a grande maioria dos oestinos \u00e9: ser\u00e1 esta a prioridade que merecemos?<\/p>\n<p>Passou quase um ano. A verba est\u00e1 inscrita no Or\u00e7amento de Estado de 2025. Por que esperamos?\u201d, questiona.<\/p>\n","protected":false},"excerpt":{"rendered":"<p>Laura Rodrigues, presidente da C\u00e2mara Municipal de Torres Vedras, enviou uma Carta aberta \u00e0 ministra da Sa\u00fade, Ana Paula Martins, a reclamar contra a deficiente assist\u00eancia m\u00e9dica no concelho, nomeadamente, a exist\u00eancia de 40 mil utentes do SNS sem m\u00e9dico de fam\u00edlia. \u201cA Coes\u00e3o Territorial \u00e9 uma express\u00e3o que \u00e9 querida a todos os governantes. [&hellip;]<\/p>\n","protected":false},"author":2,"featured_media":9336,"comment_status":"open","ping_status":"open","sticky":false,"template":"","format":"standard","meta":{"footnotes":""},"categories":[6],"tags":[],"class_list":["post-38587","post","type-post","status-publish","format-standard","has-post-thumbnail","hentry","category-saude"],"_links":{"self":[{"href":"https:\/\/tintafresca.net\/index.php\/wp-json\/wp\/v2\/posts\/38587","targetHints":{"allow":["GET"]}}],"collection":[{"href":"https:\/\/tintafresca.net\/index.php\/wp-json\/wp\/v2\/posts"}],"about":[{"href":"https:\/\/tintafresca.net\/index.php\/wp-json\/wp\/v2\/types\/post"}],"author":[{"embeddable":true,"href":"https:\/\/tintafresca.net\/index.php\/wp-json\/wp\/v2\/users\/2"}],"replies":[{"embeddable":true,"href":"https:\/\/tintafresca.net\/index.php\/wp-json\/wp\/v2\/comments?post=38587"}],"version-history":[{"count":2,"href":"https:\/\/tintafresca.net\/index.php\/wp-json\/wp\/v2\/posts\/38587\/revisions"}],"predecessor-version":[{"id":38589,"href":"https:\/\/tintafresca.net\/index.php\/wp-json\/wp\/v2\/posts\/38587\/revisions\/38589"}],"wp:featuredmedia":[{"embeddable":true,"href":"https:\/\/tintafresca.net\/index.php\/wp-json\/wp\/v2\/media\/9336"}],"wp:attachment":[{"href":"https:\/\/tintafresca.net\/index.php\/wp-json\/wp\/v2\/media?parent=38587"}],"wp:term":[{"taxonomy":"category","embeddable":true,"href":"https:\/\/tintafresca.net\/index.php\/wp-json\/wp\/v2\/categories?post=38587"},{"taxonomy":"post_tag","embeddable":true,"href":"https:\/\/tintafresca.net\/index.php\/wp-json\/wp\/v2\/tags?post=38587"}],"curies":[{"name":"wp","href":"https:\/\/api.w.org\/{rel}","templated":true}]}}