{"id":38628,"date":"2025-01-20T00:36:43","date_gmt":"2025-01-20T00:36:43","guid":{"rendered":"https:\/\/tintafresca.net\/?p=38628"},"modified":"2025-01-20T00:42:56","modified_gmt":"2025-01-20T00:42:56","slug":"municipio-da-batalha-inicia-obra-de-5-milhoes-de-euros-da-futura-unidade-de-saude","status":"publish","type":"post","link":"https:\/\/tintafresca.net\/index.php\/2025\/01\/20\/municipio-da-batalha-inicia-obra-de-5-milhoes-de-euros-da-futura-unidade-de-saude\/","title":{"rendered":"Munic\u00edpio da Batalha inicia obra de 5 milh\u00f5es de euros da futura Unidade de Sa\u00fade"},"content":{"rendered":"<div id=\"attachment_38630\" style=\"width: 510px\" class=\"wp-caption alignleft\"><img loading=\"lazy\" decoding=\"async\" aria-describedby=\"caption-attachment-38630\" class=\"wp-image-38630 size-full\" src=\"https:\/\/tintafresca.net\/wp-content\/uploads\/2025\/01\/BATALHA-CENTRO-SAUDE-80.jpg\" alt=\"\" width=\"500\" height=\"333\" srcset=\"https:\/\/tintafresca.net\/wp-content\/uploads\/2025\/01\/BATALHA-CENTRO-SAUDE-80.jpg 500w, https:\/\/tintafresca.net\/wp-content\/uploads\/2025\/01\/BATALHA-CENTRO-SAUDE-80-300x200.jpg 300w\" sizes=\"auto, (max-width: 500px) 100vw, 500px\" \/><p id=\"caption-attachment-38630\" class=\"wp-caption-text\">Secret\u00e1ria de Estado da Gest\u00e3o da Sa\u00fade, Cristina Vaz Tom\u00e9, foi a convidada de honra da cerim\u00f3nia<\/p><\/div>\n<p>O Munic\u00edpio da Batalha realizou este s\u00e1bado, dia 18 de janeiro, a cerim\u00f3nia de lan\u00e7amento da primeira pedra da futura Unidade de Sa\u00fade do concelho, com a presen\u00e7a da Secret\u00e1ria de Estado da Gest\u00e3o da Sa\u00fade, Cristina Vaz Tom\u00e9. O evento institucional teve lugar na Sala de Sess\u00f5es da C\u00e2mara Municipal da Batalha, seguindo-se uma visita ao local da obra para o ato simb\u00f3lico da coloca\u00e7\u00e3o da primeira pedra.<\/p>\n<p>Raul Castro, presidente do Munic\u00edpio da Batalha, explicou a relev\u00e2ncia desta sess\u00e3o. \u00abEsta \u00e9 uma cerim\u00f3nia muito simples, mas que, para n\u00f3s, tem uma grande import\u00e2ncia. Temos uma nova Unidade que vai dar resposta \u00e0s necessidades e at\u00e9 agora temos tido as respostas poss\u00edveis. N\u00e3o sabemos o futuro, mas temos de estar preparados, em articula\u00e7\u00e3o com o Minist\u00e9rio da Sa\u00fade e com a Unidade Local de Sa\u00fade da Regi\u00e3o de Leiria (ULSRL), para termos as melhores solu\u00e7\u00f5es e as melhores respostas para os nossos mun\u00edcipes.\u00bb<\/p>\n<p>\u00abEsta \u00e9 a cerim\u00f3nia de lan\u00e7amento da primeira pedra de um edificado que talvez seja o maior investimento feito pelo Munic\u00edpio da Batalha. Agrade\u00e7o \u00e0 Secret\u00e1ria de Estado e \u00e0 ULSRL, e espero que, em conjunto, possamos fazer o melhor que for poss\u00edvel para que, na Batalha, tenhamos as respostas sempre presentes. Este \u00e9 um ato simb\u00f3lico daquilo que representa para n\u00f3s a constru\u00e7\u00e3o da nova unidade de Sa\u00fade da Batalha. Espero que este ano ainda possa ser inaugurada\u00bb, rematou o presidente do Munic\u00edpio.<\/p>\n<p>A sess\u00e3o prosseguiu com a breve apresenta\u00e7\u00e3o do projeto da nova Unidade de Sa\u00fade da Batalha pela arquiteta Mar\u00edlia Torres, da empresa projetista Mech, que mostrou as v\u00e1rias \u00e1reas e funcionalidades que o novo edif\u00edcio ir\u00e1 ter.<\/p>\n<div id=\"attachment_38631\" style=\"width: 510px\" class=\"wp-caption alignleft\"><img loading=\"lazy\" decoding=\"async\" aria-describedby=\"caption-attachment-38631\" class=\"wp-image-38631 size-full\" src=\"https:\/\/tintafresca.net\/wp-content\/uploads\/2025\/01\/BATALHA-CENTRO-SAUDE-120.jpg\" alt=\"\" width=\"500\" height=\"281\" srcset=\"https:\/\/tintafresca.net\/wp-content\/uploads\/2025\/01\/BATALHA-CENTRO-SAUDE-120.jpg 500w, https:\/\/tintafresca.net\/wp-content\/uploads\/2025\/01\/BATALHA-CENTRO-SAUDE-120-300x169.jpg 300w\" sizes=\"auto, (max-width: 500px) 100vw, 500px\" \/><p id=\"caption-attachment-38631\" class=\"wp-caption-text\">Cerim\u00f3nia de lan\u00e7amento da primeira pedra<\/p><\/div>\n<p>O auto de not\u00edcia foi lido aos presentes, antes de ser assinado pelas entidades envolvidas na nova empreitada. Foi ainda lida uma mensagem pela m\u00e9dica Iracema Diogo, em nome de todos os profissionais das atuais unidades de sa\u00fade da Batalha, com os seus desejos e expectativas para os seus sucessores relativamente \u00e0 nova estrutura. Os dois documentos foram depois colocados na \u201cc\u00e1psula do tempo\u201d para mem\u00f3ria p\u00f3stuma.<\/p>\n<p>Cristina Vaz Tom\u00e9 encerrou a cerim\u00f3nia, dando os parab\u00e9ns aos envolvidos no projeto de arquitetura e constru\u00e7\u00e3o da nova obra, destacando o cuidado em diferenciar as \u00e1reas, pensando na experi\u00eancia do utente e do seu bem-estar. \u00abAjuda a captar e manter os profissionais de sa\u00fade, que v\u00e3o ter espa\u00e7os novos, com melhores condi\u00e7\u00f5es e com meios diferenciadores para dar melhores cuidados \u00e0 popula\u00e7\u00e3o. Sei que a Batalha tem uma cultura extraordin\u00e1ria, com uma taxa de cobertura de m\u00e9dicos de fam\u00edlia que ronda os 97%, e sem o apoio da autarquia \u00e9 muito dif\u00edcil ter esta taxa de sucesso.\u00bb<\/p>\n<p>\u00abO trabalho que tem sido feito pela C\u00e2mara Municipal da Batalha com a estreita articula\u00e7\u00e3o com a ULSRL, no que respeita os cuidados de sa\u00fade prim\u00e1rios, \u00e9 um trabalho de assinalar, de sucesso. A constru\u00e7\u00e3o desta nova unidade de sa\u00fade vai permitir melhores condi\u00e7\u00f5es de atra\u00e7\u00e3o e reten\u00e7\u00e3o de profissionais de sa\u00fade, e tamb\u00e9m melhores condi\u00e7\u00f5es de acesso aos mun\u00edcipes\u201d, sublinhou Cristina Vaz Tom\u00e9.<\/p>\n<p>\u201cO novo edif\u00edcio vai ter a capacidade para acolher cerca de 17 mil utentes, um n\u00famero muito significativo na capacidade de resposta do Servi\u00e7o Nacional de Sa\u00fade na atua\u00e7\u00e3o local. Estamos perante um investimento que supera os cinco milh\u00f5es de euros, e que ter\u00e1 financiamento do PRR, no valor de 4,5 milh\u00f5es de euros\u00bb, concluiu.<\/p>\n<p>Todos os presentes deslocaram-se depois ao local da obra da futura Unidade de Sa\u00fade da Batalha, sita na Avenida dos Descobrimentos, onde foi depositado e enterrado o auto de not\u00edcia, a mensagem dos profissionais e algumas moedas correntes, para mem\u00f3ria futura, com a ajuda dos respons\u00e1veis das v\u00e1rias entidades e convidados.<\/p>\n<p><strong>\u00a0 \u00a0 Fonte: AC|GCRP|CMB<\/strong><\/p>\n","protected":false},"excerpt":{"rendered":"<p>O Munic\u00edpio da Batalha realizou este s\u00e1bado, dia 18 de janeiro, a cerim\u00f3nia de lan\u00e7amento da primeira pedra da futura Unidade de Sa\u00fade do concelho, com a presen\u00e7a da Secret\u00e1ria de Estado da Gest\u00e3o da Sa\u00fade, Cristina Vaz Tom\u00e9. O evento institucional teve lugar na Sala de Sess\u00f5es da C\u00e2mara Municipal da Batalha, seguindo-se uma [&hellip;]<\/p>\n","protected":false},"author":2,"featured_media":38633,"comment_status":"open","ping_status":"open","sticky":false,"template":"","format":"standard","meta":{"footnotes":""},"categories":[6],"tags":[],"class_list":["post-38628","post","type-post","status-publish","format-standard","has-post-thumbnail","hentry","category-saude"],"_links":{"self":[{"href":"https:\/\/tintafresca.net\/index.php\/wp-json\/wp\/v2\/posts\/38628","targetHints":{"allow":["GET"]}}],"collection":[{"href":"https:\/\/tintafresca.net\/index.php\/wp-json\/wp\/v2\/posts"}],"about":[{"href":"https:\/\/tintafresca.net\/index.php\/wp-json\/wp\/v2\/types\/post"}],"author":[{"embeddable":true,"href":"https:\/\/tintafresca.net\/index.php\/wp-json\/wp\/v2\/users\/2"}],"replies":[{"embeddable":true,"href":"https:\/\/tintafresca.net\/index.php\/wp-json\/wp\/v2\/comments?post=38628"}],"version-history":[{"count":3,"href":"https:\/\/tintafresca.net\/index.php\/wp-json\/wp\/v2\/posts\/38628\/revisions"}],"predecessor-version":[{"id":38634,"href":"https:\/\/tintafresca.net\/index.php\/wp-json\/wp\/v2\/posts\/38628\/revisions\/38634"}],"wp:featuredmedia":[{"embeddable":true,"href":"https:\/\/tintafresca.net\/index.php\/wp-json\/wp\/v2\/media\/38633"}],"wp:attachment":[{"href":"https:\/\/tintafresca.net\/index.php\/wp-json\/wp\/v2\/media?parent=38628"}],"wp:term":[{"taxonomy":"category","embeddable":true,"href":"https:\/\/tintafresca.net\/index.php\/wp-json\/wp\/v2\/categories?post=38628"},{"taxonomy":"post_tag","embeddable":true,"href":"https:\/\/tintafresca.net\/index.php\/wp-json\/wp\/v2\/tags?post=38628"}],"curies":[{"name":"wp","href":"https:\/\/api.w.org\/{rel}","templated":true}]}}