{"id":38692,"date":"2025-01-23T22:49:52","date_gmt":"2025-01-23T22:49:52","guid":{"rendered":"https:\/\/tintafresca.net\/?p=38692"},"modified":"2025-01-25T01:09:16","modified_gmt":"2025-01-25T01:09:16","slug":"reabilitacao-no-edificio-sul-do-hospital-de-torres-vedras-tem-candidatura-aprovada","status":"publish","type":"post","link":"https:\/\/tintafresca.net\/index.php\/2025\/01\/23\/reabilitacao-no-edificio-sul-do-hospital-de-torres-vedras-tem-candidatura-aprovada\/","title":{"rendered":"Reabilita\u00e7\u00e3o no Edif\u00edcio Sul do Hospital de Torres Vedras tem candidatura aprovada"},"content":{"rendered":"<div id=\"attachment_38694\" style=\"width: 410px\" class=\"wp-caption alignleft\"><img loading=\"lazy\" decoding=\"async\" aria-describedby=\"caption-attachment-38694\" class=\"wp-image-38694 size-full\" src=\"https:\/\/tintafresca.net\/wp-content\/uploads\/2025\/01\/TV_Edificio-Sul_Hospital-de-Torres-Vedras-ULSOeste10.jpg\" alt=\"\" width=\"400\" height=\"583\" srcset=\"https:\/\/tintafresca.net\/wp-content\/uploads\/2025\/01\/TV_Edificio-Sul_Hospital-de-Torres-Vedras-ULSOeste10.jpg 400w, https:\/\/tintafresca.net\/wp-content\/uploads\/2025\/01\/TV_Edificio-Sul_Hospital-de-Torres-Vedras-ULSOeste10-206x300.jpg 206w\" sizes=\"auto, (max-width: 400px) 100vw, 400px\" \/><p id=\"caption-attachment-38694\" class=\"wp-caption-text\">Edif\u00edcio Sul do Hospital de Torres Vedras<\/p><\/div>\n<p>A Unidade Local de Sa\u00fade do Oeste viu aprovado um projeto de reabilita\u00e7\u00e3o do edif\u00edcio designado como \u2018Bloco Sul\u2019 do Hospital de Torres Vedras. A interven\u00e7\u00e3o a realizar &#8211; num investimento estimado de cerca de 625 mil euros &#8211; visa melhorar as condi\u00e7\u00f5es de seguran\u00e7a, o comportamento t\u00e9rmico, e as condi\u00e7\u00f5es de salubridade destas instala\u00e7\u00f5es.<\/p>\n<p>Este edif\u00edcio foi constru\u00eddo em 1988 e apresenta sinais vis\u00edveis de degrada\u00e7\u00e3o, havendo necessidade de efetuar a recupera\u00e7\u00e3o dos revestimentos e da fachada, bem como a substitui\u00e7\u00e3o da caixilharia existente e das caixas de estores. Funcionam no \u2018Bloco Sul\u2019 a consulta externa das v\u00e1rias especialidades m\u00e9dicas e diversas enfermarias de internamento de doentes.<\/p>\n<p>\u00abA realiza\u00e7\u00e3o destas obras insere-se num conjunto de iniciativas a realizar num futuro pr\u00f3ximo no sentido de valorizar o Hospital de Torres Vedras e melhorar as suas infraestruturas\u00bb, refere Elsa Bai\u00e3o, presidente do Conselho de Administra\u00e7\u00e3o da ULS Oeste. \u00abEste investimento \u00e9 uma evid\u00eancia clara da aposta nas instala\u00e7\u00f5es deste Hospital, porquanto as mesmas s\u00e3o tamb\u00e9m uma parte relevante da capacidade da Institui\u00e7\u00e3o em prestar cuidados de sa\u00fade de qualidade\u00bb, diz a respons\u00e1vel.<\/p>\n<p>Este projeto da ULS Oeste foi objeto de uma candidatura junto do Fundo de Reabilita\u00e7\u00e3o e Conserva\u00e7\u00e3o Patrimonial\/ESTAMO, estando a interven\u00e7\u00e3o or\u00e7ada em cerca de 625 mil euros, 80% dos quais v\u00e3o ser comparticipados pelo referido Fundo. Essa candidatura foi recentemente aprovada e a ULS Oeste proceder\u00e1, em breve, \u00e0 realiza\u00e7\u00e3o do concurso para concretiza\u00e7\u00e3o das obras de reabilita\u00e7\u00e3o.<\/p>\n<p>\u00abA ULS Oeste tem em desenvolvimento, na Institui\u00e7\u00e3o na sua globalidade, diversas outras candidaturas de financiamento para melhorias ao n\u00edvel dos edif\u00edcios hospitalares, mas tamb\u00e9m para iniciativas diretamente ligadas \u00e0 presta\u00e7\u00e3o de cuidados de sa\u00fade. \u00c9 tamb\u00e9m o caso do Hospital de Torres Vedras, uma unidade hospitalar que serve a popula\u00e7\u00e3o do Oeste com o foco na satisfa\u00e7\u00e3o das suas necessidades\u00bb, conclui Elsa Bai\u00e3o. Entre outras debilidades atualmente existentes, a degrada\u00e7\u00e3o superficial do edif\u00edcio \u00e9 pass\u00edvel de criar problemas de resist\u00eancia estrutural a longo prazo, pelo que esta interven\u00e7\u00e3o foi considerada priorit\u00e1ria pelo Conselho de Administra\u00e7\u00e3o da ULS Oeste.<\/p>\n<p>Sobre a Unidade Local de Sa\u00fade do Oeste<\/p>\n<p>A Unidade Local de Sa\u00fade do Oeste agrega numa \u00fanica entidade o Centro Hospitalar do Oeste, o Agrupamento de Centros de Sa\u00fade do Oeste Norte e o Agrupamento de Centros de Sa\u00fade do Oeste Sul. A ULS do Oeste iniciou o seu funcionamento no dia 1 de janeiro de 2024 e integra os concelhos de Caldas da Rainha, \u00d3bidos, Bombarral, Peniche (ACES Oeste Norte), Lourinh\u00e3, Cadaval, Torres Vedras, Sobral Monte Agra\u00e7o (ACES Oeste Sul).<\/p>\n<p>Tem como Miss\u00e3o a resposta integrada \u00e0s necessidades de sa\u00fade da popula\u00e7\u00e3o da sua \u00e1rea de abrang\u00eancia, prestando cuidados de sa\u00fade de forma multidisciplinar, com rigor e excel\u00eancia t\u00e9cnica, cient\u00edfica e organizativa, com \u00e9tica profissional e justi\u00e7a social, assegurando a cada doente os cuidados que correspondam \u00e0s suas necessidades, de acordo com as melhores pr\u00e1ticas cl\u00ednicas e uma eficiente utiliza\u00e7\u00e3o dos recursos dispon\u00edveis.<\/p>\n<p><strong>Fonte: GC|ULS|Oeste<\/strong><\/p>\n","protected":false},"excerpt":{"rendered":"<p>A Unidade Local de Sa\u00fade do Oeste viu aprovado um projeto de reabilita\u00e7\u00e3o do edif\u00edcio designado como \u2018Bloco Sul\u2019 do Hospital de Torres Vedras. A interven\u00e7\u00e3o a realizar &#8211; num investimento estimado de cerca de 625 mil euros &#8211; visa melhorar as condi\u00e7\u00f5es de seguran\u00e7a, o comportamento t\u00e9rmico, e as condi\u00e7\u00f5es de salubridade destas instala\u00e7\u00f5es. [&hellip;]<\/p>\n","protected":false},"author":2,"featured_media":38695,"comment_status":"open","ping_status":"open","sticky":false,"template":"","format":"standard","meta":{"footnotes":""},"categories":[6],"tags":[],"class_list":["post-38692","post","type-post","status-publish","format-standard","has-post-thumbnail","hentry","category-saude"],"_links":{"self":[{"href":"https:\/\/tintafresca.net\/index.php\/wp-json\/wp\/v2\/posts\/38692","targetHints":{"allow":["GET"]}}],"collection":[{"href":"https:\/\/tintafresca.net\/index.php\/wp-json\/wp\/v2\/posts"}],"about":[{"href":"https:\/\/tintafresca.net\/index.php\/wp-json\/wp\/v2\/types\/post"}],"author":[{"embeddable":true,"href":"https:\/\/tintafresca.net\/index.php\/wp-json\/wp\/v2\/users\/2"}],"replies":[{"embeddable":true,"href":"https:\/\/tintafresca.net\/index.php\/wp-json\/wp\/v2\/comments?post=38692"}],"version-history":[{"count":2,"href":"https:\/\/tintafresca.net\/index.php\/wp-json\/wp\/v2\/posts\/38692\/revisions"}],"predecessor-version":[{"id":38696,"href":"https:\/\/tintafresca.net\/index.php\/wp-json\/wp\/v2\/posts\/38692\/revisions\/38696"}],"wp:featuredmedia":[{"embeddable":true,"href":"https:\/\/tintafresca.net\/index.php\/wp-json\/wp\/v2\/media\/38695"}],"wp:attachment":[{"href":"https:\/\/tintafresca.net\/index.php\/wp-json\/wp\/v2\/media?parent=38692"}],"wp:term":[{"taxonomy":"category","embeddable":true,"href":"https:\/\/tintafresca.net\/index.php\/wp-json\/wp\/v2\/categories?post=38692"},{"taxonomy":"post_tag","embeddable":true,"href":"https:\/\/tintafresca.net\/index.php\/wp-json\/wp\/v2\/tags?post=38692"}],"curies":[{"name":"wp","href":"https:\/\/api.w.org\/{rel}","templated":true}]}}