{"id":38724,"date":"2025-01-27T23:20:35","date_gmt":"2025-01-27T23:20:35","guid":{"rendered":"https:\/\/tintafresca.net\/?p=38724"},"modified":"2025-01-27T23:30:29","modified_gmt":"2025-01-27T23:30:29","slug":"medicina-ulisboa-campus-de-torres-vedras-candidata-se-a-unidade-de-saude-familiar","status":"publish","type":"post","link":"https:\/\/tintafresca.net\/index.php\/2025\/01\/27\/medicina-ulisboa-campus-de-torres-vedras-candidata-se-a-unidade-de-saude-familiar\/","title":{"rendered":"Medicina ULisboa &#8211; Campus de Torres Vedras candidata-se a Unidade de Sa\u00fade Familiar"},"content":{"rendered":"<div id=\"attachment_38726\" style=\"width: 510px\" class=\"wp-caption alignleft\"><img loading=\"lazy\" decoding=\"async\" aria-describedby=\"caption-attachment-38726\" class=\"wp-image-38726\" src=\"https:\/\/tintafresca.net\/wp-content\/uploads\/2025\/01\/TV_Nova_Medicina.jpeg\" alt=\"\" width=\"500\" height=\"281\" srcset=\"https:\/\/tintafresca.net\/wp-content\/uploads\/2025\/01\/TV_Nova_Medicina.jpeg 720w, https:\/\/tintafresca.net\/wp-content\/uploads\/2025\/01\/TV_Nova_Medicina-300x169.jpeg 300w\" sizes=\"auto, (max-width: 500px) 100vw, 500px\" \/><p id=\"caption-attachment-38726\" class=\"wp-caption-text\">Medicina ULisboa \u2013 Campus de Torres Vedras<\/p><\/div>\n<p>O Medicina ULisboa \u2013 Campus de Torres Vedras formalizou, em 20 de dezembro de 2024, a sua pr\u00e9-candidatura para a cria\u00e7\u00e3o de uma Unidade de Sa\u00fade Familiar (USF) modelo C.<\/p>\n<p>A cria\u00e7\u00e3o desta unidade no antigo Hospital Dr. Jos\u00e9 Maria Antunes J\u00fanior tem como objetivo garantir, numa primeira fase, cuidados de sa\u00fade prim\u00e1rios a 10.000 utentes do concelho de Torres Vedras e, numa segunda fase, a cerca de 20.000 utentes.<\/p>\n<p>Esta candidatura reflete o compromisso em implementar um modelo de cuidados de sa\u00fade que promova a qualidade cl\u00ednica, a proximidade e a efici\u00eancia, alinhando-se com a vis\u00e3o estrat\u00e9gica da Faculdade de Medicina da Universidade de Lisboa e da C\u00e2mara Municipal de Torres Vedras para o desenvolvimento do Medicina ULisboa \u2013 Campus de Torres Vedras.<\/p>\n<p>As USF modelo C asseguram a presta\u00e7\u00e3o de cuidados de sa\u00fade prim\u00e1rios, sendo constitu\u00eddas para colmatar necessidades espec\u00edficas numa determinada Unidade Local de Sa\u00fade (ULS).<\/p>\n<p>A cria\u00e7\u00e3o desta unidade pretende trazer um conjunto benef\u00edcios para a regi\u00e3o, nomeadamente melhoria no acesso aos cuidados de sa\u00fade (permitir\u00e1 uma maior cobertura de cuidados prim\u00e1rios, atendendo \u00e0s necessidades espec\u00edficas da popula\u00e7\u00e3o local); forma\u00e7\u00e3o para profissionais de sa\u00fade (integrada no ambiente acad\u00e9mico do Medicina ULisboa \u2013 Campus de Torres Vedras, proporcionar\u00e1 oportunidades de forma\u00e7\u00e3o cont\u00ednua e desenvolvimento profissional).<\/p>\n<p>Para al\u00e9m disso, promover\u00e1 e realizar\u00e1 projetos de investiga\u00e7\u00e3o relevantes para a sa\u00fade das popula\u00e7\u00f5es (a proximidade entre a pr\u00e1tica cl\u00ednica e a investiga\u00e7\u00e3o facilitar\u00e1 a condu\u00e7\u00e3o de estudos que respondam \u00e0s necessidades reais da comunidade).<\/p>\n<p>O Medicina ULisboa \u2013 Campus de Torres Vedras \u00e9 um projeto da Faculdade de Medicina da Universidade de Lisboa e da C\u00e2mara Municipal de Torres Vedras, com o apoio de entidades locais e nacionais, que est\u00e1 a ser implementado no antigo Hospital Dr. Jos\u00e9 Maria Antunes J\u00fanior, em Torres Vedras.<\/p>\n<p>Este campus ir\u00e1 incluir um polo de cuidados de sa\u00fade p\u00fablica e interdisciplinar, um polo acad\u00e9mico e de investiga\u00e7\u00e3o e um polo de medicina humanit\u00e1ria, de emerg\u00eancia e cat\u00e1strofe. A escolha deste modelo de funcionamento visa fortalecer a liga\u00e7\u00e3o entre a pr\u00e1tica cl\u00ednica, o ensino e a investiga\u00e7\u00e3o, promovendo tamb\u00e9m um espa\u00e7o de aprendizagem e inova\u00e7\u00e3o para profissionais de sa\u00fade.<\/p>\n<p><strong>\u00a0 \u00a0Fonte: ACM|CMTV<\/strong><\/p>\n","protected":false},"excerpt":{"rendered":"<p>O Medicina ULisboa \u2013 Campus de Torres Vedras formalizou, em 20 de dezembro de 2024, a sua pr\u00e9-candidatura para a cria\u00e7\u00e3o de uma Unidade de Sa\u00fade Familiar (USF) modelo C. A cria\u00e7\u00e3o desta unidade no antigo Hospital Dr. Jos\u00e9 Maria Antunes J\u00fanior tem como objetivo garantir, numa primeira fase, cuidados de sa\u00fade prim\u00e1rios a 10.000 [&hellip;]<\/p>\n","protected":false},"author":2,"featured_media":38728,"comment_status":"open","ping_status":"open","sticky":false,"template":"","format":"standard","meta":{"footnotes":""},"categories":[6],"tags":[],"class_list":["post-38724","post","type-post","status-publish","format-standard","has-post-thumbnail","hentry","category-saude"],"_links":{"self":[{"href":"https:\/\/tintafresca.net\/index.php\/wp-json\/wp\/v2\/posts\/38724","targetHints":{"allow":["GET"]}}],"collection":[{"href":"https:\/\/tintafresca.net\/index.php\/wp-json\/wp\/v2\/posts"}],"about":[{"href":"https:\/\/tintafresca.net\/index.php\/wp-json\/wp\/v2\/types\/post"}],"author":[{"embeddable":true,"href":"https:\/\/tintafresca.net\/index.php\/wp-json\/wp\/v2\/users\/2"}],"replies":[{"embeddable":true,"href":"https:\/\/tintafresca.net\/index.php\/wp-json\/wp\/v2\/comments?post=38724"}],"version-history":[{"count":2,"href":"https:\/\/tintafresca.net\/index.php\/wp-json\/wp\/v2\/posts\/38724\/revisions"}],"predecessor-version":[{"id":38727,"href":"https:\/\/tintafresca.net\/index.php\/wp-json\/wp\/v2\/posts\/38724\/revisions\/38727"}],"wp:featuredmedia":[{"embeddable":true,"href":"https:\/\/tintafresca.net\/index.php\/wp-json\/wp\/v2\/media\/38728"}],"wp:attachment":[{"href":"https:\/\/tintafresca.net\/index.php\/wp-json\/wp\/v2\/media?parent=38724"}],"wp:term":[{"taxonomy":"category","embeddable":true,"href":"https:\/\/tintafresca.net\/index.php\/wp-json\/wp\/v2\/categories?post=38724"},{"taxonomy":"post_tag","embeddable":true,"href":"https:\/\/tintafresca.net\/index.php\/wp-json\/wp\/v2\/tags?post=38724"}],"curies":[{"name":"wp","href":"https:\/\/api.w.org\/{rel}","templated":true}]}}