{"id":38768,"date":"2025-01-31T23:20:56","date_gmt":"2025-01-31T23:20:56","guid":{"rendered":"https:\/\/tintafresca.net\/?p=38768"},"modified":"2025-02-02T01:21:34","modified_gmt":"2025-02-02T01:21:34","slug":"municipio-de-leiria-defende-investimentos-estruturantes-para-maximizar-os-beneficios-do-tgv","status":"publish","type":"post","link":"https:\/\/tintafresca.net\/index.php\/2025\/01\/31\/municipio-de-leiria-defende-investimentos-estruturantes-para-maximizar-os-beneficios-do-tgv\/","title":{"rendered":"Munic\u00edpio de Leiria defende investimentos estruturantes para maximizar benef\u00edcios do TGV"},"content":{"rendered":"<div id=\"attachment_34454\" style=\"width: 410px\" class=\"wp-caption alignleft\"><img loading=\"lazy\" decoding=\"async\" aria-describedby=\"caption-attachment-34454\" class=\"wp-image-34454\" src=\"https:\/\/tintafresca.net\/wp-content\/uploads\/2024\/03\/Leiria_CP.jpg\" alt=\"\" width=\"400\" height=\"534\" srcset=\"https:\/\/tintafresca.net\/wp-content\/uploads\/2024\/03\/Leiria_CP.jpg 455w, https:\/\/tintafresca.net\/wp-content\/uploads\/2024\/03\/Leiria_CP-225x300.jpg 225w\" sizes=\"auto, (max-width: 400px) 100vw, 400px\" \/><p id=\"caption-attachment-34454\" class=\"wp-caption-text\">Esta\u00e7\u00e3o de Leiria<\/p><\/div>\n<p>O presidente da C\u00e2mara Municipal de Leiria, Gon\u00e7alo Lopes, reafirmou, esta sexta-feira, a necessidade de garantir os investimentos complementares que permitam uma plena integra\u00e7\u00e3o da Alta Velocidade na regi\u00e3o e maximizar o seu potencial de contributo para o desenvolvimento local.<\/p>\n<p>Na confer\u00eancia &#8220;Alta Velocidade, o fator-chave da Mobilidade&#8221;, realizada no dia 31 de janeiro na Esta\u00e7\u00e3o Ferrovi\u00e1ria de Leiria, Gon\u00e7alo Lopes destacou que este investimento ferrovi\u00e1rio representa uma oportunidade hist\u00f3rica para corrigir desigualdades e impulsionar uma nova era na mobilidade regional.<\/p>\n<p>A futura esta\u00e7\u00e3o da Alta Velocidade, agora projetada para a Barosa, embora seja um avan\u00e7o significativo, exige solu\u00e7\u00f5es concretas para garantir acessibilidade eficiente e integra\u00e7\u00e3o territorial equilibrada. Nesse sentido, o Munic\u00edpio defende um conjunto de investimentos estruturantes para maximizar os benef\u00edcios desta infraestrutura, entre os quais:<\/p>\n<p><strong>Melhorias nas acessibilidades e mobilidade<\/strong><\/p>\n<ul>\n<li>Duplica\u00e7\u00e3o da EN242 entre a rotunda da A8 e o N\u00f3 do Barruivo, incluindo um viaduto sobre a A19.<\/li>\n<li>Nova liga\u00e7\u00e3o rodovi\u00e1ria sobre a A19, conectando diretamente a esta\u00e7\u00e3o ao Terminal Intermodal de Leiria (TIL).<\/li>\n<li>Reformula\u00e7\u00e3o da rede vi\u00e1ria, prevenindo congestionamentos e garantindo liga\u00e7\u00f5es eficientes \u00e0 cidade.<\/li>\n<li>Execu\u00e7\u00e3o do tramo norte da Circular Externa de Leiria, assegurando uma liga\u00e7\u00e3o r\u00e1pida entre a Barosa, a Rotunda do Falc\u00e3o e a A1.<\/li>\n<li>Convers\u00e3o do canal desativado da Linha do Oeste numa via exclusiva para transportes p\u00fablicos el\u00e9tricos e mobilidade suave.<\/li>\n<li>Cria\u00e7\u00e3o de uma liga\u00e7\u00e3o ferrovi\u00e1ria curta entre a nova esta\u00e7\u00e3o da Alta Velocidade e a atual esta\u00e7\u00e3o da Linha do Oeste, garantindo uma integra\u00e7\u00e3o eficiente entre os dois sistemas.<\/li>\n<\/ul>\n<p><strong>Sustentabilidade e Equil\u00edbrio Ambiental<\/strong><\/p>\n<ul>\n<li>Implementa\u00e7\u00e3o de um corredor verde entre a nova esta\u00e7\u00e3o e o Vale do Lis.<\/li>\n<li>Desenvolvimento de uma \u00e1rea de compensa\u00e7\u00e3o ambiental na Barosa, mitigando os impactos da desfloresta\u00e7\u00e3o.<\/li>\n<li>Constru\u00e7\u00e3o de um parque de estacionamento com 500 lugares, garantindo acessibilidade aos utilizadores da esta\u00e7\u00e3o.<\/li>\n<\/ul>\n<p><strong>Planeamento Urbano e Desenvolvimento Regional<\/strong><\/p>\n<ul>\n<li>Requalifica\u00e7\u00e3o da atual esta\u00e7\u00e3o ferrovi\u00e1ria de Leiria, transformando-a num espa\u00e7o de mobilidade urbana sustent\u00e1vel.<\/li>\n<li>Cria\u00e7\u00e3o de espa\u00e7os para mobilidade suave, lazer e cultura na \u00e1rea envolvente \u00e0 esta\u00e7\u00e3o atual.<\/li>\n<li>Garantia do papel central do Munic\u00edpio no planeamento da nova esta\u00e7\u00e3o, assegurando que esta sirva as reais necessidades da cidade.<\/li>\n<\/ul>\n<p>Al\u00e9m destas propostas, Gon\u00e7alo Lopes refor\u00e7ou a necessidade de isen\u00e7\u00e3o de portagens em tro\u00e7os da A8, A17 e IC36, uma medida fundamental para reduzir custos e incentivar a utiliza\u00e7\u00e3o da nova esta\u00e7\u00e3o.<\/p>\n<p>&#8220;Com vontade pol\u00edtica, di\u00e1logo e compromisso, podemos construir uma Leiria mais conectada, mais competitiva e mais atrativa, pronta para enfrentar os desafios do s\u00e9culo XXI e continuar a contribuir para o progresso do nosso pa\u00eds&#8221;, concluiu o presidente da C\u00e2mara.<\/p>\n<p>A confer\u00eancia, organizada pelo Munic\u00edpio de Leiria e pelo Jornal Regi\u00e3o de Leiria, contou com a presen\u00e7a do secret\u00e1rio de Estado das Infraestruturas, Hugo Esp\u00edrito Santo, e de especialistas na \u00e1rea dos transportes, refor\u00e7ando o compromisso da regi\u00e3o com o desenvolvimento da mobilidade e da infraestrutura ferrovi\u00e1ria como elementos-chave para um futuro mais sustent\u00e1vel.<\/p>\n<p>O evento contou com a participa\u00e7\u00e3o de representantes de diversas entidades, empresas e sociedade civil, bem como Carlos Fernandes, vice-presidente da Infraestruturas de Portugal, Jos\u00e9 Rui Raposo, porta-voz da Comiss\u00e3o para a Defesa da Linha do Oeste, e Manuel T\u00e3o, especialista em planeamento de transportes.<\/p>\n<p>A confer\u00eancia terminou com a grava\u00e7\u00e3o de um podcast ao vivo com os jornalistas Carlos Cipriano, R\u00faben Martins e Diogo Nunes sobre a Alta Velocidade vista a partir de Leiria, reafirmando o compromisso da regi\u00e3o com o desenvolvimento da mobilidade e da infraestrutura ferrovi\u00e1ria, essenciais para o futuro sustent\u00e1vel de Leiria e do pa\u00eds.<\/p>\n<p><strong>\u00a0 \u00a0Fonte: DCRP|CML<\/strong><\/p>\n","protected":false},"excerpt":{"rendered":"<p>O presidente da C\u00e2mara Municipal de Leiria, Gon\u00e7alo Lopes, reafirmou, esta sexta-feira, a necessidade de garantir os investimentos complementares que permitam uma plena integra\u00e7\u00e3o da Alta Velocidade na regi\u00e3o e maximizar o seu potencial de contributo para o desenvolvimento local. Na confer\u00eancia &#8220;Alta Velocidade, o fator-chave da Mobilidade&#8221;, realizada no dia 31 de janeiro na [&hellip;]<\/p>\n","protected":false},"author":2,"featured_media":34455,"comment_status":"open","ping_status":"open","sticky":false,"template":"","format":"standard","meta":{"footnotes":""},"categories":[9,7],"tags":[],"class_list":["post-38768","post","type-post","status-publish","format-standard","has-post-thumbnail","hentry","category-ambiente","category-economia"],"_links":{"self":[{"href":"https:\/\/tintafresca.net\/index.php\/wp-json\/wp\/v2\/posts\/38768","targetHints":{"allow":["GET"]}}],"collection":[{"href":"https:\/\/tintafresca.net\/index.php\/wp-json\/wp\/v2\/posts"}],"about":[{"href":"https:\/\/tintafresca.net\/index.php\/wp-json\/wp\/v2\/types\/post"}],"author":[{"embeddable":true,"href":"https:\/\/tintafresca.net\/index.php\/wp-json\/wp\/v2\/users\/2"}],"replies":[{"embeddable":true,"href":"https:\/\/tintafresca.net\/index.php\/wp-json\/wp\/v2\/comments?post=38768"}],"version-history":[{"count":3,"href":"https:\/\/tintafresca.net\/index.php\/wp-json\/wp\/v2\/posts\/38768\/revisions"}],"predecessor-version":[{"id":38772,"href":"https:\/\/tintafresca.net\/index.php\/wp-json\/wp\/v2\/posts\/38768\/revisions\/38772"}],"wp:featuredmedia":[{"embeddable":true,"href":"https:\/\/tintafresca.net\/index.php\/wp-json\/wp\/v2\/media\/34455"}],"wp:attachment":[{"href":"https:\/\/tintafresca.net\/index.php\/wp-json\/wp\/v2\/media?parent=38768"}],"wp:term":[{"taxonomy":"category","embeddable":true,"href":"https:\/\/tintafresca.net\/index.php\/wp-json\/wp\/v2\/categories?post=38768"},{"taxonomy":"post_tag","embeddable":true,"href":"https:\/\/tintafresca.net\/index.php\/wp-json\/wp\/v2\/tags?post=38768"}],"curies":[{"name":"wp","href":"https:\/\/api.w.org\/{rel}","templated":true}]}}