{"id":38779,"date":"2025-02-02T01:13:31","date_gmt":"2025-02-02T01:13:31","guid":{"rendered":"https:\/\/tintafresca.net\/?p=38779"},"modified":"2025-02-03T00:51:59","modified_gmt":"2025-02-03T00:51:59","slug":"governo-vai-apoiar-municipios-na-reabilitacao-de-pedreiras","status":"publish","type":"post","link":"https:\/\/tintafresca.net\/index.php\/2025\/02\/02\/governo-vai-apoiar-municipios-na-reabilitacao-de-pedreiras\/","title":{"rendered":"Governo vai apoiar munic\u00edpios na reabilita\u00e7\u00e3o de pedreiras"},"content":{"rendered":"<div id=\"attachment_17324\" style=\"width: 510px\" class=\"wp-caption alignleft\"><img loading=\"lazy\" decoding=\"async\" aria-describedby=\"caption-attachment-17324\" class=\"wp-image-17324 size-full\" src=\"https:\/\/tintafresca.net\/wp-content\/uploads\/2022\/06\/Batalha_Pedreiras-Historicas10.jpg\" alt=\"\" width=\"500\" height=\"331\" srcset=\"https:\/\/tintafresca.net\/wp-content\/uploads\/2022\/06\/Batalha_Pedreiras-Historicas10.jpg 500w, https:\/\/tintafresca.net\/wp-content\/uploads\/2022\/06\/Batalha_Pedreiras-Historicas10-300x199.jpg 300w\" sizes=\"auto, (max-width: 500px) 100vw, 500px\" \/><p id=\"caption-attachment-17324\" class=\"wp-caption-text\">Pedreira no concelho da Batalha<\/p><\/div>\n<p>O Minist\u00e9rio do Ambiente e da Energia autorizou a abertura, para o primeiro trimestre de 2025, de um concurso destinado aos munic\u00edpios para o financiamento da elabora\u00e7\u00e3o, altera\u00e7\u00e3o ou revis\u00e3o de Planos de Pormenor (PP) em \u00e1reas de explora\u00e7\u00e3o de pedra e pedreiras em situa\u00e7\u00e3o cr\u00edtica. Com uma dota\u00e7\u00e3o global de 3 milh\u00f5es de euros, este apoio ser\u00e1 atribu\u00eddo pelo Fundo Ambiental, permitindo o reembolso integral dos custos associados a esses processos.<\/p>\n<p>O objetivo deste financiamento \u00e9 assegurar a correta gest\u00e3o territorial e ambiental destas \u00e1reas, mitigando riscos e promovendo a sua recupera\u00e7\u00e3o sustent\u00e1vel. Poder\u00e3o candidatar-se os munic\u00edpios que incluam pelo menos uma pedreira identificada no Plano de Interven\u00e7\u00e3o de Pedreiras em Situa\u00e7\u00e3o Cr\u00edtica. O montante m\u00e1ximo de financiamento por cada Plano de Pormenor ser\u00e1 de 90 mil euros.<\/p>\n<p>A recupera\u00e7\u00e3o de \u00e1reas de explora\u00e7\u00e3o de pedra \u00e9 fundamental para evitar riscos ambientais e garantir a seguran\u00e7a das popula\u00e7\u00f5es locais. Estas \u00e1reas, muitas vezes degradadas e abandonadas ap\u00f3s a explora\u00e7\u00e3o, representam n\u00e3o s\u00f3 um desafio ambiental, mas tamb\u00e9m uma oportunidade para regenera\u00e7\u00e3o territorial e desenvolvimento sustent\u00e1vel.<\/p>\n<p>De acordo com a ministra do Ambiente e Energia, Maria da Gra\u00e7a Carvalho, \u201co financiamento permitir\u00e1 que os munic\u00edpios promovam uma requalifica\u00e7\u00e3o sustent\u00e1vel, minimizando os impactos negativos e favorecendo a reintegra\u00e7\u00e3o destas zonas no ordenamento territorial. Ao restaurar estas \u00e1reas, os munic\u00edpios poder\u00e3o transformar espa\u00e7os degradados em zonas produtivas e ecologicamente equilibradas, reduzindo os riscos de eros\u00e3o do solo, promovendo a biodiversidade e melhorando a paisagem\u201d.<\/p>\n<p>\u201cAl\u00e9m do impacto ambiental, a recupera\u00e7\u00e3o das pedreiras tem efeitos econ\u00f3micos e sociais positivos. Com este apoio, os munic\u00edpios poder\u00e3o planear solu\u00e7\u00f5es inovadoras para reaproveitamento dos terrenos, seja para novos usos industriais e comerciais, seja para espa\u00e7os de lazer e turismo sustent\u00e1vel. Estas iniciativas n\u00e3o s\u00f3 melhoram a qualidade de vida das popula\u00e7\u00f5es locais, como tamb\u00e9m contribuem para a atra\u00e7\u00e3o de investimentos e gera\u00e7\u00e3o de emprego nas regi\u00f5es afetadas\u201d, conclui Maria da Gra\u00e7a Carvalho.<\/p>\n<p><strong>\u00a0 \u00a0 Fonte: MAE<\/strong><\/p>\n","protected":false},"excerpt":{"rendered":"<p>O Minist\u00e9rio do Ambiente e da Energia autorizou a abertura, para o primeiro trimestre de 2025, de um concurso destinado aos munic\u00edpios para o financiamento da elabora\u00e7\u00e3o, altera\u00e7\u00e3o ou revis\u00e3o de Planos de Pormenor (PP) em \u00e1reas de explora\u00e7\u00e3o de pedra e pedreiras em situa\u00e7\u00e3o cr\u00edtica. Com uma dota\u00e7\u00e3o global de 3 milh\u00f5es de euros, [&hellip;]<\/p>\n","protected":false},"author":2,"featured_media":38781,"comment_status":"open","ping_status":"open","sticky":false,"template":"","format":"standard","meta":{"footnotes":""},"categories":[9],"tags":[],"class_list":["post-38779","post","type-post","status-publish","format-standard","has-post-thumbnail","hentry","category-ambiente"],"_links":{"self":[{"href":"https:\/\/tintafresca.net\/index.php\/wp-json\/wp\/v2\/posts\/38779","targetHints":{"allow":["GET"]}}],"collection":[{"href":"https:\/\/tintafresca.net\/index.php\/wp-json\/wp\/v2\/posts"}],"about":[{"href":"https:\/\/tintafresca.net\/index.php\/wp-json\/wp\/v2\/types\/post"}],"author":[{"embeddable":true,"href":"https:\/\/tintafresca.net\/index.php\/wp-json\/wp\/v2\/users\/2"}],"replies":[{"embeddable":true,"href":"https:\/\/tintafresca.net\/index.php\/wp-json\/wp\/v2\/comments?post=38779"}],"version-history":[{"count":2,"href":"https:\/\/tintafresca.net\/index.php\/wp-json\/wp\/v2\/posts\/38779\/revisions"}],"predecessor-version":[{"id":38782,"href":"https:\/\/tintafresca.net\/index.php\/wp-json\/wp\/v2\/posts\/38779\/revisions\/38782"}],"wp:featuredmedia":[{"embeddable":true,"href":"https:\/\/tintafresca.net\/index.php\/wp-json\/wp\/v2\/media\/38781"}],"wp:attachment":[{"href":"https:\/\/tintafresca.net\/index.php\/wp-json\/wp\/v2\/media?parent=38779"}],"wp:term":[{"taxonomy":"category","embeddable":true,"href":"https:\/\/tintafresca.net\/index.php\/wp-json\/wp\/v2\/categories?post=38779"},{"taxonomy":"post_tag","embeddable":true,"href":"https:\/\/tintafresca.net\/index.php\/wp-json\/wp\/v2\/tags?post=38779"}],"curies":[{"name":"wp","href":"https:\/\/api.w.org\/{rel}","templated":true}]}}