{"id":38788,"date":"2025-02-02T12:35:12","date_gmt":"2025-02-02T12:35:12","guid":{"rendered":"https:\/\/tintafresca.net\/?p=38788"},"modified":"2025-02-02T12:35:12","modified_gmt":"2025-02-02T12:35:12","slug":"turismo-do-centro-lanca-novo-produto-turistico-estradas-com-historia-en16-e-en17","status":"publish","type":"post","link":"https:\/\/tintafresca.net\/index.php\/2025\/02\/02\/turismo-do-centro-lanca-novo-produto-turistico-estradas-com-historia-en16-e-en17\/","title":{"rendered":"Turismo do Centro lan\u00e7a novo produto tur\u00edstico   \u201cEstradas com Hist\u00f3ria: EN16 e EN17\u201d"},"content":{"rendered":"<div id=\"attachment_38791\" style=\"width: 510px\" class=\"wp-caption alignleft\"><img loading=\"lazy\" decoding=\"async\" aria-describedby=\"caption-attachment-38791\" class=\"wp-image-38791 size-full\" src=\"https:\/\/tintafresca.net\/wp-content\/uploads\/2025\/02\/TCP_carlos_abade10.jpg\" alt=\"\" width=\"500\" height=\"333\" srcset=\"https:\/\/tintafresca.net\/wp-content\/uploads\/2025\/02\/TCP_carlos_abade10.jpg 500w, https:\/\/tintafresca.net\/wp-content\/uploads\/2025\/02\/TCP_carlos_abade10-300x200.jpg 300w\" sizes=\"auto, (max-width: 500px) 100vw, 500px\" \/><p id=\"caption-attachment-38791\" class=\"wp-caption-text\">Carlos Abade<\/p><\/div>\n<p>\u201cEstradas com Hist\u00f3ria: EN16 e EN17\u201d \u00e9 um novo produto tur\u00edstico, que pretende transformar duas das mais emblem\u00e1ticas estradas do interior do pa\u00eds em eixos de descoberta cultural, patrimonial e gastron\u00f3mica. Para esse efeito, est\u00e1 a ser criada uma rede colaborativa que junta operadores tur\u00edsticos, munic\u00edpios e agentes locais, numa estrat\u00e9gia integrada de valoriza\u00e7\u00e3o do territ\u00f3rio.<\/p>\n<p>Com um investimento de cerca de 1 milh\u00e3o de euros, o projeto \u00e9 liderado pela Turismo Centro de Portugal e promovido tamb\u00e9m pelas Comunidades Intermunicipais Viseu D\u00e3o Laf\u00f5es, Regi\u00e3o Beiras e Serra da Estrela, Regi\u00e3o de Aveiro e Regi\u00e3o de Coimbra \u2013 territ\u00f3rios atravessados pelas duas estradas. O objetivo \u00e9 estruturar uma oferta tur\u00edstica inovadora, assente na riqueza paisag\u00edstica, cultural, patrimonial e gastron\u00f3mica dos 24 munic\u00edpios abrangidos.<\/p>\n<p>S\u00e3o parceiras do projeto a AHRESP, a Ag\u00eancia Regional de Promo\u00e7\u00e3o Tur\u00edstica Centro de Portugal, a Infraestruturas de Portugal, o Clube Escape Livre e os guias Foge Comigo, refor\u00e7ando-se assim o compromisso de oferecer experi\u00eancias diferenciadoras e memor\u00e1veis aos visitantes.<\/p>\n<p>A EN16, com 219 quil\u00f3metros de extens\u00e3o, liga Aveiro a Vilar Formoso, percorrendo os distritos de Aveiro, Viseu e Guarda. J\u00e1 a EN17, conhecida como Estrada da Beira, percorre 129 quil\u00f3metros entre Coimbra e Celorico da Beira, unindo os distritos de Coimbra e Guarda.<\/p>\n<p>Mais do que um simples percurso, a nova rota tur\u00edstica &#8220;Estradas com Hist\u00f3ria: EN16 e EN17&#8221; est\u00e1 assente em quatro objetivos principais: dinamizar o turismo no interior, atrav\u00e9s de uma rede colaborativa que junta operadores tur\u00edsticos, munic\u00edpios e agentes locais; valorizar a autenticidade das comunidades e dos seus recursos end\u00f3genos, enriquecendo as experi\u00eancias dos visitantes; refor\u00e7ar a sustentabilidade tur\u00edstica da regi\u00e3o Centro de Portugal, ao contribuir para o incremento do n\u00famero de dormidas e do tempo de perman\u00eancia de visitantes na regi\u00e3o; e promover a mobilidade no territ\u00f3rio, impulsionando a descoberta de novos destinos ao longo das EN16 e EN17.<\/p>\n<p>O plano de a\u00e7\u00e3o do novo produto tur\u00edstico prev\u00ea a implementa\u00e7\u00e3o de v\u00e1rias medidas estrat\u00e9gicas, que incluem a cria\u00e7\u00e3o de roteiros tur\u00edsticos, o desenvolvimento de infraestruturas de sinaliza\u00e7\u00e3o, a capacita\u00e7\u00e3o de agentes locais e uma abrangente campanha de promo\u00e7\u00e3o.<\/p>\n<p><strong>Declara\u00e7\u00f5es na cerim\u00f3nia<\/strong><\/p>\n<p>Na cerim\u00f3nia de assinatura dos contratos, o anfitri\u00e3o, Pedro Amadeu Lobo, presidente da C\u00e2mara Municipal de Sever do Vouga, deu as boas-vindas a todos os presentes, lembrando que &#8220;projetos como estes s\u00e3o importantes para impulsionar o turismo diferenciado nas regi\u00f5es&#8221;.<\/p>\n<p>Anabela Freitas, vice-presidente da Turismo Centro de Portugal, sublinhou a import\u00e2ncia do momento: \u201cEstes contratos agora assinados s\u00e3o muito importantes para a regi\u00e3o e acontecem num momento em que o Centro de Portugal vive um momento alto. Em 2024, a regi\u00e3o registou 8,4 milh\u00f5es de dormidas, num aumento de 5,4%, superior \u00e0 m\u00e9dia nacional. Estamos no caminho certo. Estes projetos v\u00e3o permitir aumentar a notoriedade a marca Centro de Portugal\u201d.<\/p>\n<p>Carlos Abade, presidente do Turismo de Portugal, explicou o \u00e2mbito dos contratos: \u201cEstes contratos na regi\u00e3o Centro integram um lote de 16 em todo o pa\u00eds, assinados entre ontem e hoje. Mas, mais do que contratos, estamos a celebrar a din\u00e2mica dos territ\u00f3rios. S\u00e3o projetos de qualidade, que v\u00e3o ajudar em muito \u00e0 qualifica\u00e7\u00e3o e competitividade dos territ\u00f3rios e que v\u00e3o fazer acontecer\u201d.<\/p>\n<p>A concluir a sess\u00e3o, Pedro Machado, Secret\u00e1rio de Estado do Turismo, come\u00e7ou por referir a import\u00e2ncia do turismo para o pa\u00eds, uma ind\u00fastria que representa 14,4% das exporta\u00e7\u00f5es nacionais. &#8220;O que estamos a fazer com estes projetos \u00e9 crescer com equil\u00edbrio. \u00c9 fazer com que os territ\u00f3rios contem. \u00c9 colocar valor naquilo que os territ\u00f3rios oferecem em termos tur\u00edsticos. Queremos que estes projetos criem valor para as comunidades. Os benef\u00edcios do turismo t\u00eam de ser partilhados para melhorar a vida das pessoas&#8221;, destacou.<\/p>\n<p><strong>Sobre a Turismo Centro de Portugal<\/strong><\/p>\n<p>A Turismo Centro de Portugal \u00e9 a entidade que estrutura e promove o turismo na Regi\u00e3o Centro do pa\u00eds. Esta \u00e9 a maior e mais diversificada \u00e1rea tur\u00edstica nacional, abrangendo 100 munic\u00edpios, e tem registado um intenso crescimento da procura interna e externa. \u00c9 a regi\u00e3o a escolher para quem pretende experi\u00eancias diversificadas, pois concilia locais Patrim\u00f3nio da Humanidade com a melhor costa de surf da Europa, termas e spas id\u00edlicos, locais de culto de import\u00e2ncia mundial e as mais belas aldeias.<\/p>\n<p><strong>\u00a0 \u00a0 \u00a0Fonte: TCP e AdC<\/strong><\/p>\n","protected":false},"excerpt":{"rendered":"<p>\u201cEstradas com Hist\u00f3ria: EN16 e EN17\u201d \u00e9 um novo produto tur\u00edstico, que pretende transformar duas das mais emblem\u00e1ticas estradas do interior do pa\u00eds em eixos de descoberta cultural, patrimonial e gastron\u00f3mica. Para esse efeito, est\u00e1 a ser criada uma rede colaborativa que junta operadores tur\u00edsticos, munic\u00edpios e agentes locais, numa estrat\u00e9gia integrada de valoriza\u00e7\u00e3o do [&hellip;]<\/p>\n","protected":false},"author":2,"featured_media":38792,"comment_status":"open","ping_status":"open","sticky":false,"template":"","format":"standard","meta":{"footnotes":""},"categories":[7],"tags":[],"class_list":["post-38788","post","type-post","status-publish","format-standard","has-post-thumbnail","hentry","category-economia"],"_links":{"self":[{"href":"https:\/\/tintafresca.net\/index.php\/wp-json\/wp\/v2\/posts\/38788","targetHints":{"allow":["GET"]}}],"collection":[{"href":"https:\/\/tintafresca.net\/index.php\/wp-json\/wp\/v2\/posts"}],"about":[{"href":"https:\/\/tintafresca.net\/index.php\/wp-json\/wp\/v2\/types\/post"}],"author":[{"embeddable":true,"href":"https:\/\/tintafresca.net\/index.php\/wp-json\/wp\/v2\/users\/2"}],"replies":[{"embeddable":true,"href":"https:\/\/tintafresca.net\/index.php\/wp-json\/wp\/v2\/comments?post=38788"}],"version-history":[{"count":3,"href":"https:\/\/tintafresca.net\/index.php\/wp-json\/wp\/v2\/posts\/38788\/revisions"}],"predecessor-version":[{"id":38793,"href":"https:\/\/tintafresca.net\/index.php\/wp-json\/wp\/v2\/posts\/38788\/revisions\/38793"}],"wp:featuredmedia":[{"embeddable":true,"href":"https:\/\/tintafresca.net\/index.php\/wp-json\/wp\/v2\/media\/38792"}],"wp:attachment":[{"href":"https:\/\/tintafresca.net\/index.php\/wp-json\/wp\/v2\/media?parent=38788"}],"wp:term":[{"taxonomy":"category","embeddable":true,"href":"https:\/\/tintafresca.net\/index.php\/wp-json\/wp\/v2\/categories?post=38788"},{"taxonomy":"post_tag","embeddable":true,"href":"https:\/\/tintafresca.net\/index.php\/wp-json\/wp\/v2\/tags?post=38788"}],"curies":[{"name":"wp","href":"https:\/\/api.w.org\/{rel}","templated":true}]}}