{"id":38794,"date":"2025-02-03T00:30:44","date_gmt":"2025-02-03T00:30:44","guid":{"rendered":"https:\/\/tintafresca.net\/?p=38794"},"modified":"2025-02-04T00:28:58","modified_gmt":"2025-02-04T00:28:58","slug":"centro-de-portugal-atinge-novo-maximo-turistico-em-2024-com-mais-de-8-milhoes-de-dormidas","status":"publish","type":"post","link":"https:\/\/tintafresca.net\/index.php\/2025\/02\/03\/centro-de-portugal-atinge-novo-maximo-turistico-em-2024-com-mais-de-8-milhoes-de-dormidas\/","title":{"rendered":"Centro de Portugal atinge novo m\u00e1ximo tur\u00edstico em 2024 com mais de 8 milh\u00f5es de dormidas"},"content":{"rendered":"<div id=\"attachment_38795\" style=\"width: 510px\" class=\"wp-caption alignleft\"><img loading=\"lazy\" decoding=\"async\" aria-describedby=\"caption-attachment-38795\" class=\"wp-image-38795 size-full\" src=\"https:\/\/tintafresca.net\/wp-content\/uploads\/2025\/02\/Fatima10.jpg\" alt=\"\" width=\"500\" height=\"333\" srcset=\"https:\/\/tintafresca.net\/wp-content\/uploads\/2025\/02\/Fatima10.jpg 500w, https:\/\/tintafresca.net\/wp-content\/uploads\/2025\/02\/Fatima10-300x200.jpg 300w\" sizes=\"auto, (max-width: 500px) 100vw, 500px\" \/><p id=\"caption-attachment-38795\" class=\"wp-caption-text\">Santu\u00e1rio de F\u00e1tima<\/p><\/div>\n<p>Os resultados preliminares da atividade tur\u00edstica em 2024, divulgados no dia 31 de janeiro, pelo Instituto Nacional de Estat\u00edstica (INE), confirmam que o Centro de Portugal vive um momento de grande crescimento. A regi\u00e3o bateu recordes em todos os indicadores, consolidando-se como um dos destinos tur\u00edsticos mais din\u00e2micos do pa\u00eds.<\/p>\n<p>Pela primeira vez, o Centro de Portugal ultrapassou a marca das 8 milh\u00f5es de dormidas nos alojamentos tur\u00edsticos, registando um total de 8.377.732 entre janeiro e dezembro de 2024. Este valor representa um aumento expressivo de 5,5% face \u00e0s 7.942.254 dormidas de 2023, que j\u00e1 tinha sido um ano hist\u00f3rico para a regi\u00e3o. Importa sublinhar que este crescimento supera a m\u00e9dia nacional, que se fixou nos 4,0%.<\/p>\n<p>O n\u00famero de h\u00f3spedes acompanhou esta tend\u00eancia positiva, aumentando 6,3% e totalizando 4.739.956 na regi\u00e3o ao longo do ano de 2024. Mais uma vez, o crescimento do Centro de Portugal superou a m\u00e9dia nacional, que foi de 4,9%.<\/p>\n<p>Os dados revelados pelo INE n\u00e3o incluem ainda os proveitos totais nos estabelecimentos de alojamento tur\u00edstico, faltando ainda apurar os n\u00fameros de dezembro. No entanto, at\u00e9 novembro, os proveitos em 2024 j\u00e1 ultrapassavam o total do ano de 2023: 482,5 milh\u00f5es de euros, de janeiro a novembro de 2024; face a 464,6 milh\u00f5es em todo o ano de 2023. Depois de conhecidos os valores de dezembro, prev\u00ea-se que os proveitos totais superem, pela primeira vez, os 500 milh\u00f5es de euros.<\/p>\n<p>De referir que os n\u00fameros agora revelados pelo INE s\u00e3o preliminares e poder\u00e3o ainda ser revistos em alta quando os dados definitivos forem publicados, em julho.<\/p>\n<p>Para Anabela Freitas, vice-presidente da Turismo Centro de Portugal, estes resultados refletem o fortalecimento da regi\u00e3o como destino de refer\u00eancia: &#8220;Os dados agora revelados confirmam que a marca e o destino Centro de Portugal est\u00e3o cada vez mais consolidados no panorama tur\u00edstico nacional. Pela primeira vez, a regi\u00e3o ultrapassou o marco das 8 milh\u00f5es de dormidas, aproximando-se das 8,5 milh\u00f5es, e ir\u00e1 passar a barreira dos 500 milh\u00f5es de euros de receitas. Este crescimento expressivo mostra que a nossa regi\u00e3o consegue, ano ap\u00f3s ano, continuar a atrair visitantes, a um ritmo superior \u00e0 m\u00e9dia nacional, e a fidelizar quem nos escolhe\u201d.<\/p>\n<p>A vice-presidente destaca ainda o papel essencial dos agentes do setor. \u201cEste sucesso \u00e9, acima de tudo, fruto do trabalho \u00e1rduo e da resili\u00eancia dos empres\u00e1rios da regi\u00e3o, que t\u00eam sabido apostar na inova\u00e7\u00e3o permanente e na qualidade da oferta tur\u00edstica. \u00c9 um esfor\u00e7o permanente que \u00e9 complementado pelas autarquias e comunidades intermunicipais, pelas associa\u00e7\u00f5es que est\u00e3o no terreno \u2013 e, claro, por toda a equipa da Entidade Regional de Turismo do Centro de Portugal, que contribui de forma decisiva para refor\u00e7ar a notoriedade e a competitividade da regi\u00e3o&#8221;, acrescenta Anabela Freitas.<\/p>\n<p><strong>Sobre a Turismo Centro de Portugal<\/strong><\/p>\n<p>A Turismo Centro de Portugal \u00e9 a entidade que estrutura e promove o turismo na Regi\u00e3o Centro do pa\u00eds. Esta \u00e9 a maior e mais diversificada \u00e1rea tur\u00edstica nacional, abrangendo 100 munic\u00edpios, e tem registado um intenso crescimento da procura interna e externa. \u00c9 a regi\u00e3o a escolher para quem pretende experi\u00eancias diversificadas, pois concilia locais Patrim\u00f3nio da Humanidade com a melhor costa de surf da Europa, termas e spas id\u00edlicos, locais de culto de import\u00e2ncia mundial e as mais belas aldeias.<\/p>\n<p><strong>\u00a0 \u00a0 \u00a0Fonte: TCP e AdC<\/strong><\/p>\n","protected":false},"excerpt":{"rendered":"<p>Os resultados preliminares da atividade tur\u00edstica em 2024, divulgados no dia 31 de janeiro, pelo Instituto Nacional de Estat\u00edstica (INE), confirmam que o Centro de Portugal vive um momento de grande crescimento. A regi\u00e3o bateu recordes em todos os indicadores, consolidando-se como um dos destinos tur\u00edsticos mais din\u00e2micos do pa\u00eds. Pela primeira vez, o Centro [&hellip;]<\/p>\n","protected":false},"author":2,"featured_media":38797,"comment_status":"open","ping_status":"open","sticky":false,"template":"","format":"standard","meta":{"footnotes":""},"categories":[7],"tags":[],"class_list":["post-38794","post","type-post","status-publish","format-standard","has-post-thumbnail","hentry","category-economia"],"_links":{"self":[{"href":"https:\/\/tintafresca.net\/index.php\/wp-json\/wp\/v2\/posts\/38794","targetHints":{"allow":["GET"]}}],"collection":[{"href":"https:\/\/tintafresca.net\/index.php\/wp-json\/wp\/v2\/posts"}],"about":[{"href":"https:\/\/tintafresca.net\/index.php\/wp-json\/wp\/v2\/types\/post"}],"author":[{"embeddable":true,"href":"https:\/\/tintafresca.net\/index.php\/wp-json\/wp\/v2\/users\/2"}],"replies":[{"embeddable":true,"href":"https:\/\/tintafresca.net\/index.php\/wp-json\/wp\/v2\/comments?post=38794"}],"version-history":[{"count":1,"href":"https:\/\/tintafresca.net\/index.php\/wp-json\/wp\/v2\/posts\/38794\/revisions"}],"predecessor-version":[{"id":38796,"href":"https:\/\/tintafresca.net\/index.php\/wp-json\/wp\/v2\/posts\/38794\/revisions\/38796"}],"wp:featuredmedia":[{"embeddable":true,"href":"https:\/\/tintafresca.net\/index.php\/wp-json\/wp\/v2\/media\/38797"}],"wp:attachment":[{"href":"https:\/\/tintafresca.net\/index.php\/wp-json\/wp\/v2\/media?parent=38794"}],"wp:term":[{"taxonomy":"category","embeddable":true,"href":"https:\/\/tintafresca.net\/index.php\/wp-json\/wp\/v2\/categories?post=38794"},{"taxonomy":"post_tag","embeddable":true,"href":"https:\/\/tintafresca.net\/index.php\/wp-json\/wp\/v2\/tags?post=38794"}],"curies":[{"name":"wp","href":"https:\/\/api.w.org\/{rel}","templated":true}]}}