{"id":38813,"date":"2025-02-04T22:57:21","date_gmt":"2025-02-04T22:57:21","guid":{"rendered":"https:\/\/tintafresca.net\/?p=38813"},"modified":"2025-02-05T23:32:25","modified_gmt":"2025-02-05T23:32:25","slug":"passadicos-da-fonte-dos-touros-recuperados-para-fruicao-da-populacao-de-abrantes","status":"publish","type":"post","link":"https:\/\/tintafresca.net\/index.php\/2025\/02\/04\/passadicos-da-fonte-dos-touros-recuperados-para-fruicao-da-populacao-de-abrantes\/","title":{"rendered":"Passadi\u00e7os da Fonte dos Touros recuperados para frui\u00e7\u00e3o da popula\u00e7\u00e3o de Abrantes"},"content":{"rendered":"<div id=\"attachment_38815\" style=\"width: 510px\" class=\"wp-caption alignleft\"><img loading=\"lazy\" decoding=\"async\" aria-describedby=\"caption-attachment-38815\" class=\"wp-image-38815 size-full\" src=\"https:\/\/tintafresca.net\/wp-content\/uploads\/2025\/02\/Abrantes_passadico20.jpg\" alt=\"\" width=\"500\" height=\"333\" srcset=\"https:\/\/tintafresca.net\/wp-content\/uploads\/2025\/02\/Abrantes_passadico20.jpg 500w, https:\/\/tintafresca.net\/wp-content\/uploads\/2025\/02\/Abrantes_passadico20-300x200.jpg 300w\" sizes=\"auto, (max-width: 500px) 100vw, 500px\" \/><p id=\"caption-attachment-38815\" class=\"wp-caption-text\">Passadi\u00e7os da Fonte dos Touros<\/p><\/div>\n<p>A requalifica\u00e7\u00e3o dos passadi\u00e7os da Fonte dos Touros foi assinalada no s\u00e1bado, 1 de fevereiro, com a realiza\u00e7\u00e3o de um evento aberto \u00e0 popula\u00e7\u00e3o com espa\u00e7o infantil, dinamizado pela Associa\u00e7\u00e3o Juvenil Rossiense, insufl\u00e1veis, jogos tradicionais, tatuagens de glitter e bal\u00f5es, comida e bebida e anima\u00e7\u00e3o musical que esteva a cargo do DJ Lopez.<\/p>\n<p>Com um enquadramento paisag\u00edstico de excel\u00eancia, junto ao rio, os passadi\u00e7os da Fonte dos Touros, em Rossio ao Sul do Tejo, foram requalificados, mantendo o desenho do passadi\u00e7o, mas substituindo a madeira por um material 100% reciclado, de modo a ser sustent\u00e1vel, diminuir os custos de manuten\u00e7\u00e3o e aumentar a sua durabilidade.<\/p>\n<p>Na ocasi\u00e3o, Lu\u00eds Valamatos, presidente da Uni\u00e3o de Freguesias de S. Miguel do Rio Torto e de Rossio ao Sul do Tejo, destacou os materiais usados nesta requalifica\u00e7\u00e3o \u201cque s\u00e3o mais modernos, mais resistentes e amigos do ambiente\u201d, felicitando a C\u00e2mara Municipal por este investimento. \u201cTemos aqui um espa\u00e7o \u00edmpar e gostaria que os abrantinos o usassem mais\u201d, referiu Lu\u00eds Valamatos, salientando que o objetivo desta interven\u00e7\u00e3o foi coloc\u00e1-lo novamente ao servi\u00e7o das pessoas.<\/p>\n<p>A Associa\u00e7\u00e3o Juvenil Rossiense foi desafiada para dinamizar as atividades do evento e mencionou que \u201csempre que formos convidados pela C\u00e2mara ou pela Junta de Freguesia, teremos toda a disponibilidade e todo o gosto em dar vida ao nosso Rossio\u201d.<\/p>\n<div id=\"attachment_38817\" style=\"width: 510px\" class=\"wp-caption alignleft\"><img loading=\"lazy\" decoding=\"async\" aria-describedby=\"caption-attachment-38817\" class=\"wp-image-38817 size-full\" src=\"https:\/\/tintafresca.net\/wp-content\/uploads\/2025\/02\/Abrantes_passadico30.jpg\" alt=\"\" width=\"500\" height=\"333\" srcset=\"https:\/\/tintafresca.net\/wp-content\/uploads\/2025\/02\/Abrantes_passadico30.jpg 500w, https:\/\/tintafresca.net\/wp-content\/uploads\/2025\/02\/Abrantes_passadico30-300x200.jpg 300w\" sizes=\"auto, (max-width: 500px) 100vw, 500px\" \/><p id=\"caption-attachment-38817\" class=\"wp-caption-text\">Celebra\u00e7\u00e3o decorreu na margem esquerda do Rio Tejo<\/p><\/div>\n<p>Manuel Jorge Valamatos, presidente da C\u00e2mara Municipal de Abrantes, destacou a import\u00e2ncia deste espa\u00e7o que foi agora requalificado e est\u00e1 ao servi\u00e7o da popula\u00e7\u00e3o e mencionou que \u201cimporta mant\u00ea-lo e aqui a Associa\u00e7\u00e3o Juvenil representa um papel importante, ao passar a mensagem aos mais novos para manter o nosso espa\u00e7o p\u00fablico sempre em condi\u00e7\u00f5es\u201d.<\/p>\n<p>\u201cCom estes materiais recicl\u00e1veis e mais duradouros, esperamos que possamos ter durante muito tempo este espa\u00e7o cuidado e capaz de responder \u00e0queles que nos visitam da melhor forma poss\u00edvel\u201d, concluiu o Presidente da C\u00e2mara Municipal de Abrantes.<\/p>\n<p>O passadi\u00e7o de madeira junto \u00e0 Fonte dos Touros foi constru\u00eddo em 2004, no \u00e2mbito da Rota dos C\u00e2ntaros e Cantos e, atualmente, apresentava um conjunto de patologias que tornavam a sua recupera\u00e7\u00e3o invi\u00e1vel. Nesta interven\u00e7\u00e3o agora realizada, foi mantido o desenho do passadi\u00e7o, mas optou-se por substituir a madeira por um material 100% reciclado, de modo a ser sustent\u00e1vel, diminuir os custos de manuten\u00e7\u00e3o e aumentar a sua durabilidade, num investimento de 47.021,57\u20ac.<\/p>\n<p><strong>\u00a0 \u00a0Fonte: DC|CMA<\/strong><\/p>\n","protected":false},"excerpt":{"rendered":"<p>A requalifica\u00e7\u00e3o dos passadi\u00e7os da Fonte dos Touros foi assinalada no s\u00e1bado, 1 de fevereiro, com a realiza\u00e7\u00e3o de um evento aberto \u00e0 popula\u00e7\u00e3o com espa\u00e7o infantil, dinamizado pela Associa\u00e7\u00e3o Juvenil Rossiense, insufl\u00e1veis, jogos tradicionais, tatuagens de glitter e bal\u00f5es, comida e bebida e anima\u00e7\u00e3o musical que esteva a cargo do DJ Lopez. Com um [&hellip;]<\/p>\n","protected":false},"author":2,"featured_media":38816,"comment_status":"open","ping_status":"open","sticky":false,"template":"","format":"standard","meta":{"footnotes":""},"categories":[9],"tags":[],"class_list":["post-38813","post","type-post","status-publish","format-standard","has-post-thumbnail","hentry","category-ambiente"],"_links":{"self":[{"href":"https:\/\/tintafresca.net\/index.php\/wp-json\/wp\/v2\/posts\/38813","targetHints":{"allow":["GET"]}}],"collection":[{"href":"https:\/\/tintafresca.net\/index.php\/wp-json\/wp\/v2\/posts"}],"about":[{"href":"https:\/\/tintafresca.net\/index.php\/wp-json\/wp\/v2\/types\/post"}],"author":[{"embeddable":true,"href":"https:\/\/tintafresca.net\/index.php\/wp-json\/wp\/v2\/users\/2"}],"replies":[{"embeddable":true,"href":"https:\/\/tintafresca.net\/index.php\/wp-json\/wp\/v2\/comments?post=38813"}],"version-history":[{"count":3,"href":"https:\/\/tintafresca.net\/index.php\/wp-json\/wp\/v2\/posts\/38813\/revisions"}],"predecessor-version":[{"id":38822,"href":"https:\/\/tintafresca.net\/index.php\/wp-json\/wp\/v2\/posts\/38813\/revisions\/38822"}],"wp:featuredmedia":[{"embeddable":true,"href":"https:\/\/tintafresca.net\/index.php\/wp-json\/wp\/v2\/media\/38816"}],"wp:attachment":[{"href":"https:\/\/tintafresca.net\/index.php\/wp-json\/wp\/v2\/media?parent=38813"}],"wp:term":[{"taxonomy":"category","embeddable":true,"href":"https:\/\/tintafresca.net\/index.php\/wp-json\/wp\/v2\/categories?post=38813"},{"taxonomy":"post_tag","embeddable":true,"href":"https:\/\/tintafresca.net\/index.php\/wp-json\/wp\/v2\/tags?post=38813"}],"curies":[{"name":"wp","href":"https:\/\/api.w.org\/{rel}","templated":true}]}}