{"id":38867,"date":"2025-02-08T20:12:37","date_gmt":"2025-02-08T20:12:37","guid":{"rendered":"https:\/\/tintafresca.net\/?p=38867"},"modified":"2025-02-08T20:26:45","modified_gmt":"2025-02-08T20:26:45","slug":"zona-livre-tecnologica-de-abrantes-vai-mitigar-impactos-do-fecho-da-central-a-carvao-do-pego","status":"publish","type":"post","link":"https:\/\/tintafresca.net\/index.php\/2025\/02\/08\/zona-livre-tecnologica-de-abrantes-vai-mitigar-impactos-do-fecho-da-central-a-carvao-do-pego\/","title":{"rendered":"Zona Livre Tecnol\u00f3gica de Abrantes vai mitigar impactos do fecho da central a carv\u00e3o do Pego"},"content":{"rendered":"<div id=\"attachment_38869\" style=\"width: 352px\" class=\"wp-caption alignleft\"><img loading=\"lazy\" decoding=\"async\" aria-describedby=\"caption-attachment-38869\" class=\"wp-image-38869 size-full\" src=\"https:\/\/tintafresca.net\/wp-content\/uploads\/2025\/02\/Abrantes_Central_Pego.jpg\" alt=\"\" width=\"342\" height=\"607\" srcset=\"https:\/\/tintafresca.net\/wp-content\/uploads\/2025\/02\/Abrantes_Central_Pego.jpg 342w, https:\/\/tintafresca.net\/wp-content\/uploads\/2025\/02\/Abrantes_Central_Pego-169x300.jpg 169w\" sizes=\"auto, (max-width: 342px) 100vw, 342px\" \/><p id=\"caption-attachment-38869\" class=\"wp-caption-text\">Central Termoel\u00e9trica no Pego<\/p><\/div>\n<p>Foi publicada esta quarta-feira, 4 de fevereiro, em <em>Di\u00e1rio da Rep\u00fablica<\/em>, a portaria que define a delimita\u00e7\u00e3o geogr\u00e1fica da Zona Livre Tecnol\u00f3gica (ZLT) de Abrantes, resultante da proposta conjunta apresentada pela C\u00e2mara Municipal de Abrantes e pela Dire\u00e7\u00e3o-Geral de Energia e Geologia, em colabora\u00e7\u00e3o com a Comunidade Intermunicipal do M\u00e9dio Tejo.<\/p>\n<p>Centrada nas energias renov\u00e1veis, a ZLT de Abrantes abrange tr\u00eas zonas estrat\u00e9gicas: a primeira \u00e9 localizada no TAGUSVALLEY \u2013 Parque de Ci\u00eancia e Tecnologia, orientada para a inova\u00e7\u00e3o tecnol\u00f3gica.<\/p>\n<p>A segunda \u00e9 na zona norte do concelho, coincidente com a Zona de Interven\u00e7\u00e3o Florestal (ZIF) de Aldeia do Mato, dedicada \u00e0 valoriza\u00e7\u00e3o da biomassa e reordenamento florestal.<\/p>\n<p>Por fim, a terceira cobre toda a zona sul do concelho, com exce\u00e7\u00e3o da \u00e1rea de servid\u00e3o militar de Santa Margarida, com um papel central no desenvolvimento de projetos de transi\u00e7\u00e3o energ\u00e9tica, incluindo o antigo per\u00edmetro da Central do Pego.<\/p>\n<p>Destaque-se que, no \u00e2mbito do Fundo de Transi\u00e7\u00e3o Justa, ser\u00e1 submetida uma candidatura de apoio \u00e0 constru\u00e7\u00e3o da futura Escola Superior de Tecnologia de Abrantes, que se instalar\u00e1 no TAGUSVALLEY \u2013 Parque de Ci\u00eancia e Tecnologia. Este investimento, na ordem dos 6,5 milh\u00f5es de euros, ser\u00e1 concretizado como refor\u00e7o do ecossistema de inova\u00e7\u00e3o e empreendedorismo existente, lado a lado com organiza\u00e7\u00f5es, empresas e ensino superior que impulsionam a competitividade econ\u00f3mica regional.<\/p>\n<p>Na pr\u00e1tica, estas zonas t\u00eam como objetivo promover o estabelecimento de projetos de investiga\u00e7\u00e3o, desenvolvimento e inova\u00e7\u00e3o para a produ\u00e7\u00e3o, armazenamento e autoconsumo de energia el\u00e9trica a partir de energias renov\u00e1veis, bem como de outros vetores energ\u00e9ticos renov\u00e1veis como a biomassa.<\/p>\n<p>A ZLT de Abrantes integra-se no processo de transi\u00e7\u00e3o justa em curso, na sequ\u00eancia do encerramento da central termoel\u00e9trica a carv\u00e3o do Pego, em 2021, pretendendo contribuir para a diversifica\u00e7\u00e3o, moderniza\u00e7\u00e3o e reconvers\u00e3o da economia da regi\u00e3o.<\/p>\n<p>Manuel Jorge Valamatos, presidente da C\u00e2mara Municipal de Abrantes, considera que a Zona Livre Tecnol\u00f3gica de Abrantes \u201c\u00e9 mais uma resposta concreta aos impactos econ\u00f3micos e sociais que surgiram pelo encerramento da central termoel\u00e9trica a carv\u00e3o do Pego, promovendo o desenvolvimento sustent\u00e1vel e a cria\u00e7\u00e3o de emprego qualificado, essenciais para construir novas oportunidades para o futuro de Abrantes e da nossa regi\u00e3o\u201d.<\/p>\n<p>O autarca sublinha ainda que \u201cAbrantes passa a dispor de um polo extraordin\u00e1rio de atra\u00e7\u00e3o para empresas nacionais e internacionais, refor\u00e7ando o posicionamento do M\u00e9dio Tejo como um territ\u00f3rio de refer\u00eancia no setor das energias renov\u00e1veis.'&#8221;<\/p>\n<p>Recorde-se que, em 2022 a Endesa venceu o concurso para atribui\u00e7\u00e3o do ponto de inje\u00e7\u00e3o da central do Pego, que instalar\u00e1 em Abrantes um novo projeto de energias renov\u00e1veis &#8211; solar, e\u00f3lica e hidrog\u00e9nio verde, num investimento de 700 milh\u00f5es de euros, enquanto o Fundo de Transi\u00e7\u00e3o Justa disp\u00f5e de 65 milh\u00f5es de euros para apoiar projetos na regi\u00e3o do M\u00e9dio Tejo, no \u00e2mbito do encerramento da central a carv\u00e3o do Pego.<\/p>\n<p><strong>\u00a0 \u00a0 Fonte: DC|CMA<\/strong><\/p>\n","protected":false},"excerpt":{"rendered":"<p>Foi publicada esta quarta-feira, 4 de fevereiro, em Di\u00e1rio da Rep\u00fablica, a portaria que define a delimita\u00e7\u00e3o geogr\u00e1fica da Zona Livre Tecnol\u00f3gica (ZLT) de Abrantes, resultante da proposta conjunta apresentada pela C\u00e2mara Municipal de Abrantes e pela Dire\u00e7\u00e3o-Geral de Energia e Geologia, em colabora\u00e7\u00e3o com a Comunidade Intermunicipal do M\u00e9dio Tejo. Centrada nas energias renov\u00e1veis, [&hellip;]<\/p>\n","protected":false},"author":2,"featured_media":38870,"comment_status":"open","ping_status":"open","sticky":false,"template":"","format":"standard","meta":{"footnotes":""},"categories":[9,7],"tags":[],"class_list":["post-38867","post","type-post","status-publish","format-standard","has-post-thumbnail","hentry","category-ambiente","category-economia"],"_links":{"self":[{"href":"https:\/\/tintafresca.net\/index.php\/wp-json\/wp\/v2\/posts\/38867","targetHints":{"allow":["GET"]}}],"collection":[{"href":"https:\/\/tintafresca.net\/index.php\/wp-json\/wp\/v2\/posts"}],"about":[{"href":"https:\/\/tintafresca.net\/index.php\/wp-json\/wp\/v2\/types\/post"}],"author":[{"embeddable":true,"href":"https:\/\/tintafresca.net\/index.php\/wp-json\/wp\/v2\/users\/2"}],"replies":[{"embeddable":true,"href":"https:\/\/tintafresca.net\/index.php\/wp-json\/wp\/v2\/comments?post=38867"}],"version-history":[{"count":2,"href":"https:\/\/tintafresca.net\/index.php\/wp-json\/wp\/v2\/posts\/38867\/revisions"}],"predecessor-version":[{"id":38871,"href":"https:\/\/tintafresca.net\/index.php\/wp-json\/wp\/v2\/posts\/38867\/revisions\/38871"}],"wp:featuredmedia":[{"embeddable":true,"href":"https:\/\/tintafresca.net\/index.php\/wp-json\/wp\/v2\/media\/38870"}],"wp:attachment":[{"href":"https:\/\/tintafresca.net\/index.php\/wp-json\/wp\/v2\/media?parent=38867"}],"wp:term":[{"taxonomy":"category","embeddable":true,"href":"https:\/\/tintafresca.net\/index.php\/wp-json\/wp\/v2\/categories?post=38867"},{"taxonomy":"post_tag","embeddable":true,"href":"https:\/\/tintafresca.net\/index.php\/wp-json\/wp\/v2\/tags?post=38867"}],"curies":[{"name":"wp","href":"https:\/\/api.w.org\/{rel}","templated":true}]}}