{"id":38887,"date":"2025-02-10T00:26:39","date_gmt":"2025-02-10T00:26:39","guid":{"rendered":"https:\/\/tintafresca.net\/?p=38887"},"modified":"2025-02-10T00:32:03","modified_gmt":"2025-02-10T00:32:03","slug":"municipio-de-santarem-e-iniav-promovem-novos-projetos-para-a-estacao-zootecnica-nacional","status":"publish","type":"post","link":"https:\/\/tintafresca.net\/index.php\/2025\/02\/10\/municipio-de-santarem-e-iniav-promovem-novos-projetos-para-a-estacao-zootecnica-nacional\/","title":{"rendered":"Munic\u00edpio de Santar\u00e9m e INIAV promovem novos projetos para a Esta\u00e7\u00e3o Zoot\u00e9cnica Nacional"},"content":{"rendered":"<div id=\"attachment_38889\" style=\"width: 510px\" class=\"wp-caption alignleft\"><img loading=\"lazy\" decoding=\"async\" aria-describedby=\"caption-attachment-38889\" class=\"wp-image-38889 size-full\" src=\"https:\/\/tintafresca.net\/wp-content\/uploads\/2025\/02\/Santarem_Visita-Ministro-Agricultura-Estacao-Zootecnica-Nacional-Polo-de-Inovacao-da-Fonte-Boa20.jpg\" alt=\"\" width=\"500\" height=\"333\" srcset=\"https:\/\/tintafresca.net\/wp-content\/uploads\/2025\/02\/Santarem_Visita-Ministro-Agricultura-Estacao-Zootecnica-Nacional-Polo-de-Inovacao-da-Fonte-Boa20.jpg 500w, https:\/\/tintafresca.net\/wp-content\/uploads\/2025\/02\/Santarem_Visita-Ministro-Agricultura-Estacao-Zootecnica-Nacional-Polo-de-Inovacao-da-Fonte-Boa20-300x200.jpg 300w\" sizes=\"auto, (max-width: 500px) 100vw, 500px\" \/><p id=\"caption-attachment-38889\" class=\"wp-caption-text\">Jos\u00e9 Manuel Fernandes, Jo\u00e3o Teixeira Leite, Nuno Canada e Jo\u00e3o Moura<\/p><\/div>\n<p>No \u00e2mbito da visita do ministro da Agricultura, Jos\u00e9 Manuel Fernandes, e do secret\u00e1rio de Estado da Agricultura, Jo\u00e3o Moura, \u00e0 Esta\u00e7\u00e3o Zoot\u00e9cnica Nacional &#8211; Polo de Inova\u00e7\u00e3o da Fonte Boa, foi assinado, no dia 7 de fevereiro, um protocolo de colabora\u00e7\u00e3o entre o Munic\u00edpio de Santar\u00e9m e o Instituto Nacional de Investiga\u00e7\u00e3o Agr\u00e1ria e Veterin\u00e1ria (INIAV).<\/p>\n<p>Este protocolo visa a promo\u00e7\u00e3o e desenvolvimento de a\u00e7\u00f5es que fomentem a inova\u00e7\u00e3o cient\u00edfica e tecnol\u00f3gica e a melhoria da competitividade da atividade agr\u00edcola, atrav\u00e9s da transfer\u00eancia do conhecimento cient\u00edfico e tecnol\u00f3gico, promovendo a cria\u00e7\u00e3o de valor atrav\u00e9s de sinergias entre cadeias produtivas numa l\u00f3gica de circularidade de materiais e energia.<\/p>\n<p>Nesta cerim\u00f3nia, Jo\u00e3o Teixeira Leite, presidente da C\u00e2mara Municipal de Santar\u00e9m, referiu que \u201ceste \u00e9 um dia hist\u00f3rico; estamos a assinar um protocolo que vai permitir o aproveitamento do patrim\u00f3nio p\u00fablico em prol do desenvolvimento sustent\u00e1vel. Este espa\u00e7o vai ser recuperado e reutilizado de forma a beneficiar a agricultura, um dos pilares da economia de Santar\u00e9m\u201d.<\/p>\n<p>Para o Munic\u00edpio de Santar\u00e9m \u00e9 muito importante estas sinergias entre administra\u00e7\u00f5es, central e local, que permitem a moderniza\u00e7\u00e3o, competitividade e desenvolvimento sustent\u00e1vel do sector agropecu\u00e1rio, agroalimentar e agr\u00edcola e contribuem para o crescimento econ\u00f3mico e social da regi\u00e3o.<\/p>\n<p>O protocolo agora assinado vai permitir a cria\u00e7\u00e3o de um Centro Avan\u00e7ado de Treino M\u00e9dico e desenvolvimento de novas solu\u00e7\u00f5es no dom\u00ednio da biomedicina.<\/p>\n<p>Jos\u00e9 Manuel Fernandes destacou a import\u00e2ncia deste centro de investiga\u00e7\u00e3o \u201cpioneiro em Portugal, onde a coopera\u00e7\u00e3o entre o INIAV, o Hospital da Luz e o Hospital Distrital de Santar\u00e9m vai permitir aos estudantes de medicina e aos pr\u00f3prios m\u00e9dicos em fun\u00e7\u00f5es investigar e trabalhar a \u00e1rea da sa\u00fade e da medicina, nomeadamente a medicina n\u00e3o invasiva\u201d.<\/p>\n<p>Com este protocolo, pretende-se tamb\u00e9m tornar o espa\u00e7o do Polo da Fonte Boa visit\u00e1vel pela popula\u00e7\u00e3o em geral e promover a liga\u00e7\u00e3o \u00e0s escolas da regi\u00e3o e a sensibiliza\u00e7\u00e3o das crian\u00e7as para a ci\u00eancia.<\/p>\n<p>Atrav\u00e9s da cria\u00e7\u00e3o de um Centro Interpretativo para as Ra\u00e7as Aut\u00f3ctones Nacionais, \u201cqueremos mostrar a import\u00e2ncia das ra\u00e7as aut\u00f3ctones para o territ\u00f3rio nacional, para a nossa cultura e para as diferentes dimens\u00f5es que a produ\u00e7\u00e3o animal tem\u201d, referiu Nuno Figueira Canada, presidente do Conselho Diretivo, onde relembrou que a Fonte Boa \u00e9 a \u201cArca de No\u00e9 das ra\u00e7as\u201d, visto que \u00e9 aqui que est\u00e1 o Banco Portugu\u00eas de Germoplasma Animal.<\/p>\n<table width=\"0\">\n<tbody>\n<tr>\n<td width=\"578\"><strong>\u00a0 \u00a0 \u00a0 Fonte: IV|GRPC|CMS<\/strong><\/td>\n<\/tr>\n<\/tbody>\n<\/table>\n","protected":false},"excerpt":{"rendered":"<p>No \u00e2mbito da visita do ministro da Agricultura, Jos\u00e9 Manuel Fernandes, e do secret\u00e1rio de Estado da Agricultura, Jo\u00e3o Moura, \u00e0 Esta\u00e7\u00e3o Zoot\u00e9cnica Nacional &#8211; Polo de Inova\u00e7\u00e3o da Fonte Boa, foi assinado, no dia 7 de fevereiro, um protocolo de colabora\u00e7\u00e3o entre o Munic\u00edpio de Santar\u00e9m e o Instituto Nacional de Investiga\u00e7\u00e3o Agr\u00e1ria e [&hellip;]<\/p>\n","protected":false},"author":2,"featured_media":38890,"comment_status":"open","ping_status":"open","sticky":false,"template":"","format":"standard","meta":{"footnotes":""},"categories":[7,14],"tags":[],"class_list":["post-38887","post","type-post","status-publish","format-standard","has-post-thumbnail","hentry","category-economia","category-educacao"],"_links":{"self":[{"href":"https:\/\/tintafresca.net\/index.php\/wp-json\/wp\/v2\/posts\/38887","targetHints":{"allow":["GET"]}}],"collection":[{"href":"https:\/\/tintafresca.net\/index.php\/wp-json\/wp\/v2\/posts"}],"about":[{"href":"https:\/\/tintafresca.net\/index.php\/wp-json\/wp\/v2\/types\/post"}],"author":[{"embeddable":true,"href":"https:\/\/tintafresca.net\/index.php\/wp-json\/wp\/v2\/users\/2"}],"replies":[{"embeddable":true,"href":"https:\/\/tintafresca.net\/index.php\/wp-json\/wp\/v2\/comments?post=38887"}],"version-history":[{"count":2,"href":"https:\/\/tintafresca.net\/index.php\/wp-json\/wp\/v2\/posts\/38887\/revisions"}],"predecessor-version":[{"id":38891,"href":"https:\/\/tintafresca.net\/index.php\/wp-json\/wp\/v2\/posts\/38887\/revisions\/38891"}],"wp:featuredmedia":[{"embeddable":true,"href":"https:\/\/tintafresca.net\/index.php\/wp-json\/wp\/v2\/media\/38890"}],"wp:attachment":[{"href":"https:\/\/tintafresca.net\/index.php\/wp-json\/wp\/v2\/media?parent=38887"}],"wp:term":[{"taxonomy":"category","embeddable":true,"href":"https:\/\/tintafresca.net\/index.php\/wp-json\/wp\/v2\/categories?post=38887"},{"taxonomy":"post_tag","embeddable":true,"href":"https:\/\/tintafresca.net\/index.php\/wp-json\/wp\/v2\/tags?post=38887"}],"curies":[{"name":"wp","href":"https:\/\/api.w.org\/{rel}","templated":true}]}}