{"id":38903,"date":"2025-02-10T20:22:45","date_gmt":"2025-02-10T20:22:45","guid":{"rendered":"https:\/\/tintafresca.net\/?p=38903"},"modified":"2025-02-12T00:05:04","modified_gmt":"2025-02-12T00:05:04","slug":"novo-pavilhao-panorama-recebe-em-alcobaca-duplo-evento-dedicado-a-agricultura","status":"publish","type":"post","link":"https:\/\/tintafresca.net\/index.php\/2025\/02\/10\/novo-pavilhao-panorama-recebe-em-alcobaca-duplo-evento-dedicado-a-agricultura\/","title":{"rendered":"Novo pavilh\u00e3o Panorama recebe em Alcoba\u00e7a duplo evento dedicado \u00e0 agricultura"},"content":{"rendered":"<div id=\"attachment_38905\" style=\"width: 510px\" class=\"wp-caption alignleft\"><img loading=\"lazy\" decoding=\"async\" aria-describedby=\"caption-attachment-38905\" class=\"wp-image-38905 size-full\" src=\"https:\/\/tintafresca.net\/wp-content\/uploads\/2025\/02\/Alcobaca_panorama10.jpg\" alt=\"\" width=\"500\" height=\"230\" srcset=\"https:\/\/tintafresca.net\/wp-content\/uploads\/2025\/02\/Alcobaca_panorama10.jpg 500w, https:\/\/tintafresca.net\/wp-content\/uploads\/2025\/02\/Alcobaca_panorama10-300x138.jpg 300w\" sizes=\"auto, (max-width: 500px) 100vw, 500px\" \/><p id=\"caption-attachment-38905\" class=\"wp-caption-text\">Novo pavilh\u00e3o multiusos de Alcoba\u00e7a<\/p><\/div>\n<p>No dia 14 de fevereiro, Alcoba\u00e7a ser\u00e1 o epicentro da agricultura nacional com a realiza\u00e7\u00e3o, no nov\u00edssimo pavilh\u00e3o multiusos &#8220;Panorama&#8221;, do III Congresso Portugal Fresh e da VI Gala Viva Frutas e Legumes de Portugal.<\/p>\n<p>Promovidos de forma conjunta pelo Centro Operativo e Tecnol\u00f3gico Hortofrut\u00edcola Nacional (COTHN-CC) e Associa\u00e7\u00e3o para a Promo\u00e7\u00e3o das Frutas, Legumes e Flores de Portugal (PORTUGAL FRESH) e com o apoio do Munic\u00edpio de Alcoba\u00e7a, esta dupla iniciativa pretende refor\u00e7ar visibilidade \u00e0 fileira hortofrut\u00edcola nacional e demonstrar a sua import\u00e2ncia para a economia portuguesa.<\/p>\n<p>Ambas as iniciativas v\u00e3o abordar quest\u00f5es importantes para o presente e futuro da fileira, desde geopol\u00edtica a altera\u00e7\u00f5es clim\u00e1ticas, sem esquecer as tend\u00eancias de mercado e a inova\u00e7\u00e3o.<\/p>\n<p>Na Gala, v\u00e3o ser atribu\u00eddos os j\u00e1 habituais pr\u00e9mios que distinguem empresas, pessoas e entidades que se tem destacado no setor da hortofrut\u00edcola nacional em sete categorias: Investimento; Inova\u00e7\u00e3o; Empreendedorismo; Projeto empresarial\/Coopera\u00e7\u00e3o; Promo\u00e7\u00e3o; Exporta\u00e7\u00e3o e Sustentabilidade.<\/p>\n<p>A escolha da data prende-se com a divulga\u00e7\u00e3o dos n\u00fameros das exporta\u00e7\u00f5es da fileira que, por norma, ocorrem por esta altura. Assim, a comunica\u00e7\u00e3o adianta ainda que todos os n\u00fameros apontam para mais um recorde nos valores das exporta\u00e7\u00f5es.<\/p>\n<p>O congresso ter\u00e1 in\u00edcio pelas 14h e tem t\u00e9rmino agendado para as 18h. J\u00e1 a Gala ter\u00e1 in\u00edcio pelas 19h e terminar\u00e1 pelas 23h.<\/p>\n<p>&#8220;O novo pavilh\u00e3o Panorama foi projetado para acolher eventos com esta dimens\u00e3o e prest\u00edgio. Ser\u00e1 um excelente in\u00edcio da hist\u00f3ria desta nova casa, celebrando um dos setores mais pr\u00f3ximos do cora\u00e7\u00e3o dos alcobacenses: a fruticultura.&#8221;<\/p>\n<p>Nesta iniciativa, est\u00e1 prevista a presen\u00e7a do ministro da Agricultura, Jos\u00e9 Manuel Fernandes.<\/p>\n<p><strong>\u00a0 \u00a0 Fonte: GCRP|CMA<\/strong><\/p>\n","protected":false},"excerpt":{"rendered":"<p>No dia 14 de fevereiro, Alcoba\u00e7a ser\u00e1 o epicentro da agricultura nacional com a realiza\u00e7\u00e3o, no nov\u00edssimo pavilh\u00e3o multiusos &#8220;Panorama&#8221;, do III Congresso Portugal Fresh e da VI Gala Viva Frutas e Legumes de Portugal. Promovidos de forma conjunta pelo Centro Operativo e Tecnol\u00f3gico Hortofrut\u00edcola Nacional (COTHN-CC) e Associa\u00e7\u00e3o para a Promo\u00e7\u00e3o das Frutas, Legumes [&hellip;]<\/p>\n","protected":false},"author":2,"featured_media":38451,"comment_status":"open","ping_status":"open","sticky":false,"template":"","format":"standard","meta":{"footnotes":""},"categories":[7],"tags":[],"class_list":["post-38903","post","type-post","status-publish","format-standard","has-post-thumbnail","hentry","category-economia"],"_links":{"self":[{"href":"https:\/\/tintafresca.net\/index.php\/wp-json\/wp\/v2\/posts\/38903","targetHints":{"allow":["GET"]}}],"collection":[{"href":"https:\/\/tintafresca.net\/index.php\/wp-json\/wp\/v2\/posts"}],"about":[{"href":"https:\/\/tintafresca.net\/index.php\/wp-json\/wp\/v2\/types\/post"}],"author":[{"embeddable":true,"href":"https:\/\/tintafresca.net\/index.php\/wp-json\/wp\/v2\/users\/2"}],"replies":[{"embeddable":true,"href":"https:\/\/tintafresca.net\/index.php\/wp-json\/wp\/v2\/comments?post=38903"}],"version-history":[{"count":3,"href":"https:\/\/tintafresca.net\/index.php\/wp-json\/wp\/v2\/posts\/38903\/revisions"}],"predecessor-version":[{"id":38907,"href":"https:\/\/tintafresca.net\/index.php\/wp-json\/wp\/v2\/posts\/38903\/revisions\/38907"}],"wp:featuredmedia":[{"embeddable":true,"href":"https:\/\/tintafresca.net\/index.php\/wp-json\/wp\/v2\/media\/38451"}],"wp:attachment":[{"href":"https:\/\/tintafresca.net\/index.php\/wp-json\/wp\/v2\/media?parent=38903"}],"wp:term":[{"taxonomy":"category","embeddable":true,"href":"https:\/\/tintafresca.net\/index.php\/wp-json\/wp\/v2\/categories?post=38903"},{"taxonomy":"post_tag","embeddable":true,"href":"https:\/\/tintafresca.net\/index.php\/wp-json\/wp\/v2\/tags?post=38903"}],"curies":[{"name":"wp","href":"https:\/\/api.w.org\/{rel}","templated":true}]}}