{"id":38919,"date":"2025-02-11T23:44:38","date_gmt":"2025-02-11T23:44:38","guid":{"rendered":"https:\/\/tintafresca.net\/?p=38919"},"modified":"2025-02-11T23:59:28","modified_gmt":"2025-02-11T23:59:28","slug":"secretario-de-estado-do-ambiente-inaugura-o-ecoparque-da-calvaria-de-cima","status":"publish","type":"post","link":"https:\/\/tintafresca.net\/index.php\/2025\/02\/11\/secretario-de-estado-do-ambiente-inaugura-o-ecoparque-da-calvaria-de-cima\/","title":{"rendered":"Secret\u00e1rio de Estado do Ambiente inaugura o Ecoparque da Calvaria de Cima"},"content":{"rendered":"<div id=\"attachment_38922\" style=\"width: 510px\" class=\"wp-caption alignleft\"><img loading=\"lazy\" decoding=\"async\" aria-describedby=\"caption-attachment-38922\" class=\"wp-image-38922 size-full\" src=\"https:\/\/tintafresca.net\/wp-content\/uploads\/2025\/02\/PM_Ecoparque-Calvaria40.jpg\" alt=\"\" width=\"500\" height=\"333\" srcset=\"https:\/\/tintafresca.net\/wp-content\/uploads\/2025\/02\/PM_Ecoparque-Calvaria40.jpg 500w, https:\/\/tintafresca.net\/wp-content\/uploads\/2025\/02\/PM_Ecoparque-Calvaria40-300x200.jpg 300w\" sizes=\"auto, (max-width: 500px) 100vw, 500px\" \/><p id=\"caption-attachment-38922\" class=\"wp-caption-text\">Inaugura\u00e7\u00e3o do Ecoparque<\/p><\/div>\n<p>O Ecoparque da Calvaria de Cima foi inaugurado no dia 9 de fevereiro, na presen\u00e7a do secret\u00e1rio de Estado do Ambiente, Em\u00eddio Sousa, do presidente da C\u00e2mara Municipal, Jorge Vala, do presidente da Junta de Freguesia, Lu\u00eds Silva e do arquiteto paisag\u00edstico, respons\u00e1vel pelo projeto, Hugo Alves.<\/p>\n<p>A inaugura\u00e7\u00e3o do Ecoparque deu-se no dia de celebra\u00e7\u00e3o do Centen\u00e1rio da Freguesia e da Par\u00f3quia da Calvaria de Cima, ainda que os trabalhos n\u00e3o estejam totalmente conclu\u00eddos, pela import\u00e2ncia da data para a popula\u00e7\u00e3o.<\/p>\n<p>Este projeto revela-se de extrema import\u00e2ncia para a melhoria da qualidade de vida dos calvarienses pois trata-se da recupera\u00e7\u00e3o de um campo baldio num espa\u00e7o verde polivalente, com condi\u00e7\u00f5es para a pr\u00e1tica de atividades ao ar livre, de recreio e de lazer, concertadas com atividades pedag\u00f3gicas de promo\u00e7\u00e3o dos valores ambientais e culturais.<\/p>\n<div id=\"attachment_38923\" style=\"width: 510px\" class=\"wp-caption alignleft\"><img loading=\"lazy\" decoding=\"async\" aria-describedby=\"caption-attachment-38923\" class=\"wp-image-38923 size-full\" src=\"https:\/\/tintafresca.net\/wp-content\/uploads\/2025\/02\/PM_Ecoparque-Calvaria10.jpg\" alt=\"\" width=\"500\" height=\"333\" srcset=\"https:\/\/tintafresca.net\/wp-content\/uploads\/2025\/02\/PM_Ecoparque-Calvaria10.jpg 500w, https:\/\/tintafresca.net\/wp-content\/uploads\/2025\/02\/PM_Ecoparque-Calvaria10-300x200.jpg 300w\" sizes=\"auto, (max-width: 500px) 100vw, 500px\" \/><p id=\"caption-attachment-38923\" class=\"wp-caption-text\">Ecoparque da Calvaria de Cima<\/p><\/div>\n<p>Dotado de anfiteatro, jogos de \u00e1gua, edif\u00edcio de apoio, equipamento infantil e espa\u00e7os desportivos, incluindo percursos pedonais, a obra representa um investimento de \u20ac940 593,93 euros<\/p>\n<p>Por outro lado, o restabelecimento das estruturas ecol\u00f3gicas assume um papel central do projeto, com a renaturaliza\u00e7\u00e3o da linha de \u00e1gua e respetivo corredor rip\u00edcola.<\/p>\n<p><strong>\u00a0 \u00a0 Fonte: PA|GC|CMPM<\/strong><\/p>\n","protected":false},"excerpt":{"rendered":"<p>O Ecoparque da Calvaria de Cima foi inaugurado no dia 9 de fevereiro, na presen\u00e7a do secret\u00e1rio de Estado do Ambiente, Em\u00eddio Sousa, do presidente da C\u00e2mara Municipal, Jorge Vala, do presidente da Junta de Freguesia, Lu\u00eds Silva e do arquiteto paisag\u00edstico, respons\u00e1vel pelo projeto, Hugo Alves. A inaugura\u00e7\u00e3o do Ecoparque deu-se no dia de [&hellip;]<\/p>\n","protected":false},"author":2,"featured_media":38924,"comment_status":"open","ping_status":"open","sticky":false,"template":"","format":"standard","meta":{"footnotes":""},"categories":[9],"tags":[],"class_list":["post-38919","post","type-post","status-publish","format-standard","has-post-thumbnail","hentry","category-ambiente"],"_links":{"self":[{"href":"https:\/\/tintafresca.net\/index.php\/wp-json\/wp\/v2\/posts\/38919","targetHints":{"allow":["GET"]}}],"collection":[{"href":"https:\/\/tintafresca.net\/index.php\/wp-json\/wp\/v2\/posts"}],"about":[{"href":"https:\/\/tintafresca.net\/index.php\/wp-json\/wp\/v2\/types\/post"}],"author":[{"embeddable":true,"href":"https:\/\/tintafresca.net\/index.php\/wp-json\/wp\/v2\/users\/2"}],"replies":[{"embeddable":true,"href":"https:\/\/tintafresca.net\/index.php\/wp-json\/wp\/v2\/comments?post=38919"}],"version-history":[{"count":3,"href":"https:\/\/tintafresca.net\/index.php\/wp-json\/wp\/v2\/posts\/38919\/revisions"}],"predecessor-version":[{"id":38925,"href":"https:\/\/tintafresca.net\/index.php\/wp-json\/wp\/v2\/posts\/38919\/revisions\/38925"}],"wp:featuredmedia":[{"embeddable":true,"href":"https:\/\/tintafresca.net\/index.php\/wp-json\/wp\/v2\/media\/38924"}],"wp:attachment":[{"href":"https:\/\/tintafresca.net\/index.php\/wp-json\/wp\/v2\/media?parent=38919"}],"wp:term":[{"taxonomy":"category","embeddable":true,"href":"https:\/\/tintafresca.net\/index.php\/wp-json\/wp\/v2\/categories?post=38919"},{"taxonomy":"post_tag","embeddable":true,"href":"https:\/\/tintafresca.net\/index.php\/wp-json\/wp\/v2\/tags?post=38919"}],"curies":[{"name":"wp","href":"https:\/\/api.w.org\/{rel}","templated":true}]}}