{"id":38975,"date":"2025-02-14T23:32:46","date_gmt":"2025-02-14T23:32:46","guid":{"rendered":"https:\/\/tintafresca.net\/?p=38975"},"modified":"2025-02-14T23:44:59","modified_gmt":"2025-02-14T23:44:59","slug":"estm-celebra-acordo-com-instituto-brasileiro-ifes-para-a-promocao-da-economia-azul-inovacao-e-sustentabilidade","status":"publish","type":"post","link":"https:\/\/tintafresca.net\/index.php\/2025\/02\/14\/estm-celebra-acordo-com-instituto-brasileiro-ifes-para-a-promocao-da-economia-azul-inovacao-e-sustentabilidade\/","title":{"rendered":"ESTM celebra acordo com instituto brasileiro Ifes para a promo\u00e7\u00e3o da economia azul, inova\u00e7\u00e3o e sustentabilidade"},"content":{"rendered":"<div id=\"attachment_38977\" style=\"width: 410px\" class=\"wp-caption alignleft\"><img loading=\"lazy\" decoding=\"async\" aria-describedby=\"caption-attachment-38977\" class=\"wp-image-38977 size-full\" src=\"https:\/\/tintafresca.net\/wp-content\/uploads\/2025\/02\/Peniche_Protocolo_ESTM_Ifes_20.jpg\" alt=\"\" width=\"400\" height=\"400\" srcset=\"https:\/\/tintafresca.net\/wp-content\/uploads\/2025\/02\/Peniche_Protocolo_ESTM_Ifes_20.jpg 400w, https:\/\/tintafresca.net\/wp-content\/uploads\/2025\/02\/Peniche_Protocolo_ESTM_Ifes_20-300x300.jpg 300w, https:\/\/tintafresca.net\/wp-content\/uploads\/2025\/02\/Peniche_Protocolo_ESTM_Ifes_20-150x150.jpg 150w\" sizes=\"auto, (max-width: 400px) 100vw, 400px\" \/><p id=\"caption-attachment-38977\" class=\"wp-caption-text\">S\u00e9rgio Leandro e Jadir Jos\u00e9 Pela<\/p><\/div>\n<p>A Escola Superior de Turismo e Tecnologia do Mar (ESTM) do Polit\u00e9cnico de Leiria, de Peniche, formalizou um acordo de coopera\u00e7\u00e3o com o Instituto Federal de Educa\u00e7\u00e3o, Ci\u00eancia e Tecnologia do Esp\u00edrito Santo (Ifes), do Brasil, para a promo\u00e7\u00e3o da economia azul, inova\u00e7\u00e3o e sustentabilidade ambiental. O protocolo prev\u00ea a realiza\u00e7\u00e3o de interc\u00e2mbios entre docentes, estudantes\u00a0 e investigadores, com a possibilidade de participa\u00e7\u00e3o em programas de dupla titula\u00e7\u00e3o, a participa\u00e7\u00e3o conjunta em projetos de investiga\u00e7\u00e3o e uma maior coopera\u00e7\u00e3o entre os dois territ\u00f3rios.<\/p>\n<p>O acordo foi celebrado durante o evento \u2018Economia Azul: Um Oceano de Oportunidades com a Internacionaliza\u00e7\u00e3o\u2019, realizado nos dias 10 e 11 de fevereiro, no Ifes, no Brasil, onde o diretor da ESTM, S\u00e9rgio Leandro, debateu ainda os modelos europeus de integra\u00e7\u00e3o entre educa\u00e7\u00e3o, tecnologia e sustentabilidade na economia do mar.<\/p>\n<p>\u201cA celebra\u00e7\u00e3o deste protocolo, que representa o fortalecimento das rela\u00e7\u00f5es internacionais e a procura constante por inova\u00e7\u00e3o e sustentabilidade, permitir\u00e1 promover e dinamizar a economia azul no estado do Esp\u00edrito Santo e estabelecer novas pontes de di\u00e1logo entre Portugal e Brasil. Firmado este acordo, vamos agora definir um caderno de encargos, no qual ser\u00e3o identificados projetos e a\u00e7\u00f5es a realizar em 2025 e 2026\u201d, refere S\u00e9rgio Leandro.<\/p>\n<p>No \u00e2mbito da presen\u00e7a no evento, o diretor da ESTM do Polit\u00e9cnico de Leiria visitou ainda as cidades de Vit\u00f3ria e de Pi\u00fama, onde contactou com diferentes atores locais da economia azul.<\/p>\n<div id=\"attachment_38978\" style=\"width: 510px\" class=\"wp-caption alignleft\"><img loading=\"lazy\" decoding=\"async\" aria-describedby=\"caption-attachment-38978\" class=\"wp-image-38978 size-full\" src=\"https:\/\/tintafresca.net\/wp-content\/uploads\/2025\/02\/Peniche_Evento-Economia-Azul_Brasil_ESTM10.jpg\" alt=\"\" width=\"500\" height=\"317\" srcset=\"https:\/\/tintafresca.net\/wp-content\/uploads\/2025\/02\/Peniche_Evento-Economia-Azul_Brasil_ESTM10.jpg 500w, https:\/\/tintafresca.net\/wp-content\/uploads\/2025\/02\/Peniche_Evento-Economia-Azul_Brasil_ESTM10-300x190.jpg 300w\" sizes=\"auto, (max-width: 500px) 100vw, 500px\" \/><p id=\"caption-attachment-38978\" class=\"wp-caption-text\">Delega\u00e7\u00f5es de Portugal e do Brasil<\/p><\/div>\n<p>\u201cAl\u00e9m de ser um momento importante para o Polit\u00e9cnico de Leiria, \u00e9 tamb\u00e9m uma oportunidade para o polo de Peniche do Hub Azul vir a estabelecer parcerias e a\u00e7\u00f5es conjuntas para o desenvolvimento da economia azul e para a constru\u00e7\u00e3o de um futuro mais sustent\u00e1vel e conectado globalmente\u201d, real\u00e7a S\u00e9rgio Leandro.<\/p>\n<p>O evento \u2018Economia Azul: Um Oceano de Oportunidades com a Internacionaliza\u00e7\u00e3o\u2019 reuniu, durante dois dias, especialistas, investigadores e representantes governamentais para debater o potencial da economia azul e fortalecer parcerias internacionais.<\/p>\n<p><strong>\u00a0 \u00a0 Fonte: On-It!<\/strong><\/p>\n","protected":false},"excerpt":{"rendered":"<p>A Escola Superior de Turismo e Tecnologia do Mar (ESTM) do Polit\u00e9cnico de Leiria, de Peniche, formalizou um acordo de coopera\u00e7\u00e3o com o Instituto Federal de Educa\u00e7\u00e3o, Ci\u00eancia e Tecnologia do Esp\u00edrito Santo (Ifes), do Brasil, para a promo\u00e7\u00e3o da economia azul, inova\u00e7\u00e3o e sustentabilidade ambiental. O protocolo prev\u00ea a realiza\u00e7\u00e3o de interc\u00e2mbios entre docentes, [&hellip;]<\/p>\n","protected":false},"author":2,"featured_media":38979,"comment_status":"open","ping_status":"open","sticky":false,"template":"","format":"standard","meta":{"footnotes":""},"categories":[9,14],"tags":[],"class_list":["post-38975","post","type-post","status-publish","format-standard","has-post-thumbnail","hentry","category-ambiente","category-educacao"],"_links":{"self":[{"href":"https:\/\/tintafresca.net\/index.php\/wp-json\/wp\/v2\/posts\/38975","targetHints":{"allow":["GET"]}}],"collection":[{"href":"https:\/\/tintafresca.net\/index.php\/wp-json\/wp\/v2\/posts"}],"about":[{"href":"https:\/\/tintafresca.net\/index.php\/wp-json\/wp\/v2\/types\/post"}],"author":[{"embeddable":true,"href":"https:\/\/tintafresca.net\/index.php\/wp-json\/wp\/v2\/users\/2"}],"replies":[{"embeddable":true,"href":"https:\/\/tintafresca.net\/index.php\/wp-json\/wp\/v2\/comments?post=38975"}],"version-history":[{"count":2,"href":"https:\/\/tintafresca.net\/index.php\/wp-json\/wp\/v2\/posts\/38975\/revisions"}],"predecessor-version":[{"id":38980,"href":"https:\/\/tintafresca.net\/index.php\/wp-json\/wp\/v2\/posts\/38975\/revisions\/38980"}],"wp:featuredmedia":[{"embeddable":true,"href":"https:\/\/tintafresca.net\/index.php\/wp-json\/wp\/v2\/media\/38979"}],"wp:attachment":[{"href":"https:\/\/tintafresca.net\/index.php\/wp-json\/wp\/v2\/media?parent=38975"}],"wp:term":[{"taxonomy":"category","embeddable":true,"href":"https:\/\/tintafresca.net\/index.php\/wp-json\/wp\/v2\/categories?post=38975"},{"taxonomy":"post_tag","embeddable":true,"href":"https:\/\/tintafresca.net\/index.php\/wp-json\/wp\/v2\/tags?post=38975"}],"curies":[{"name":"wp","href":"https:\/\/api.w.org\/{rel}","templated":true}]}}