{"id":38985,"date":"2025-02-15T18:58:34","date_gmt":"2025-02-15T18:58:34","guid":{"rendered":"https:\/\/tintafresca.net\/?p=38985"},"modified":"2025-02-17T01:32:29","modified_gmt":"2025-02-17T01:32:29","slug":"municipio-de-ourem-inaugura-6-novos-balcoes-sns-24","status":"publish","type":"post","link":"https:\/\/tintafresca.net\/index.php\/2025\/02\/15\/municipio-de-ourem-inaugura-6-novos-balcoes-sns-24\/","title":{"rendered":"Munic\u00edpio de Our\u00e9m inaugura seis novos Balc\u00f5es SNS 24"},"content":{"rendered":"<div id=\"attachment_38987\" style=\"width: 510px\" class=\"wp-caption alignleft\"><img loading=\"lazy\" decoding=\"async\" aria-describedby=\"caption-attachment-38987\" class=\"wp-image-38987 size-full\" src=\"https:\/\/tintafresca.net\/wp-content\/uploads\/2025\/02\/Ourem_SNS10.jpg\" alt=\"\" width=\"500\" height=\"333\" srcset=\"https:\/\/tintafresca.net\/wp-content\/uploads\/2025\/02\/Ourem_SNS10.jpg 500w, https:\/\/tintafresca.net\/wp-content\/uploads\/2025\/02\/Ourem_SNS10-300x200.jpg 300w\" sizes=\"auto, (max-width: 500px) 100vw, 500px\" \/><p id=\"caption-attachment-38987\" class=\"wp-caption-text\">Sandra Cavaca, Manuel Carvalho e Lu\u00eds Miguel Albuquerque<\/p><\/div>\n<p>O antigo edif\u00edcio-sede da Junta de Freguesia de Ribeira do F\u00e1rrio recebeu esta sexta-feira, dia 14 de fevereiro, a cerim\u00f3nia oficial de abertura dos seis novos Balc\u00f5es SNS 24 do concelho de Our\u00e9m. Estes novos balc\u00f5es localizados em Caxarias, Espite, Ribeira do F\u00e1rrio, Freixianda, Matas e Rio de Couros s\u00e3o uma solu\u00e7\u00e3o pr\u00e1tica e acess\u00edvel para aceder aos servi\u00e7os digitais do Servi\u00e7o Nacional de Sa\u00fade, e permitem tratar de diversas quest\u00f5es relacionadas com a sa\u00fade de forma simples e com apoio personalizado.<\/p>\n<p>A cerim\u00f3nia contou com a presen\u00e7a do presidente da C\u00e2mara Municipal de Our\u00e9m, Lu\u00eds Miguel Albuquerque, do presidente do Conselho de Administra\u00e7\u00e3o da ULS de Leiria, Manuel Carvalho e da presidente do Conselho de Administra\u00e7\u00e3o dos Servi\u00e7os Partilhados do Minist\u00e9rio da Sa\u00fade, Sandra Cavaca. Nos discursos oficiais todos os intervenientes refor\u00e7aram a relev\u00e2ncia dos Balc\u00f5es SNS 24, servi\u00e7o que oferece apoio presencial aos mun\u00edcipes que t\u00eam dificuldades na utiliza\u00e7\u00e3o dos meios online, permitindo-lhes realizar diversos servi\u00e7os do SNS sem necessidade de se deslocarem a uma unidade de sa\u00fade.<\/p>\n<p>Pode consultar mais informa\u00e7\u00f5es sobre os Balc\u00f5es SNS 24, assim como os v\u00e1rios servi\u00e7os ao dispor dos cidad\u00e3os, em https:\/\/www.sns24.gov.pt\/guia\/balcao-sns-24\/<\/p>\n<div id=\"attachment_38988\" style=\"width: 510px\" class=\"wp-caption alignleft\"><img loading=\"lazy\" decoding=\"async\" aria-describedby=\"caption-attachment-38988\" class=\"wp-image-38988 size-full\" src=\"https:\/\/tintafresca.net\/wp-content\/uploads\/2025\/02\/Ourem_SNS20.jpg\" alt=\"\" width=\"500\" height=\"333\" srcset=\"https:\/\/tintafresca.net\/wp-content\/uploads\/2025\/02\/Ourem_SNS20.jpg 500w, https:\/\/tintafresca.net\/wp-content\/uploads\/2025\/02\/Ourem_SNS20-300x200.jpg 300w\" sizes=\"auto, (max-width: 500px) 100vw, 500px\" \/><p id=\"caption-attachment-38988\" class=\"wp-caption-text\">Novos balc\u00f5es est\u00e3o localizados em Caxarias, Espite, Ribeira do F\u00e1rrio, Freixianda, Matas e Rio de Couros<\/p><\/div>\n<p>Al\u00e9m desta iniciativa dos Servi\u00e7os Partilhados do Minist\u00e9rio da Sa\u00fade, em parceria com a Unidade Local de Sa\u00fade de Leiria, Juntas de Freguesia e o Munic\u00edpio de Our\u00e9m, o momento serviu tamb\u00e9m para a formaliza\u00e7\u00e3o do protocolo no \u00e2mbito do projeto Bata Branca estabelecido entre a ULS de Leiria, o Munic\u00edpio de Our\u00e9m e a Santa Casa da Miseric\u00f3rdia de F\u00e1tima-Our\u00e9m, que define um aumento de 175 para 225 horas semanais de atendimento m\u00e9dico nas Unidades de Cuidados de Sa\u00fade Prim\u00e1rios (UCSP) de Our\u00e9m.<\/p>\n<p>Com esta medida o projeto passa a congregar 10 m\u00e9dicos, o que, segundo o presidente Lu\u00eds Miguel Albuquerque, significa que \u201cpela primeira vez nos \u00faltimos anos todas as extens\u00f5es de sa\u00fade do concelho t\u00eam um m\u00e9dico de fam\u00edlia ou um m\u00e9dico assistente, pelo menos uma vez por semana.\u201d<\/p>\n<p>O presidente da C\u00e2mara Municipal anunciou tamb\u00e9m que muito brevemente ser\u00e1 disponibilizado um servi\u00e7o de teleconsultas no Centro de Sa\u00fade de Our\u00e9m, um servi\u00e7o di\u00e1rio que ser\u00e1 assegurado por dois m\u00e9dicos de fam\u00edlia.<\/p>\n<p>Al\u00e9m deste novo servi\u00e7o ao dispor dos mun\u00edcipes, Lu\u00eds Miguel Albuquerque garantiu ainda que est\u00e3o a ser desenvolvidos todos os esfor\u00e7os para concretizar a constitui\u00e7\u00e3o de uma USF no Centro de Sa\u00fade de Our\u00e9m. Acredita o autarca que a curto prazo o Centro de Sa\u00fade de Our\u00e9m ter\u00e1 os m\u00e9dicos necess\u00e1rios para garantir este servi\u00e7o e, num futuro pr\u00f3ximo, assegurar o funcionamento de um Servi\u00e7o de Atendimento Permanente que viabilize o atendimento dos oureenses no Centro de Sa\u00fade de Our\u00e9m at\u00e9 \u00e0s 24 horas.<\/p>\n<p>O conjunto de medidas apresentadas confirmam a determina\u00e7\u00e3o do Munic\u00edpio de Our\u00e9m em assegurar melhores condi\u00e7\u00f5es aos oureenses no acesso a cuidados de sa\u00fade, atrav\u00e9s da concretiza\u00e7\u00e3o de um conjunto de projetos enquadrados nas suas compet\u00eancias, mas tamb\u00e9m devido a uma estreita articula\u00e7\u00e3o com as entidades regionais e nacionais respons\u00e1veis pelo setor da sa\u00fade no nosso concelho e no pa\u00eds.<\/p>\n<p>Esta cerim\u00f3nia contou tamb\u00e9m com a presen\u00e7a da vereadora da C\u00e2mara Municipal de Our\u00e9m, Isabel Costa, e dos presidentes da Juntas de Freguesia de Freixianda, Ribeira do F\u00e1rrio e Formigais, Rio de Couros e Casal dos Bernardos, Caxarias, Espite e Matas e Cercal.<\/p>\n<p><strong>\u00a0 \u00a0 Fonte: LC|GIC|CMO<\/strong><\/p>\n","protected":false},"excerpt":{"rendered":"<p>O antigo edif\u00edcio-sede da Junta de Freguesia de Ribeira do F\u00e1rrio recebeu esta sexta-feira, dia 14 de fevereiro, a cerim\u00f3nia oficial de abertura dos seis novos Balc\u00f5es SNS 24 do concelho de Our\u00e9m. Estes novos balc\u00f5es localizados em Caxarias, Espite, Ribeira do F\u00e1rrio, Freixianda, Matas e Rio de Couros s\u00e3o uma solu\u00e7\u00e3o pr\u00e1tica e acess\u00edvel [&hellip;]<\/p>\n","protected":false},"author":2,"featured_media":38990,"comment_status":"open","ping_status":"open","sticky":false,"template":"","format":"standard","meta":{"footnotes":""},"categories":[6],"tags":[],"class_list":["post-38985","post","type-post","status-publish","format-standard","has-post-thumbnail","hentry","category-saude"],"_links":{"self":[{"href":"https:\/\/tintafresca.net\/index.php\/wp-json\/wp\/v2\/posts\/38985","targetHints":{"allow":["GET"]}}],"collection":[{"href":"https:\/\/tintafresca.net\/index.php\/wp-json\/wp\/v2\/posts"}],"about":[{"href":"https:\/\/tintafresca.net\/index.php\/wp-json\/wp\/v2\/types\/post"}],"author":[{"embeddable":true,"href":"https:\/\/tintafresca.net\/index.php\/wp-json\/wp\/v2\/users\/2"}],"replies":[{"embeddable":true,"href":"https:\/\/tintafresca.net\/index.php\/wp-json\/wp\/v2\/comments?post=38985"}],"version-history":[{"count":4,"href":"https:\/\/tintafresca.net\/index.php\/wp-json\/wp\/v2\/posts\/38985\/revisions"}],"predecessor-version":[{"id":39013,"href":"https:\/\/tintafresca.net\/index.php\/wp-json\/wp\/v2\/posts\/38985\/revisions\/39013"}],"wp:featuredmedia":[{"embeddable":true,"href":"https:\/\/tintafresca.net\/index.php\/wp-json\/wp\/v2\/media\/38990"}],"wp:attachment":[{"href":"https:\/\/tintafresca.net\/index.php\/wp-json\/wp\/v2\/media?parent=38985"}],"wp:term":[{"taxonomy":"category","embeddable":true,"href":"https:\/\/tintafresca.net\/index.php\/wp-json\/wp\/v2\/categories?post=38985"},{"taxonomy":"post_tag","embeddable":true,"href":"https:\/\/tintafresca.net\/index.php\/wp-json\/wp\/v2\/tags?post=38985"}],"curies":[{"name":"wp","href":"https:\/\/api.w.org\/{rel}","templated":true}]}}