{"id":39050,"date":"2025-02-19T20:29:58","date_gmt":"2025-02-19T20:29:58","guid":{"rendered":"https:\/\/tintafresca.net\/?p=39050"},"modified":"2025-02-19T20:31:56","modified_gmt":"2025-02-19T20:31:56","slug":"primeiro-ministro-inaugura-pavilhao-panorama-e-area-de-localizacao-empresarial-da-benedita","status":"publish","type":"post","link":"https:\/\/tintafresca.net\/index.php\/2025\/02\/19\/primeiro-ministro-inaugura-pavilhao-panorama-e-area-de-localizacao-empresarial-da-benedita\/","title":{"rendered":"Primeiro-ministro inaugura pavilh\u00e3o Panorama e \u00c1rea de Localiza\u00e7\u00e3o Empresarial da Benedita"},"content":{"rendered":"<div id=\"attachment_38450\" style=\"width: 510px\" class=\"wp-caption alignleft\"><img loading=\"lazy\" decoding=\"async\" aria-describedby=\"caption-attachment-38450\" class=\"wp-image-38450 size-full\" src=\"https:\/\/tintafresca.net\/wp-content\/uploads\/2025\/01\/Alcobaca_Pavilhao_Multiusos20.jpg\" alt=\"\" width=\"500\" height=\"281\" srcset=\"https:\/\/tintafresca.net\/wp-content\/uploads\/2025\/01\/Alcobaca_Pavilhao_Multiusos20.jpg 500w, https:\/\/tintafresca.net\/wp-content\/uploads\/2025\/01\/Alcobaca_Pavilhao_Multiusos20-300x169.jpg 300w\" sizes=\"auto, (max-width: 500px) 100vw, 500px\" \/><p id=\"caption-attachment-38450\" class=\"wp-caption-text\">Pavilh\u00e3o multiusos Panorama<\/p><\/div>\n<p>O primeiro-ministro ir\u00e1 inaugurar, no dia 28 de mar\u00e7o, o novo pavilh\u00e3o multiusos de Alcoba\u00e7a \u201cPanorama e a \u00c1rea de Localiza\u00e7\u00e3o Empresarial da Benedita (ALEB). O an\u00fancio da visita de Lu\u00eds Montenegro a Alcoba\u00e7a foi revelado pelo presidente da C\u00e2mara Municipal de Alcoba\u00e7a na sess\u00e3o de 13 de fevereiro da Assembleia Municipal de Alcoba\u00e7a.<\/p>\n<p>Herm\u00ednio Rodrigues revelou ainda que o Munic\u00edpio ir\u00e1 estar representado na Assembleia da Rep\u00fablica, no dia 12 de mar\u00e7o, com uma mostra de produtos locais, da cer\u00e2mica \u00e0 pedra, da agricultura aos servi\u00e7os, a convite do presidente do Parlamento, Aguiar-Branco.<\/p>\n<p>J\u00e1 no dia 21 de fevereiro \u00e9 a vez da ministra da Juventude e Moderniza\u00e7\u00e3o Administrativa, Margarida Balseiro Lopes, inaugurar o novo campo do desporto espont\u00e2neo, junto ao Centro Escolar de Alcoba\u00e7a, e o Balc\u00e3o do Munic\u00edpio, junto aos Pa\u00e7os do Concelho.<\/p>\n","protected":false},"excerpt":{"rendered":"<p>O primeiro-ministro ir\u00e1 inaugurar, no dia 28 de mar\u00e7o, o novo pavilh\u00e3o multiusos de Alcoba\u00e7a \u201cPanorama e a \u00c1rea de Localiza\u00e7\u00e3o Empresarial da Benedita (ALEB). O an\u00fancio da visita de Lu\u00eds Montenegro a Alcoba\u00e7a foi revelado pelo presidente da C\u00e2mara Municipal de Alcoba\u00e7a na sess\u00e3o de 13 de fevereiro da Assembleia Municipal de Alcoba\u00e7a. Herm\u00ednio [&hellip;]<\/p>\n","protected":false},"author":2,"featured_media":37835,"comment_status":"open","ping_status":"open","sticky":false,"template":"","format":"standard","meta":{"footnotes":""},"categories":[7],"tags":[],"class_list":["post-39050","post","type-post","status-publish","format-standard","has-post-thumbnail","hentry","category-economia"],"_links":{"self":[{"href":"https:\/\/tintafresca.net\/index.php\/wp-json\/wp\/v2\/posts\/39050","targetHints":{"allow":["GET"]}}],"collection":[{"href":"https:\/\/tintafresca.net\/index.php\/wp-json\/wp\/v2\/posts"}],"about":[{"href":"https:\/\/tintafresca.net\/index.php\/wp-json\/wp\/v2\/types\/post"}],"author":[{"embeddable":true,"href":"https:\/\/tintafresca.net\/index.php\/wp-json\/wp\/v2\/users\/2"}],"replies":[{"embeddable":true,"href":"https:\/\/tintafresca.net\/index.php\/wp-json\/wp\/v2\/comments?post=39050"}],"version-history":[{"count":1,"href":"https:\/\/tintafresca.net\/index.php\/wp-json\/wp\/v2\/posts\/39050\/revisions"}],"predecessor-version":[{"id":39051,"href":"https:\/\/tintafresca.net\/index.php\/wp-json\/wp\/v2\/posts\/39050\/revisions\/39051"}],"wp:featuredmedia":[{"embeddable":true,"href":"https:\/\/tintafresca.net\/index.php\/wp-json\/wp\/v2\/media\/37835"}],"wp:attachment":[{"href":"https:\/\/tintafresca.net\/index.php\/wp-json\/wp\/v2\/media?parent=39050"}],"wp:term":[{"taxonomy":"category","embeddable":true,"href":"https:\/\/tintafresca.net\/index.php\/wp-json\/wp\/v2\/categories?post=39050"},{"taxonomy":"post_tag","embeddable":true,"href":"https:\/\/tintafresca.net\/index.php\/wp-json\/wp\/v2\/tags?post=39050"}],"curies":[{"name":"wp","href":"https:\/\/api.w.org\/{rel}","templated":true}]}}