{"id":39078,"date":"2025-02-23T01:19:42","date_gmt":"2025-02-23T01:19:42","guid":{"rendered":"https:\/\/tintafresca.net\/?p=39078"},"modified":"2025-02-23T23:18:24","modified_gmt":"2025-02-23T23:18:24","slug":"turismo-do-centro-traz-ao-stand-da-btl-programas-nacionais-de-grande-audiencia","status":"publish","type":"post","link":"https:\/\/tintafresca.net\/index.php\/2025\/02\/23\/turismo-do-centro-traz-ao-stand-da-btl-programas-nacionais-de-grande-audiencia\/","title":{"rendered":"Turismo do Centro traz ao stand da BTL 2025 programas nacionais de grande audi\u00eancia"},"content":{"rendered":"<div id=\"attachment_39080\" style=\"width: 510px\" class=\"wp-caption alignleft\"><img loading=\"lazy\" decoding=\"async\" aria-describedby=\"caption-attachment-39080\" class=\"wp-image-39080 size-full\" src=\"https:\/\/tintafresca.net\/wp-content\/uploads\/2025\/02\/TCP_BTL10.jpg\" alt=\"\" width=\"500\" height=\"333\" srcset=\"https:\/\/tintafresca.net\/wp-content\/uploads\/2025\/02\/TCP_BTL10.jpg 500w, https:\/\/tintafresca.net\/wp-content\/uploads\/2025\/02\/TCP_BTL10-300x200.jpg 300w\" sizes=\"auto, (max-width: 500px) 100vw, 500px\" \/><p id=\"caption-attachment-39080\" class=\"wp-caption-text\">Pavilh\u00e3o da Turismo do Centro de Portugal<\/p><\/div>\n<p>A Turismo Centro de Portugal est\u00e1 a preparar uma participa\u00e7\u00e3o marcante na BTL 2025, que decorre de 12 a 16 de mar\u00e7o na FIL \u2013 Feira Internacional de Lisboa. No ano em que se assinalam os 10 anos do rebranding da marca \u201cTurismo Centro de Portugal\u201d, o stand da entidade, localizado no Pavilh\u00e3o 1 (Stand 1A03), ser\u00e1 palco de lan\u00e7amentos estrat\u00e9gicos, debates, experi\u00eancias imersivas e momentos de networking, que v\u00e3o posicionar a regi\u00e3o como destino de refer\u00eancia no turismo nacional e internacional.<\/p>\n<p><strong>\u00a0Destaques da programa\u00e7\u00e3o do stand Turismo Centro de Portugal<\/strong><\/p>\n<p>Como \u00e9 habitual, os primeiros tr\u00eas dias da BTL \u2013 Better Tourism Lisbon Travel Market (nova designa\u00e7\u00e3o para a Bolsa de Turismo de Lisboa) ser\u00e3o dedicados aos profissionais do setor.<\/p>\n<p>A inaugura\u00e7\u00e3o oficial do stand, que tem 810m\u00b2, acontece no dia 12, \u00e0s 16h00, momento em que a vice-presidente da Turismo Centro de Portugal, Anabela Freitas, apresentar\u00e1 os principais eixos da Estrat\u00e9gia de Promo\u00e7\u00e3o para 2025. De seguida, Gon\u00e7alo Lopes, presidente do Munic\u00edpio de Leiria, ser\u00e1 convidado a apresentar os destaques de Leiria &#8211; Munic\u00edpio Convidado da BTL 2025.<\/p>\n<p>Ainda no dia 12, ser\u00e1 apresentado o projeto &#8220;Estradas com Hist\u00f3ria&#8221;, um novo produto tur\u00edstico que vai transformar duas emblem\u00e1ticas estradas do interior do pa\u00eds \u2013 a EN16 e a EN17 \u2013 em eixos de descoberta cultural, patrimonial e gastron\u00f3mica. Este evento contar\u00e1 com a presen\u00e7a dos Secret\u00e1rios de Estado do Turismo e das Florestas, Pedro Machado e Rui Ladeira, e representantes das quatro Comunidades Intermunicipais envolvidas: Regi\u00e3o Beiras e Serra da Estrela, Regi\u00e3o de Aveiro, Regi\u00e3o de Coimbra e Viseu D\u00e3o Laf\u00f5es.<\/p>\n<p>No dia 13, o destaque vai para a apresenta\u00e7\u00e3o da Parceria Transfronteiri\u00e7a entre as regi\u00f5es portuguesas do Centro de Portugal, Alentejo e Ribatejo e a regi\u00e3o espanhola da Extremadura. Participam na cerim\u00f3nia, al\u00e9m de Anabela Freitas, Jos\u00e9 Santos, Presidente da Turismo Alentejo e Ribatejo, Jes\u00fas Vi\u00f1uales, Diretor de Turismo da Extremadura e Pedro Machado, Secret\u00e1rio de Estado do Turismo. Segue-se uma degusta\u00e7\u00e3o de produtos gastron\u00f3micos e vinhos das tr\u00eas regi\u00f5es.<\/p>\n<p>Ainda no dia 13, ser\u00e1 dado a conhecer o programa \u201cSabores ao Centro\u201d, uma grande aposta da Turismo Centro de Portugal para este ano, que refor\u00e7a a liga\u00e7\u00e3o entre a gastronomia e a promo\u00e7\u00e3o tur\u00edstica. A terminar, haver\u00e1 a apresenta\u00e7\u00e3o das etapas do Rally de Portugal no Centro de Portugal, com a presen\u00e7a de Carlos Barbosa, Presidente do Autom\u00f3vel Club de Portugal, de representantes dos munic\u00edpios por onde passa a prova e de Pedro Machado, Secret\u00e1rio de Estado do Turismo.<\/p>\n<p>Na manh\u00e3 de sexta-feira, dia 14, o Turismo Industrial ser\u00e1 o protagonista da programa\u00e7\u00e3o do stand, com a celebra\u00e7\u00e3o da ades\u00e3o de novos parceiros \u00e0 Rede Portuguesa do Turismo Industrial, seguida da apresenta\u00e7\u00e3o do respetivo roteiro.<\/p>\n<p>\u00c0 tarde, ser\u00e1 assinado um protocolo de colabora\u00e7\u00e3o dos parceiros dos Itiner\u00e1rios Napole\u00f3nicos, outro produto tur\u00edstico que est\u00e1 a ganhar import\u00e2ncia na regi\u00e3o, e ser\u00e1 apresentado tamb\u00e9m o \u201cPortal Outdoor\u201d, um projeto da Turismo Centro de Portugal que d\u00e1 a conhecer a oferta de experi\u00eancias de walking &amp; cycling no territ\u00f3rio.<\/p>\n<p><strong>\u00a0Programas nacionais de grande audi\u00eancia gravados ao vivo no stand<\/strong><\/p>\n<p>A todos estes destaques, junta-se uma novidade que promete ter grande sucesso. Quem visitar o stand da Turismo Centro de Portugal ter\u00e1 a possibilidade de assistir, ao vivo, \u00e0 grava\u00e7\u00e3o de podcasts e programas nacionais de grande audi\u00eancia.<\/p>\n<p>Durante os tr\u00eas primeiros dias de feira, ser\u00e3o gravados os programas \u201cMoney Money\u201d, podcast de Economia assinado por Jo\u00e3o Vieira Pereira e Jo\u00e3o Silvestre (dia 12, 11h00); \u201cBloco Central\u201d, em que Pedro Siza Vieira e Pedro Marques Lopes analisam os acontecimentos da semana, com modera\u00e7\u00e3o de Paulo Baldaia (dia 12, 15h00); \u201cExpresso da Manh\u00e3\u201d, em que Paulo Baldaia conversa com os jornalistas da reda\u00e7\u00e3o do jornal Expresso (dia 13, 11h00); \u201cEscola Boa Cama Boa Mesa\u201d, focado no turismo gastron\u00f3mico (dia 13, 17h00); e \u201cPrograma Cujo Nome Estamos Legalmente Impedidos de Dizer\u201d, com Ricardo Ara\u00fajo Pereira, Jo\u00e3o Miguel Tavares, Pedro Mexia e Carlos Vaz Marques (dia 14, 11h30).<\/p>\n<p><strong>\u00a0Visitantes v\u00e3o mergulhar no universo dos festivais de m\u00fasica<\/strong><\/p>\n<p>Noutra grande novidade desta edi\u00e7\u00e3o da BTL, a Turismo Centro de Portugal vai transformar o seu stand num palco de experi\u00eancias musicais, com uma Silent Party &#8211; Centro Music Festivals Xperience, ativa\u00e7\u00e3o inovadora que convida os visitantes a mergulhar no universo dos festivais de m\u00fasica da regi\u00e3o.<\/p>\n<p>Nos cinco dias da feira, num formato imersivo e din\u00e2mico, os participantes ser\u00e3o transportados para os eventos musicais do Centro de Portugal, atrav\u00e9s de uma experi\u00eancia \u00fanica de DJ + VJ + MC. Cada sess\u00e3o conduzir\u00e1 o p\u00fablico por uma viagem sensorial, na qual o som dos auscultadores se sincroniza com proje\u00e7\u00f5es de v\u00eddeo dos festivais e efeitos visuais interativos. Al\u00e9m disso, os participantes ter\u00e3o a oportunidade de levar consigo brindes exclusivos desta celebra\u00e7\u00e3o musical.<\/p>\n<p><strong>Toda a regi\u00e3o no mesmo espa\u00e7o<\/strong><\/p>\n<p>No stand da Turismo do Centro estar\u00e3o presentes as oito Comunidades Intermunicipais da regi\u00e3o (Beira Baixa, M\u00e9dio Tejo, Oeste, Regi\u00e3o Beiras e Serra da Estrela, Regi\u00e3o de Aveiro, Regi\u00e3o de Coimbra, Regi\u00e3o de Leiria e Viseu D\u00e3o Laf\u00f5es), nove Redes Colaborativas (iNature &amp; Geoparks, Aldeias do Xisto, Aldeias Hist\u00f3ricas de Portugal, Aldeias de Montanha, Termas Centro, Queijos Centro de Portugal, Esta\u00e7\u00f5es N\u00e1uticas, Vinhos do Centro e Portugal Romano) e cinco comiss\u00f5es vitivin\u00edcolas (CVR Tejo, CVR D\u00e3o, CVR Beira Interior, CVR Bairrada e CVR Lisboa).<\/p>\n<p>H\u00e1 ainda espa\u00e7o para a representa\u00e7\u00e3o de associa\u00e7\u00f5es e institui\u00e7\u00f5es da regi\u00e3o (Centro de Portugal Film Commission, Universidade de Coimbra e Associa\u00e7\u00e3o Rota Hist\u00f3rica das Linhas de Torres) e de empresas do setor tur\u00edstico (Cooking and Nature Hotels, Aveiro Moments, D. Abade, Portugal Green Travel, Restaurante P\u00e9rola do Fetal, Mosteiro do Leit\u00e3o, Grutas de Mira de Aire, Wotels, Portugal A2Z Walking &amp; Biking, Pal\u00e1cio dos Condes de Anadia e Casa Anadia de Alferrarede, GJC Hotels, Museu da Vida de Cristo, Tourism Learning Hub, Amuras, Get Out \u2013 Experiences, HIGHSUN \u2013 Tourism Experiences, DTravel e Dom Gon\u00e7alo F\u00e1tima Hotel &amp; Spa).<\/p>\n<p>A BTL decorre de 12 a 16 de mar\u00e7o, com os dois primeiros dias reservados a profissionais (10h00-19h00). O p\u00fablico em geral pode visitar a feira a partir das 17h00 do terceiro dia e nos \u00faltimos dois dias, das 12h00 \u00e0s 23h00 (domingo encerra \u00e0s 20h00). Os bilhetes custam 8\u20ac e podem ser adquiridos online.<\/p>\n<p>Mais informa\u00e7\u00f5es e programa\u00e7\u00e3o completa em <a href=\"http:\/\/www.turismodocentro.pt\">www.turismodocentro.pt<\/a>.<\/p>\n<p><strong>Sobre a Turismo Centro de Portugal<\/strong><\/p>\n<p>A Turismo Centro de Portugal \u00e9 a entidade que estrutura e promove o turismo na Regi\u00e3o Centro do pa\u00eds. Esta \u00e9 a maior e mais diversificada \u00e1rea tur\u00edstica nacional, abrangendo 100 munic\u00edpios, e tem registado um intenso crescimento da procura interna e externa. \u00c9 a regi\u00e3o a escolher para quem pretende experi\u00eancias diversificadas, pois concilia locais Patrim\u00f3nio da Humanidade com a melhor costa de surf da Europa, termas e spas id\u00edlicos, locais de culto de import\u00e2ncia mundial e as mais belas aldeias.<\/p>\n<p><strong>\u00a0 \u00a0 Fonte: TCP e AdC<\/strong><\/p>\n","protected":false},"excerpt":{"rendered":"<p>A Turismo Centro de Portugal est\u00e1 a preparar uma participa\u00e7\u00e3o marcante na BTL 2025, que decorre de 12 a 16 de mar\u00e7o na FIL \u2013 Feira Internacional de Lisboa. No ano em que se assinalam os 10 anos do rebranding da marca \u201cTurismo Centro de Portugal\u201d, o stand da entidade, localizado no Pavilh\u00e3o 1 (Stand [&hellip;]<\/p>\n","protected":false},"author":2,"featured_media":39081,"comment_status":"open","ping_status":"open","sticky":false,"template":"","format":"standard","meta":{"footnotes":""},"categories":[7],"tags":[],"class_list":["post-39078","post","type-post","status-publish","format-standard","has-post-thumbnail","hentry","category-economia"],"_links":{"self":[{"href":"https:\/\/tintafresca.net\/index.php\/wp-json\/wp\/v2\/posts\/39078","targetHints":{"allow":["GET"]}}],"collection":[{"href":"https:\/\/tintafresca.net\/index.php\/wp-json\/wp\/v2\/posts"}],"about":[{"href":"https:\/\/tintafresca.net\/index.php\/wp-json\/wp\/v2\/types\/post"}],"author":[{"embeddable":true,"href":"https:\/\/tintafresca.net\/index.php\/wp-json\/wp\/v2\/users\/2"}],"replies":[{"embeddable":true,"href":"https:\/\/tintafresca.net\/index.php\/wp-json\/wp\/v2\/comments?post=39078"}],"version-history":[{"count":4,"href":"https:\/\/tintafresca.net\/index.php\/wp-json\/wp\/v2\/posts\/39078\/revisions"}],"predecessor-version":[{"id":39084,"href":"https:\/\/tintafresca.net\/index.php\/wp-json\/wp\/v2\/posts\/39078\/revisions\/39084"}],"wp:featuredmedia":[{"embeddable":true,"href":"https:\/\/tintafresca.net\/index.php\/wp-json\/wp\/v2\/media\/39081"}],"wp:attachment":[{"href":"https:\/\/tintafresca.net\/index.php\/wp-json\/wp\/v2\/media?parent=39078"}],"wp:term":[{"taxonomy":"category","embeddable":true,"href":"https:\/\/tintafresca.net\/index.php\/wp-json\/wp\/v2\/categories?post=39078"},{"taxonomy":"post_tag","embeddable":true,"href":"https:\/\/tintafresca.net\/index.php\/wp-json\/wp\/v2\/tags?post=39078"}],"curies":[{"name":"wp","href":"https:\/\/api.w.org\/{rel}","templated":true}]}}