{"id":39095,"date":"2025-02-23T23:00:58","date_gmt":"2025-02-23T23:00:58","guid":{"rendered":"https:\/\/tintafresca.net\/?p=39095"},"modified":"2025-02-23T23:02:30","modified_gmt":"2025-02-23T23:02:30","slug":"municipio-de-leiria-adjudica-obra-da-unidade-de-saude-da-barreira-por-22-milhoes-de-euros","status":"publish","type":"post","link":"https:\/\/tintafresca.net\/index.php\/2025\/02\/23\/municipio-de-leiria-adjudica-obra-da-unidade-de-saude-da-barreira-por-22-milhoes-de-euros\/","title":{"rendered":"Munic\u00edpio de Leiria adjudica obra da Unidade de Sa\u00fade da Barreira por 2,2 milh\u00f5es de euros"},"content":{"rendered":"<p><img loading=\"lazy\" decoding=\"async\" class=\"alignleft wp-image-23529\" src=\"https:\/\/tintafresca.net\/wp-content\/uploads\/2023\/01\/Cadaval_Centro-de-Saude10.jpg\" alt=\"\" width=\"350\" height=\"571\" srcset=\"https:\/\/tintafresca.net\/wp-content\/uploads\/2023\/01\/Cadaval_Centro-de-Saude10.jpg 430w, https:\/\/tintafresca.net\/wp-content\/uploads\/2023\/01\/Cadaval_Centro-de-Saude10-184x300.jpg 184w\" sizes=\"auto, (max-width: 350px) 100vw, 350px\" \/>O Munic\u00edpio de Leiria aprovou, no dia 18 de fevereiro, em reuni\u00e3o de C\u00e2mara, a adjudica\u00e7\u00e3o da constru\u00e7\u00e3o da Unidade de Sa\u00fade da Barreira, uma obra que dever\u00e1 ter uma dura\u00e7\u00e3o de 400 dias e um investimento de 2.217.001,51 euros.<\/p>\n<p>A erguer em terreno localizado junto \u00e0 Estrada da Carvalhinha, o novo estabelecimento de sa\u00fade ter\u00e1 818 metros quadrados de \u00e1rea de constru\u00e7\u00e3o e ser\u00e1 composto por uma rece\u00e7\u00e3o, 15 gabinetes m\u00e9dicos, de enfermagem e de sa\u00fade materno-infantil, duas salas de tratamento e \u00e1reas de apoio.<\/p>\n<p>No exterior, ser\u00e3o criados 29 lugares de estacionamento para utentes e profissionais de sa\u00fade.<\/p>\n<p>A constru\u00e7\u00e3o da Unidade de Sa\u00fade da Barreira resulta de um protocolo com a Administra\u00e7\u00e3o Regional de Sa\u00fade do Centro, celebrado em abril do ano passado, e ir\u00e1 permitir melhorar a presta\u00e7\u00e3o dos servi\u00e7os de cuidados de sa\u00fade da zona.<\/p>\n<p>&nbsp;<\/p>\n<p>Fonte: DCRP|CML<\/p>\n","protected":false},"excerpt":{"rendered":"<p>O Munic\u00edpio de Leiria aprovou, no dia 18 de fevereiro, em reuni\u00e3o de C\u00e2mara, a adjudica\u00e7\u00e3o da constru\u00e7\u00e3o da Unidade de Sa\u00fade da Barreira, uma obra que dever\u00e1 ter uma dura\u00e7\u00e3o de 400 dias e um investimento de 2.217.001,51 euros. A erguer em terreno localizado junto \u00e0 Estrada da Carvalhinha, o novo estabelecimento de sa\u00fade [&hellip;]<\/p>\n","protected":false},"author":2,"featured_media":23530,"comment_status":"open","ping_status":"open","sticky":false,"template":"","format":"standard","meta":{"footnotes":""},"categories":[6],"tags":[],"class_list":["post-39095","post","type-post","status-publish","format-standard","has-post-thumbnail","hentry","category-saude"],"_links":{"self":[{"href":"https:\/\/tintafresca.net\/index.php\/wp-json\/wp\/v2\/posts\/39095","targetHints":{"allow":["GET"]}}],"collection":[{"href":"https:\/\/tintafresca.net\/index.php\/wp-json\/wp\/v2\/posts"}],"about":[{"href":"https:\/\/tintafresca.net\/index.php\/wp-json\/wp\/v2\/types\/post"}],"author":[{"embeddable":true,"href":"https:\/\/tintafresca.net\/index.php\/wp-json\/wp\/v2\/users\/2"}],"replies":[{"embeddable":true,"href":"https:\/\/tintafresca.net\/index.php\/wp-json\/wp\/v2\/comments?post=39095"}],"version-history":[{"count":3,"href":"https:\/\/tintafresca.net\/index.php\/wp-json\/wp\/v2\/posts\/39095\/revisions"}],"predecessor-version":[{"id":39098,"href":"https:\/\/tintafresca.net\/index.php\/wp-json\/wp\/v2\/posts\/39095\/revisions\/39098"}],"wp:featuredmedia":[{"embeddable":true,"href":"https:\/\/tintafresca.net\/index.php\/wp-json\/wp\/v2\/media\/23530"}],"wp:attachment":[{"href":"https:\/\/tintafresca.net\/index.php\/wp-json\/wp\/v2\/media?parent=39095"}],"wp:term":[{"taxonomy":"category","embeddable":true,"href":"https:\/\/tintafresca.net\/index.php\/wp-json\/wp\/v2\/categories?post=39095"},{"taxonomy":"post_tag","embeddable":true,"href":"https:\/\/tintafresca.net\/index.php\/wp-json\/wp\/v2\/tags?post=39095"}],"curies":[{"name":"wp","href":"https:\/\/api.w.org\/{rel}","templated":true}]}}