{"id":39105,"date":"2025-02-24T23:16:40","date_gmt":"2025-02-24T23:16:40","guid":{"rendered":"https:\/\/tintafresca.net\/?p=39105"},"modified":"2025-02-24T23:24:40","modified_gmt":"2025-02-24T23:24:40","slug":"grupo-de-trabalho-europeu-dedicado-a-monda-reune-em-alcobaca","status":"publish","type":"post","link":"https:\/\/tintafresca.net\/index.php\/2025\/02\/24\/grupo-de-trabalho-europeu-dedicado-a-monda-reune-em-alcobaca\/","title":{"rendered":"Grupo de Trabalho Europeu dedicado \u00e0 monda re\u00fane em Alcoba\u00e7a"},"content":{"rendered":"<div id=\"attachment_28129\" style=\"width: 510px\" class=\"wp-caption alignleft\"><img loading=\"lazy\" decoding=\"async\" aria-describedby=\"caption-attachment-28129\" class=\"wp-image-28129 size-full\" src=\"https:\/\/tintafresca.net\/wp-content\/uploads\/2023\/06\/Alcobaca_Maca20.jpg\" alt=\"\" width=\"500\" height=\"375\" srcset=\"https:\/\/tintafresca.net\/wp-content\/uploads\/2023\/06\/Alcobaca_Maca20.jpg 500w, https:\/\/tintafresca.net\/wp-content\/uploads\/2023\/06\/Alcobaca_Maca20-300x225.jpg 300w\" sizes=\"auto, (max-width: 500px) 100vw, 500px\" \/><p id=\"caption-attachment-28129\" class=\"wp-caption-text\">Pomar de ma\u00e7\u00e3<\/p><\/div>\n<p>No dia 27 de fevereiro, pelas 16h, ser\u00e1 realizada no Your Hotel &amp; Spa uma reuni\u00e3o do Grupo de Trabalho do EUFRIN (European Fruit Research Institutes Network &#8211; Rede Europeia de Centros de Investiga\u00e7\u00e3o na \u00c1rea da Fruta), a qual ser\u00e1 dedicada \u00e0 pr\u00e1tica da monda.<\/p>\n<p>A sess\u00e3o ir\u00e1 reunir empresas e investigadores e professores universit\u00e1rios oriundos de Espanha, Fran\u00e7a, B\u00e9lgica, It\u00e1lia, Alemanha, Eslov\u00e9nia, Pol\u00f3nia, Ch\u00e9quia, Israel, \u00c1frica do Sul, Chile, Gr\u00e3-Bretanha.<\/p>\n<p>A sess\u00e3o tem como objetivo a partilha de conhecimento sobre os novos avan\u00e7os na \u00e1rea da monda, uma t\u00e9cnica cultural que se destina a retirar das \u00e1rvores de forma precoce e met\u00f3dica, os frutos com defeito.<\/p>\n<p>No \u00e2mbito deste grupo de trabalho ser\u00e3o apresentados estudos e resultados de investiga\u00e7\u00f5es que depois ser\u00e3o publicados na revista Acta Hortoculturae do International Society for Horticultural Science.<\/p>\n<p>&#8220;Alcoba\u00e7a \u00e9 destino ideal para a realiza\u00e7\u00e3o deste encontro de especialistas na \u00e1rea da fruticultura, dada a nossa tradi\u00e7\u00e3o profunda tradi\u00e7\u00e3o neste setor, intimamente ligado \u00e0 identidade deste nosso territ\u00f3rio. Estamos a trabalhar para melhorar cada vez mais as condi\u00e7\u00f5es de produ\u00e7\u00e3o no concelho, atrav\u00e9s do projeto \u00c1gua do Oeste, no \u00e2mbito do qual iremos criar um plano h\u00eddrico municipal com os novos regadios da Maiorga, do Vale do Ba\u00e7a (localizado em territ\u00f3rio das freguesias da Cela, B\u00e1rrio, \u00c9vora de Alcoba\u00e7a, Vimeiro e Turquel) e do eixo Alfeizer\u00e3o-S\u00e3o Martinho do Porto explica o presidente da C\u00e2mara Municipal de Alcoba\u00e7a, Herm\u00ednio Rodrigues.<\/p>\n<p>\u201cQueremos ampliar o excelente trabalho realizado no Per\u00edmetro de Rega da Cela, com estes novos regadios. Somos uma refer\u00eancia internacional na fruticultura mas o nosso caminho tem de ser sempre o do crescimento, refor\u00e7ando os nossos \u00edndices de produtividade e de exporta\u00e7\u00e3o&#8221;, conclui o autarca.<\/p>\n<p>Sobre o EUFRIN<\/p>\n<p>EUFRIN \u00e9 uma organiza\u00e7\u00e3o informal e volunt\u00e1ria de departamentos universit\u00e1rios e institutos de pesquisa especializados na investiga\u00e7\u00e3o, desenvolvimento e extens\u00e3o em culturas frut\u00edferas temperadas baseadas em pa\u00edses da Uni\u00e3o Europeia, Su\u00ed\u00e7a e Europa Oriental.<\/p>\n<p>Formalmente criada em 1993, realizou a sua primeira reuni\u00e3o no mesmo ano em Bona na qual participaram representantes da Alemanha, Fran\u00e7a, Pa\u00edses Baixos, Reino Unido, Su\u00ed\u00e7a, B\u00e9lgica, Dinamarca, Gr\u00e9cia e It\u00e1lia. Desde ent\u00e3o, muitos mais pa\u00edses foram convidados e aderiram \u00e0 EUFRIN. O n\u00famero atual de pa\u00edses representados \u00e9 de 22 (membros e participantes na EUFRIN).<\/p>\n<p><strong>\u00a0 \u00a0 \u00a0Fonte: GRPC|CMA<\/strong><\/p>\n","protected":false},"excerpt":{"rendered":"<p>No dia 27 de fevereiro, pelas 16h, ser\u00e1 realizada no Your Hotel &amp; Spa uma reuni\u00e3o do Grupo de Trabalho do EUFRIN (European Fruit Research Institutes Network &#8211; Rede Europeia de Centros de Investiga\u00e7\u00e3o na \u00c1rea da Fruta), a qual ser\u00e1 dedicada \u00e0 pr\u00e1tica da monda. A sess\u00e3o ir\u00e1 reunir empresas e investigadores e professores [&hellip;]<\/p>\n","protected":false},"author":2,"featured_media":25735,"comment_status":"open","ping_status":"open","sticky":false,"template":"","format":"standard","meta":{"footnotes":""},"categories":[7],"tags":[],"class_list":["post-39105","post","type-post","status-publish","format-standard","has-post-thumbnail","hentry","category-economia"],"_links":{"self":[{"href":"https:\/\/tintafresca.net\/index.php\/wp-json\/wp\/v2\/posts\/39105","targetHints":{"allow":["GET"]}}],"collection":[{"href":"https:\/\/tintafresca.net\/index.php\/wp-json\/wp\/v2\/posts"}],"about":[{"href":"https:\/\/tintafresca.net\/index.php\/wp-json\/wp\/v2\/types\/post"}],"author":[{"embeddable":true,"href":"https:\/\/tintafresca.net\/index.php\/wp-json\/wp\/v2\/users\/2"}],"replies":[{"embeddable":true,"href":"https:\/\/tintafresca.net\/index.php\/wp-json\/wp\/v2\/comments?post=39105"}],"version-history":[{"count":3,"href":"https:\/\/tintafresca.net\/index.php\/wp-json\/wp\/v2\/posts\/39105\/revisions"}],"predecessor-version":[{"id":39108,"href":"https:\/\/tintafresca.net\/index.php\/wp-json\/wp\/v2\/posts\/39105\/revisions\/39108"}],"wp:featuredmedia":[{"embeddable":true,"href":"https:\/\/tintafresca.net\/index.php\/wp-json\/wp\/v2\/media\/25735"}],"wp:attachment":[{"href":"https:\/\/tintafresca.net\/index.php\/wp-json\/wp\/v2\/media?parent=39105"}],"wp:term":[{"taxonomy":"category","embeddable":true,"href":"https:\/\/tintafresca.net\/index.php\/wp-json\/wp\/v2\/categories?post=39105"},{"taxonomy":"post_tag","embeddable":true,"href":"https:\/\/tintafresca.net\/index.php\/wp-json\/wp\/v2\/tags?post=39105"}],"curies":[{"name":"wp","href":"https:\/\/api.w.org\/{rel}","templated":true}]}}