{"id":39161,"date":"2025-02-28T21:39:40","date_gmt":"2025-02-28T21:39:40","guid":{"rendered":"https:\/\/tintafresca.net\/?p=39161"},"modified":"2025-03-01T20:30:01","modified_gmt":"2025-03-01T20:30:01","slug":"uls-do-oeste-alarga-projeto-de-telereabilitacao-para-a-unidade-hospitalar-de-torres-vedras","status":"publish","type":"post","link":"https:\/\/tintafresca.net\/index.php\/2025\/02\/28\/uls-do-oeste-alarga-projeto-de-telereabilitacao-para-a-unidade-hospitalar-de-torres-vedras\/","title":{"rendered":"ULS do Oeste alarga projeto de telereabilita\u00e7\u00e3o para a Unidade Hospitalar de Torres Vedras"},"content":{"rendered":"<div id=\"attachment_39164\" style=\"width: 510px\" class=\"wp-caption alignleft\"><img loading=\"lazy\" decoding=\"async\" aria-describedby=\"caption-attachment-39164\" class=\"wp-image-39164 size-full\" src=\"https:\/\/tintafresca.net\/wp-content\/uploads\/2025\/02\/TV_ULS_Oeste_telereabilitacao10.jpg\" alt=\"\" width=\"500\" height=\"339\" srcset=\"https:\/\/tintafresca.net\/wp-content\/uploads\/2025\/02\/TV_ULS_Oeste_telereabilitacao10.jpg 500w, https:\/\/tintafresca.net\/wp-content\/uploads\/2025\/02\/TV_ULS_Oeste_telereabilitacao10-300x203.jpg 300w\" sizes=\"auto, (max-width: 500px) 100vw, 500px\" \/><p id=\"caption-attachment-39164\" class=\"wp-caption-text\">Sess\u00e3o de Telereabilita\u00e7\u00e3o na \u00e1rea da Fisioterapia<\/p><\/div>\n<p>Os utentes da Unidade Hospitalar de Torres de Vedras ir\u00e3o passar a beneficiar do projeto de Telereabilita\u00e7\u00e3o na \u00e1rea da Fisioterapia, iniciado em 2020 na Unidade Hospitalar de Caldas da Rainha numa parceria com a Clynx Health. A expans\u00e3o deste projeto inovador ir\u00e1 tamb\u00e9m proporcionar o acesso aos utentes da regi\u00e3o sul da \u00e1rea de abrang\u00eancia da Unidade Local de Sa\u00fade do Oeste.<\/p>\n<p>Recorde-se que o projeto de Fisiotelereabilita\u00e7\u00e3o da ULS do Oeste, iniciado em plena pandemia em 2020 na Unidade Hospitalar de Caldas da Rainha, sob orienta\u00e7\u00e3o da Fisioterapeuta Coordenadora Leonor Adri\u00e3o, foi expandido no mesmo ano \u00e0 Unidade Hospitalar de Peniche. Ap\u00f3s alargamento em agosto de 2024 aos Cuidados de Sa\u00fade Prim\u00e1rios da regi\u00e3o norte, o projeto v\u00ea agora a sua transferibilidade para a Unidade Hospitalar de Torres Vedras. Prev\u00ea-se que o projeto tamb\u00e9m se estenda aos Cuidados de Sa\u00fade Prim\u00e1rios da regi\u00e3o sul da \u00e1rea de referencia\u00e7\u00e3o da ULS Oeste, a breve trecho.<\/p>\n<p>A telereabilita\u00e7\u00e3o como abordagem inovadora e sustent\u00e1vel na \u00e1rea da sa\u00fade, reduz a pegada de carbono ao diminuir a necessidade de desloca\u00e7\u00e3o, promove a efici\u00eancia energ\u00e9tica atrav\u00e9s das tecnologias de informa\u00e7\u00e3o, otimiza o tempo com hor\u00e1rios flex\u00edveis e aumenta o envolvimento dos doentes com as sess\u00f5es personalizadas e gamificadas. Mantendo o foco na centralidade no utente, no seu bem-estar e na sua responsabiliza\u00e7\u00e3o como parte integrante do tratamento, transforma a Fisioterapia da Unidade Local de Sa\u00fade do Oeste num exemplo de inova\u00e7\u00e3o, responsabilidade ambiental e cuidado com o planeta.<\/p>\n<p>Em cinco anos de implementa\u00e7\u00e3o do projeto na ULS do Oeste, foram acompanhados 226 utentes, permitindo reduzir a pegada ecol\u00f3gica associada \u00e0 presta\u00e7\u00e3o de cuidados de sa\u00fade em cerca de 62.560,2 Km. No que concerne ao grau de satisfa\u00e7\u00e3o dos utentes, os dados estat\u00edsticos recolhidos indicam um grau de motiva\u00e7\u00e3o de 84% e uma satisfa\u00e7\u00e3o de 9\/10.<\/p>\n<p>A realiza\u00e7\u00e3o de sess\u00f5es de fisioterapia ass\u00edncronas por meio da telereabilita\u00e7\u00e3o, utilizando a gamifica\u00e7\u00e3o, promove melhores resultados em sa\u00fade e permite acompanhar um maior n\u00famero de utentes simultaneamente, reservando a interven\u00e7\u00e3o direta dos fisioterapeutas para casos mais espec\u00edficos. \u00c9 adequado para todas as faixas et\u00e1rias, facilitando uma melhor integra\u00e7\u00e3o da vida do utente com a interven\u00e7\u00e3o terap\u00eautica.<\/p>\n<p>Na Unidade Hospitalar de Torres Vedras verifica-se a possibilidade de intervir no utente numa fase mais precoce da sua condi\u00e7\u00e3o cl\u00ednica, bem como alargar a mais patologias. O principal objetivo \u00e9 dar resposta \u00e0s camadas mais jovens da popula\u00e7\u00e3o, permitindo-lhes conciliar os desafiantes hor\u00e1rios escolares com o seu tratamento em fisioterapia. A diversifica\u00e7\u00e3o de patologias a tratar, bem como a possibilidade de se oferecer um regime misto, ou seja, um dia presencial e todos os outros em casa, representa uma evolu\u00e7\u00e3o deste projeto. Do mesmo modo, observa-se uma redu\u00e7\u00e3o significativa do absentismo laboral, permitindo que os utentes mantenham suas atividades profissionais enquanto recebem tratamento.<\/p>\n<p>Pretende-se que o utente seja acompanhado diariamente pelo fisioterapeuta atrav\u00e9s da plataforma, com uma presta\u00e7\u00e3o de cuidados personalizados, seguros e confi\u00e1veis, com possibilidade de ajustar o plano terap\u00eautico de acordo com o feedback dado pelo utente. No final do plano de exerc\u00edcios, o utente \u00e9 reavaliado para ajuste da decis\u00e3o terap\u00eautica ou alta, assim como para entrega do sensor de movimento \u00e0 institui\u00e7\u00e3o.<\/p>\n<p>Desta forma, o projeto de Fisiotelereabilita\u00e7\u00e3o da ULS Oeste tem um grande potencial de replica\u00e7\u00e3o nacional e internacional, correspondendo efetivamente a uma das melhores pol\u00edticas p\u00fablicas de inova\u00e7\u00e3o e pr\u00e1ticas digitais sustent\u00e1veis.<\/p>\n<p><strong>Sobre a Unidade Local de Sa\u00fade do Oeste<\/strong><\/p>\n<p>A Unidade Local de Sa\u00fade do Oeste agrega numa \u00fanica entidade o Centro Hospitalar do Oeste, o Agrupamento de Centros de Sa\u00fade do Oeste Norte e o Agrupamento de Centros de Sa\u00fade do Oeste Sul. A ULS do Oeste iniciou o seu funcionamento no dia 1 de janeiro de 2024 e integra os concelhos de Caldas da Rainha, \u00d3bidos, Bombarral, Peniche (ACES Oeste Norte), Lourinh\u00e3, Cadaval, Torres Vedras, Sobral Monte Agra\u00e7o (ACES Oeste Sul).<\/p>\n<p>Tem como Miss\u00e3o a resposta integrada \u00e0s necessidades de sa\u00fade da popula\u00e7\u00e3o da sua \u00e1rea de abrang\u00eancia, prestando cuidados de sa\u00fade de forma multidisciplinar, com rigor e excel\u00eancia t\u00e9cnica, cient\u00edfica e organizativa, com \u00e9tica profissional e justi\u00e7a social, assegurando a cada doente os cuidados que correspondam \u00e0s suas necessidades, de acordo com as melhores pr\u00e1ticas cl\u00ednicas e uma eficiente utiliza\u00e7\u00e3o dos recursos dispon\u00edveis.<\/p>\n<p><strong>\u00a0 \u00a0 \u00a0Fonte: GC|ULS|Oeste<\/strong><\/p>\n","protected":false},"excerpt":{"rendered":"<p>Os utentes da Unidade Hospitalar de Torres de Vedras ir\u00e3o passar a beneficiar do projeto de Telereabilita\u00e7\u00e3o na \u00e1rea da Fisioterapia, iniciado em 2020 na Unidade Hospitalar de Caldas da Rainha numa parceria com a Clynx Health. A expans\u00e3o deste projeto inovador ir\u00e1 tamb\u00e9m proporcionar o acesso aos utentes da regi\u00e3o sul da \u00e1rea de [&hellip;]<\/p>\n","protected":false},"author":2,"featured_media":39163,"comment_status":"open","ping_status":"open","sticky":false,"template":"","format":"standard","meta":{"footnotes":""},"categories":[6],"tags":[],"class_list":["post-39161","post","type-post","status-publish","format-standard","has-post-thumbnail","hentry","category-saude"],"_links":{"self":[{"href":"https:\/\/tintafresca.net\/index.php\/wp-json\/wp\/v2\/posts\/39161","targetHints":{"allow":["GET"]}}],"collection":[{"href":"https:\/\/tintafresca.net\/index.php\/wp-json\/wp\/v2\/posts"}],"about":[{"href":"https:\/\/tintafresca.net\/index.php\/wp-json\/wp\/v2\/types\/post"}],"author":[{"embeddable":true,"href":"https:\/\/tintafresca.net\/index.php\/wp-json\/wp\/v2\/users\/2"}],"replies":[{"embeddable":true,"href":"https:\/\/tintafresca.net\/index.php\/wp-json\/wp\/v2\/comments?post=39161"}],"version-history":[{"count":3,"href":"https:\/\/tintafresca.net\/index.php\/wp-json\/wp\/v2\/posts\/39161\/revisions"}],"predecessor-version":[{"id":39166,"href":"https:\/\/tintafresca.net\/index.php\/wp-json\/wp\/v2\/posts\/39161\/revisions\/39166"}],"wp:featuredmedia":[{"embeddable":true,"href":"https:\/\/tintafresca.net\/index.php\/wp-json\/wp\/v2\/media\/39163"}],"wp:attachment":[{"href":"https:\/\/tintafresca.net\/index.php\/wp-json\/wp\/v2\/media?parent=39161"}],"wp:term":[{"taxonomy":"category","embeddable":true,"href":"https:\/\/tintafresca.net\/index.php\/wp-json\/wp\/v2\/categories?post=39161"},{"taxonomy":"post_tag","embeddable":true,"href":"https:\/\/tintafresca.net\/index.php\/wp-json\/wp\/v2\/tags?post=39161"}],"curies":[{"name":"wp","href":"https:\/\/api.w.org\/{rel}","templated":true}]}}