{"id":39229,"date":"2025-03-05T20:56:19","date_gmt":"2025-03-05T20:56:19","guid":{"rendered":"https:\/\/tintafresca.net\/?p=39229"},"modified":"2025-03-05T21:00:38","modified_gmt":"2025-03-05T21:00:38","slug":"coordenadora-da-cdu-de-alcobaca-pede-mais-respostas-na-linha-do-oeste-e-na-saude-do-concelho","status":"publish","type":"post","link":"https:\/\/tintafresca.net\/index.php\/2025\/03\/05\/coordenadora-da-cdu-de-alcobaca-pede-mais-respostas-na-linha-do-oeste-e-na-saude-do-concelho\/","title":{"rendered":"Coordenadora da CDU de Alcoba\u00e7a pede mais respostas na Linha do Oeste e na sa\u00fade do concelho"},"content":{"rendered":"<div id=\"attachment_29086\" style=\"width: 510px\" class=\"wp-caption alignleft\"><img loading=\"lazy\" decoding=\"async\" aria-describedby=\"caption-attachment-29086\" class=\"wp-image-29086 size-full\" src=\"https:\/\/tintafresca.net\/wp-content\/uploads\/2023\/07\/Caldas_Efacec-na-linha-do-Oeste10.jpg\" alt=\"\" width=\"500\" height=\"281\" srcset=\"https:\/\/tintafresca.net\/wp-content\/uploads\/2023\/07\/Caldas_Efacec-na-linha-do-Oeste10.jpg 500w, https:\/\/tintafresca.net\/wp-content\/uploads\/2023\/07\/Caldas_Efacec-na-linha-do-Oeste10-300x169.jpg 300w\" sizes=\"auto, (max-width: 500px) 100vw, 500px\" \/><p id=\"caption-attachment-29086\" class=\"wp-caption-text\">Esta\u00e7\u00e3o ferrovi\u00e1ria de Caldas da Rainha<\/p><\/div>\n<p>A Coordenadora da CDU de Alcoba\u00e7a saudou, no dia 4 de mar\u00e7o, o trabalho da Comiss\u00e3o de Defesa da Linha do Oeste e subscreve os protestos face aos novos atrasos na constru\u00e7\u00e3o do tro\u00e7o Lisboa\/Caldas da Rainha e \u00e0 aus\u00eancia de projetos para o tro\u00e7o Caldas &#8211; Louri\u00e7al, com a importante esta\u00e7\u00e3o da Barosa\/Leiria que cruza e interliga, em interface, os passageiros da Linha do Oeste com a Linha da Alta Velocidade.<\/p>\n<p>Entendendo ainda a CDU, que deve ser criado um projeto para discuss\u00e3o da revitaliza\u00e7\u00e3o da Linha do Oeste no concelho de Alcoba\u00e7a e nos concelhos vizinhos, de forma a encontrar novas solu\u00e7\u00f5es e respostas, que sirvam as popula\u00e7\u00f5es, as autarquias e empresas, bem como a sustentabilidade ambiental.<\/p>\n<p>A C\u00e2mara de Alcoba\u00e7a divulgou um comunicado sobre a Consulta P\u00fablica do Tro\u00e7o Soure\/Carregado da Alta Velocidade, a realizar at\u00e9 21 de mar\u00e7o de 2025, mas deixando a cada um dos reclamantes o seu protesto\/reclama\u00e7\u00e3o.<\/p>\n<p>Na Assembleia Municipal, o eleito da CDU, Ant\u00f3nio Raposo, questionou a C\u00e2mara sobre o que seria feito em termos de debates, coopera\u00e7\u00e3o e apoios, nomeadamente ao n\u00edvel t\u00e9cnico na feitura das reclama\u00e7\u00f5es dos alcobacenses que o solicitem, e o presidente da C\u00e2mara comprometeu-se a fazer os debates nas freguesias do concelho de Alcoba\u00e7a impactadas pela obra, mas at\u00e9 \u00e0 data, n\u00e3o h\u00e1 nada anunciado.<\/p>\n<p><strong>O que h\u00e1 a fazer na sa\u00fade no Concelho de Alcoba\u00e7a<\/strong><\/p>\n<p>A Coordenadora da CDU\/Alcoba\u00e7a saudou tamb\u00e9m o trabalho da Pr\u00f3-Comiss\u00e3o de Utentes da Sa\u00fade do concelho de Alcoba\u00e7a, que contribuiu para o retomar do funcionamento da Unidade de Internamento de Curta Dura\u00e7\u00e3o (UICD) &#8211; fechada durante mais de cinco meses &#8211; assim como para a rentabiliza\u00e7\u00e3o do Bloco operat\u00f3rio para opera\u00e7\u00f5es nas \u00e1reas da Ortopedia e Dermatologia, deste modo operacionalizando as camas da Medicina Interna do Hospital de Alcoba\u00e7a- Bernardino Lopes de Oliveira.<\/p>\n<p>A CDU concorda com a Pr\u00f3-Comiss\u00e3o na necessidade de amplia\u00e7\u00e3o das Consultas Externas e no aumento dos tratamentos nos Centros de Sa\u00fade e em ambulat\u00f3rio em Alcoba\u00e7a, evitando desloca\u00e7\u00f5es para o Hospital de Leiria; subscrevendo igualmente a afirma\u00e7\u00e3o da necessidade de constru\u00e7\u00e3o de uma primeira Unidade de Cuidados Continuados no concelho.<\/p>\n<p>Para a CDU, \u00e9 imperativo melhorar a presta\u00e7\u00e3o de cuidados de sa\u00fade e nesse sentido lamentamos que a decis\u00e3o de 2017 da C\u00e2mara Municipal, de aprovar a proposta da CDU de constru\u00e7\u00e3o de tr\u00eas Centros de Sa\u00fade novos (Aljubarrota, Cela e \u00c9vora) e de requalificar o de Alcoba\u00e7a, ainda n\u00e3o tenha sinais de obras; que os centros de sa\u00fade de Aljubarrota e da Cela tenham passado a projetos de restauro, com as consequ\u00eancias de n\u00e3o haver respostas de proximidade e mais desloca\u00e7\u00f5es dos Utentes para a cidade de Alcoba\u00e7a; e que tendo ido a concurso, o centro de sa\u00fade da Cela n\u00e3o tenha tido nenhuma empresa a concorrer para fazer a obra.<\/p>\n<p>A CDU considera que est\u00e1 na hora de exigir um bom funcionamento do Hospital de Alcoba\u00e7a Bernardino Lopes de Oliveira, dos Centros de Sa\u00fade e das Unidades de Sa\u00fade Familiar, mas tamb\u00e9m o que aprovou a C\u00e2mara Municipal de Alcoba\u00e7a em 2017, ou seja a constru\u00e7\u00e3o dos tr\u00eas Centros de Sa\u00fade novos nas freguesias de Aljubarrota, Cela e \u00c9vora.<\/p>\n<p>Ao longo dos anos, os programas eleitorais da CDU t\u00eam avan\u00e7ado um conjunto de iniciativas na \u00e1rea da preven\u00e7\u00e3o da sa\u00fade, essenciais na melhoria de vida de muitos alcobacenses.\u201dQuem vive, trabalha e estuda no concelho de Alcoba\u00e7a (em todas as freguesias) exige o direito \u00e0 sa\u00fade, tal como est\u00e1 plasmado na Constitui\u00e7\u00e3o da Rep\u00fablica Portuguesa\u201d, conclui.<\/p>\n","protected":false},"excerpt":{"rendered":"<p>A Coordenadora da CDU de Alcoba\u00e7a saudou, no dia 4 de mar\u00e7o, o trabalho da Comiss\u00e3o de Defesa da Linha do Oeste e subscreve os protestos face aos novos atrasos na constru\u00e7\u00e3o do tro\u00e7o Lisboa\/Caldas da Rainha e \u00e0 aus\u00eancia de projetos para o tro\u00e7o Caldas &#8211; Louri\u00e7al, com a importante esta\u00e7\u00e3o da Barosa\/Leiria que [&hellip;]<\/p>\n","protected":false},"author":2,"featured_media":29087,"comment_status":"open","ping_status":"open","sticky":false,"template":"","format":"standard","meta":{"footnotes":""},"categories":[6,11],"tags":[],"class_list":["post-39229","post","type-post","status-publish","format-standard","has-post-thumbnail","hentry","category-saude","category-sociedade"],"_links":{"self":[{"href":"https:\/\/tintafresca.net\/index.php\/wp-json\/wp\/v2\/posts\/39229","targetHints":{"allow":["GET"]}}],"collection":[{"href":"https:\/\/tintafresca.net\/index.php\/wp-json\/wp\/v2\/posts"}],"about":[{"href":"https:\/\/tintafresca.net\/index.php\/wp-json\/wp\/v2\/types\/post"}],"author":[{"embeddable":true,"href":"https:\/\/tintafresca.net\/index.php\/wp-json\/wp\/v2\/users\/2"}],"replies":[{"embeddable":true,"href":"https:\/\/tintafresca.net\/index.php\/wp-json\/wp\/v2\/comments?post=39229"}],"version-history":[{"count":2,"href":"https:\/\/tintafresca.net\/index.php\/wp-json\/wp\/v2\/posts\/39229\/revisions"}],"predecessor-version":[{"id":39231,"href":"https:\/\/tintafresca.net\/index.php\/wp-json\/wp\/v2\/posts\/39229\/revisions\/39231"}],"wp:featuredmedia":[{"embeddable":true,"href":"https:\/\/tintafresca.net\/index.php\/wp-json\/wp\/v2\/media\/29087"}],"wp:attachment":[{"href":"https:\/\/tintafresca.net\/index.php\/wp-json\/wp\/v2\/media?parent=39229"}],"wp:term":[{"taxonomy":"category","embeddable":true,"href":"https:\/\/tintafresca.net\/index.php\/wp-json\/wp\/v2\/categories?post=39229"},{"taxonomy":"post_tag","embeddable":true,"href":"https:\/\/tintafresca.net\/index.php\/wp-json\/wp\/v2\/tags?post=39229"}],"curies":[{"name":"wp","href":"https:\/\/api.w.org\/{rel}","templated":true}]}}