{"id":39254,"date":"2025-03-09T00:15:17","date_gmt":"2025-03-09T00:15:17","guid":{"rendered":"https:\/\/tintafresca.net\/?p=39254"},"modified":"2025-03-18T16:59:39","modified_gmt":"2025-03-18T16:59:39","slug":"grupo-lhoist-investe-3-milhoes-de-euros-em-parque-fotovoltaico-no-concelho-de-santarem","status":"publish","type":"post","link":"https:\/\/tintafresca.net\/index.php\/2025\/03\/09\/grupo-lhoist-investe-3-milhoes-de-euros-em-parque-fotovoltaico-no-concelho-de-santarem\/","title":{"rendered":"TotalEnergies investe 3 milh\u00f5es de euros em parque fotovoltaico na Lusical no concelho de Santar\u00e9m"},"content":{"rendered":"<div id=\"attachment_39256\" style=\"width: 510px\" class=\"wp-caption alignleft\"><img loading=\"lazy\" decoding=\"async\" aria-describedby=\"caption-attachment-39256\" class=\"wp-image-39256 size-full\" src=\"https:\/\/tintafresca.net\/wp-content\/uploads\/2025\/03\/Santarem_Inauguracao-Central-Solar-Lusical10.jpg\" alt=\"\" width=\"500\" height=\"333\" srcset=\"https:\/\/tintafresca.net\/wp-content\/uploads\/2025\/03\/Santarem_Inauguracao-Central-Solar-Lusical10.jpg 500w, https:\/\/tintafresca.net\/wp-content\/uploads\/2025\/03\/Santarem_Inauguracao-Central-Solar-Lusical10-300x200.jpg 300w\" sizes=\"auto, (max-width: 500px) 100vw, 500px\" \/><p id=\"caption-attachment-39256\" class=\"wp-caption-text\">Inaugura\u00e7\u00e3o da central solar da LUSICAL, Companhia Lusitana de Cal, em Alcanede<\/p><\/div>\n<p>A LUSICAL, Companhia Lusitana de Cal, instala\u00e7\u00e3o industrial pertencente ao Grupo Lhoist, inaugurou a sua central solar, no dia 6 de mar\u00e7o, em Valverde, Freguesia de Alcanede.<\/p>\n<p>Nesta cerim\u00f3nia onde estiveram presentes representantes da Lhoist e da TotalEnergies, Jo\u00e3o Teixeira Leite, presidente da C\u00e2mara Municipal de Santar\u00e9m, enalteceu o \u201cinvestimento de 3 milh\u00f5es de euros num parque fotovoltaico que vai permitir \u00e0 f\u00e1brica reduzir a sua pegada ambiental atrav\u00e9s do uso de energia renov\u00e1vel. A LUSICAL tem uma vis\u00e3o de futuro, onde procura mitigar o impacto ambiental e garantir um futuro sustent\u00e1vel\u201d.<\/p>\n<p>Jo\u00e3o Teixeira Leite relembrou que o Munic\u00edpio de Santar\u00e9m foi um dos parceiros para a concretiza\u00e7\u00e3o deste projeto com a venda de uma propriedade municipal, \u201cas autarquias devem ajudar as empresas a fixar-se no seu territ\u00f3rio e n\u00f3s temos conseguido isso; a nossa potencialidade, centralidade e vis\u00e3o tem atra\u00eddo investimento privado na regi\u00e3o, o que cria mais emprego e leva as pessoas a fixarem-se tamb\u00e9m aqui\u201d.<\/p>\n<p>No caminho da sustentabilidade e da descarboniza\u00e7\u00e3o das suas opera\u00e7\u00f5es, a LUSICAL aposta em projetos que pretendem fazer a diferen\u00e7a, nomeadamente, no dom\u00ednio da eletricidade de baixo carbono e renov\u00e1vel.<\/p>\n<p>Neste sentido, esta nova unidade fotovoltaica tem uma capacidade instalada de 3,2 MWp, composta por cerca de 5.500 pain\u00e9is fotovoltaicos de alta efici\u00eancia, abrangendo uma \u00e1rea de cerca de 5 ha. A nova central solar ser\u00e1 capaz de gerar anualmente cerca de 5,4 GWh de eletricidade renov\u00e1vel.<\/p>\n<p>A central solar ser\u00e1 operada pela TotalEnergies e ir\u00e1 cobrir uma parte significativa do consumo da f\u00e1brica (cerca de 27%), reduzindo a depend\u00eancia da rede el\u00e9trica e minimizando custos operacionais, atrav\u00e9s de energia renov\u00e1vel produzida diretamente no local. Com esta produ\u00e7\u00e3o prev\u00ea-se uma redu\u00e7\u00e3o das emiss\u00f5es de CO2 em aproximadamente 1.500 toneladas por ano.<\/p>\n<p>Para o Grupo Lhoist \u00e9 essencial a colabora\u00e7\u00e3o para acelerar a transi\u00e7\u00e3o energ\u00e9tica. \u00c9 por isso que trabalham com parceiros industriais e institui\u00e7\u00f5es de investiga\u00e7\u00e3o para desenvolver solu\u00e7\u00f5es inovadoras e sustent\u00e1veis. Estas parcerias permitem a produ\u00e7\u00e3o e o consumo de energia el\u00e9trica renov\u00e1vel e contribuem para os avan\u00e7os tecnol\u00f3gicos no setor das energias renov\u00e1veis.<\/p>\n<p>Esta cerim\u00f3nia permitiu tamb\u00e9m reunir as partes envolvidas no projeto, uma oportunidade \u00fanica para a promo\u00e7\u00e3o da discuss\u00e3o em torno dos temas da transi\u00e7\u00e3o energ\u00e9tica e do crescimento econ\u00f3mico da regi\u00e3o.<\/p>\n<p><strong>\u00a0 \u00a0 Fonte: IV|GRPC|CMS<\/strong><\/p>\n","protected":false},"excerpt":{"rendered":"<p>A LUSICAL, Companhia Lusitana de Cal, instala\u00e7\u00e3o industrial pertencente ao Grupo Lhoist, inaugurou a sua central solar, no dia 6 de mar\u00e7o, em Valverde, Freguesia de Alcanede. Nesta cerim\u00f3nia onde estiveram presentes representantes da Lhoist e da TotalEnergies, Jo\u00e3o Teixeira Leite, presidente da C\u00e2mara Municipal de Santar\u00e9m, enalteceu o \u201cinvestimento de 3 milh\u00f5es de euros [&hellip;]<\/p>\n","protected":false},"author":2,"featured_media":39257,"comment_status":"open","ping_status":"open","sticky":false,"template":"","format":"standard","meta":{"footnotes":""},"categories":[9,7],"tags":[],"class_list":["post-39254","post","type-post","status-publish","format-standard","has-post-thumbnail","hentry","category-ambiente","category-economia"],"_links":{"self":[{"href":"https:\/\/tintafresca.net\/index.php\/wp-json\/wp\/v2\/posts\/39254","targetHints":{"allow":["GET"]}}],"collection":[{"href":"https:\/\/tintafresca.net\/index.php\/wp-json\/wp\/v2\/posts"}],"about":[{"href":"https:\/\/tintafresca.net\/index.php\/wp-json\/wp\/v2\/types\/post"}],"author":[{"embeddable":true,"href":"https:\/\/tintafresca.net\/index.php\/wp-json\/wp\/v2\/users\/2"}],"replies":[{"embeddable":true,"href":"https:\/\/tintafresca.net\/index.php\/wp-json\/wp\/v2\/comments?post=39254"}],"version-history":[{"count":4,"href":"https:\/\/tintafresca.net\/index.php\/wp-json\/wp\/v2\/posts\/39254\/revisions"}],"predecessor-version":[{"id":39360,"href":"https:\/\/tintafresca.net\/index.php\/wp-json\/wp\/v2\/posts\/39254\/revisions\/39360"}],"wp:featuredmedia":[{"embeddable":true,"href":"https:\/\/tintafresca.net\/index.php\/wp-json\/wp\/v2\/media\/39257"}],"wp:attachment":[{"href":"https:\/\/tintafresca.net\/index.php\/wp-json\/wp\/v2\/media?parent=39254"}],"wp:term":[{"taxonomy":"category","embeddable":true,"href":"https:\/\/tintafresca.net\/index.php\/wp-json\/wp\/v2\/categories?post=39254"},{"taxonomy":"post_tag","embeddable":true,"href":"https:\/\/tintafresca.net\/index.php\/wp-json\/wp\/v2\/tags?post=39254"}],"curies":[{"name":"wp","href":"https:\/\/api.w.org\/{rel}","templated":true}]}}