{"id":39378,"date":"2025-03-20T00:44:38","date_gmt":"2025-03-20T00:44:38","guid":{"rendered":"https:\/\/tintafresca.net\/?p=39378"},"modified":"2025-03-20T00:55:21","modified_gmt":"2025-03-20T00:55:21","slug":"ex-edificio-dos-smas-de-torres-vedras-esta-a-ser-transformado-em-escola-superior-de-saude","status":"publish","type":"post","link":"https:\/\/tintafresca.net\/index.php\/2025\/03\/20\/ex-edificio-dos-smas-de-torres-vedras-esta-a-ser-transformado-em-escola-superior-de-saude\/","title":{"rendered":"Ex-edif\u00edcio dos SMAS de Torres Vedras est\u00e1 a ser transformado em Escola Superior de Sa\u00fade"},"content":{"rendered":"<div id=\"attachment_39380\" style=\"width: 510px\" class=\"wp-caption alignleft\"><img loading=\"lazy\" decoding=\"async\" aria-describedby=\"caption-attachment-39380\" class=\"wp-image-39380\" src=\"https:\/\/tintafresca.net\/wp-content\/uploads\/2025\/03\/TV_ESSLeiria.jpeg\" alt=\"\" width=\"500\" height=\"333\" srcset=\"https:\/\/tintafresca.net\/wp-content\/uploads\/2025\/03\/TV_ESSLeiria.jpeg 720w, https:\/\/tintafresca.net\/wp-content\/uploads\/2025\/03\/TV_ESSLeiria-300x200.jpeg 300w\" sizes=\"auto, (max-width: 500px) 100vw, 500px\" \/><p id=\"caption-attachment-39380\" class=\"wp-caption-text\">Laura Rodrigues e Gabriel Fernandes assinaram o contrato da obra<\/p><\/div>\n<p>O edif\u00edcio onde anteriormente funcionaram os Servi\u00e7os Municipalizados de \u00c1gua e Saneamento de Torres Vedras (SMASTV), situado na Rua C\u00e2ndido dos Reis, em Torres Vedras, est\u00e1 a come\u00e7ar a ser intervencionado a fim de acolher o polo da Escola Superior de Sa\u00fade do Polit\u00e9cnico de Leiria.<\/p>\n<p>A cerim\u00f3nia de assinatura do auto de consigna\u00e7\u00e3o da obra, a qual \u00e9 promovida pela C\u00e2mara Municipal de Torres Vedras, realizou-se no dia 14 de mar\u00e7o, no edif\u00edcio onde a mesma tem lugar, tendo o documento sido assinado pela presidente da C\u00e2mara Municipal de Torres Vedras, Laura Rodrigues, e pelo respons\u00e1vel da empresa Joaquim Fernandes Marques &amp; Filho, Gabriel Fernandes.<\/p>\n<p>A interven\u00e7\u00e3o dever\u00e1 estar conclu\u00edda em novembro de 2026 e representa um investimento de cerca de 4 milh\u00f5es de euros, sendo financiada pelo Fundo Europeu de Desenvolvimento Regional (FEDER) atrav\u00e9s do Programa Regional do Centro (Centro 2030), Portugal 2030 e Uni\u00e3o Europeia.<\/p>\n<p>Refira-se que a mesma est\u00e1 inscrita no Plano de A\u00e7\u00e3o da Estrat\u00e9gia Integrada de Desenvolvimento Territorial do Oeste, parte integrante do Contrato para o Desenvolvimento e Coes\u00e3o Territorial celebrado entre a Autoridade de Gest\u00e3o do Programa Regional do Centro e a Comunidade Intermunicipal do Oeste.<\/p>\n<p>Ap\u00f3s o ato de assinatura do auto de consigna\u00e7\u00e3o da empreitada relativa \u00e0 constru\u00e7\u00e3o do polo da Escola Superior de Sa\u00fade do Polit\u00e9cnico de Leiria usou da palavra a presidente da C\u00e2mara Municipal de Torres Vedras, Laura Rodrigues, que frisou o facto de a cria\u00e7\u00e3o em Torres Vedras desse polo representar n\u00e3o apenas um benef\u00edcio para a comunidade estudantil da regi\u00e3o, que v\u00ea aumentar o seu leque de op\u00e7\u00f5es fora dos grandes centros urbanos, mas tamb\u00e9m para a economia local.<\/p>\n<p>A autarca deu como exemplo o com\u00e9rcio, a restaura\u00e7\u00e3o e o alojamento da cidade de Torres Vedras, e o pr\u00f3prio tecido empresarial local da \u00e1rea da Sa\u00fade, j\u00e1 que se promover\u00e1 sinergias entre o meio acad\u00e9mico e empresas dessa \u00e1rea, bem como a popula\u00e7\u00e3o do concelho de Torres Vedras em geral, na medida em que \u00e9 expect\u00e1vel que o aumento da forma\u00e7\u00e3o de profissionais de sa\u00fade em Torres Vedras contribua para a melhoria da presta\u00e7\u00e3o de cuidados de sa\u00fade aos torrienses.<\/p>\n<p>A cria\u00e7\u00e3o do polo da Escola Superior de Sa\u00fade do Polit\u00e9cnico de Leiria insere-se, de resto, numa estrat\u00e9gia mais ampla de afirma\u00e7\u00e3o de Torres Vedras ao n\u00edvel da forma\u00e7\u00e3o e inova\u00e7\u00e3o na \u00e1rea da Sa\u00fade. Por outro lado, a reativa\u00e7\u00e3o do antigo edif\u00edcio dos SMASTV e a sua transforma\u00e7\u00e3o num espa\u00e7o dedicado ao ensino na \u00e1rea da Sa\u00fade constitui-se, como recordou Laura Rodrigues, como um projeto do programa \u201cArenes\u201d, uma opera\u00e7\u00e3o integrada de regenera\u00e7\u00e3o urbana que visa revitalizar uma zona de Torres Vedras que foi outrora um importante centro industrial, e que foi perdendo relev\u00e2ncia ao longo das \u00faltimas d\u00e9cadas, mas que ganhar\u00e1 num futuro pr\u00f3ximo novas din\u00e2micas econ\u00f3micas e sociais.<\/p>\n<p>Na cerim\u00f3nia de assinatura do auto de consigna\u00e7\u00e3o da empreitada relativa \u00e0 constru\u00e7\u00e3o do polo da Escola Superior de Sa\u00fade do Polit\u00e9cnico de Leiria usou tamb\u00e9m da palavra o presidente desta institui\u00e7\u00e3o de ensino, Carlos Rabad\u00e3o, que recordou na ocasi\u00e3o que atualmente cerca de 160 alunos frequentam os cursos t\u00e9cnicos superiores profissionais proporcionados pelo Polit\u00e9cnico de Leiria em Torres Vedras (os quais s\u00e3o ministrados no Torres Vedras LabCenter), sendo que j\u00e1 dois desses cursos s\u00e3o relativos \u00e0 \u00e1rea da Sa\u00fade (Alimenta\u00e7\u00e3o Saud\u00e1vel e Est\u00e9tica, Cosm\u00e9tica e Bem-Estar).<\/p>\n<p>Nesse seguimento Carlos Rabad\u00e3o anunciou que em 2025\/2026 o Polit\u00e9cnico de Leiria abrir\u00e1 um novo curso na \u00e1rea da Sa\u00fade em Torres Vedras (Laborat\u00f3rio Forense e Criminal), tendo ainda na sua alocu\u00e7\u00e3o feito refer\u00eancia \u00e0 necessidade do aumento num futuro pr\u00f3ximo do n\u00famero de resid\u00eancias universit\u00e1rias em Torres Vedras, o que se relaciona com a parceria que tem vindo a ser desenvolvida entre a entidade a que preside e o Munic\u00edpio de Torres Vedras<\/p>\n<p>Ap\u00f3s a interven\u00e7\u00e3o de Carlos Rabad\u00e3o usou da palavra o vogal executivo da Comiss\u00e3o Diretiva do Centro 2030, Lu\u00eds Filipe, que na ocasi\u00e3o elogiou o Munic\u00edpio de Torres Vedras por ser um dos melhores exemplos da regi\u00e3o Centro no que concerne ao planeamento urbano, de que \u00e9 exemplo o programa \u201cArenes\u201d, bem como no que diz respeito ao aproveitamento de fundos comunit\u00e1rios, tendo a esse prop\u00f3sito referido que a taxa de execu\u00e7\u00e3o do Munic\u00edpio de Torres Vedras relativa ao Programa Operacional Regional do Centro &#8211; CENTRO 2020 &#8211; foi para al\u00e9m do que estava planeado (atingiu a percentagem de execu\u00e7\u00e3o de 104,1%).<\/p>\n<p>A terminar a cerim\u00f3nia de assinatura do auto de consigna\u00e7\u00e3o da empreitada relativa \u00e0 constru\u00e7\u00e3o do polo da Escola Superior de Sa\u00fade do Polit\u00e9cnico de Leiria a arquiteta respons\u00e1vel pela elabora\u00e7\u00e3o do projeto de arquitetura, Madalena Pereira, procedeu \u00e0 apresenta\u00e7\u00e3o do mesmo. Na ocasi\u00e3o, referiu que nesse seu trabalho pretendeu-se obter um equil\u00edbrio entre a preserva\u00e7\u00e3o do patrim\u00f3nio e a cria\u00e7\u00e3o de um espa\u00e7o adequado ao exerc\u00edcio do ensino, tendo tamb\u00e9m frisado o facto de o projeto levar em linha de conta preocupa\u00e7\u00f5es na \u00e1rea da sustentabilidade, de que s\u00e3o exemplo solu\u00e7\u00f5es de efici\u00eancia energ\u00e9tica e h\u00eddrica.<\/p>\n<p>A obra que agora se inicia no anterior edif\u00edcio dos SMASTV implica a execu\u00e7\u00e3o de algumas demoli\u00e7\u00f5es e desenvolve-se em dois blocos (um com acesso a partir da Rua C\u00e2ndido dos Reis e outro a partir da Rua da Electricidade), os quais ser\u00e3o adaptados para dar origem a um espa\u00e7o \u00fanico de ensino funcional e moderno com capacidade para cerca de 300 alunos, onde se proporcionar\u00e1 uma oferta formativa de licenciaturas e mestrados alinhada com as necessidades do mercado.<\/p>\n<p>Mais informa\u00e7\u00f5es sobre o projeto relativo ao polo da Escola Superior de Sa\u00fade do Polit\u00e9cnico de Leiria podem ser consultadas no<a href=\"https:\/\/www.cm-tvedras.pt\/artigos\/detalhes\/escola-superior-de-saude\"> site municipal<\/a>.<\/p>\n<p><strong>\u00a0 \u00a0 Fonte: ACM|CMTV<\/strong><\/p>\n","protected":false},"excerpt":{"rendered":"<p>O edif\u00edcio onde anteriormente funcionaram os Servi\u00e7os Municipalizados de \u00c1gua e Saneamento de Torres Vedras (SMASTV), situado na Rua C\u00e2ndido dos Reis, em Torres Vedras, est\u00e1 a come\u00e7ar a ser intervencionado a fim de acolher o polo da Escola Superior de Sa\u00fade do Polit\u00e9cnico de Leiria. A cerim\u00f3nia de assinatura do auto de consigna\u00e7\u00e3o da [&hellip;]<\/p>\n","protected":false},"author":2,"featured_media":39381,"comment_status":"open","ping_status":"open","sticky":false,"template":"","format":"standard","meta":{"footnotes":""},"categories":[14,6],"tags":[],"class_list":["post-39378","post","type-post","status-publish","format-standard","has-post-thumbnail","hentry","category-educacao","category-saude"],"_links":{"self":[{"href":"https:\/\/tintafresca.net\/index.php\/wp-json\/wp\/v2\/posts\/39378","targetHints":{"allow":["GET"]}}],"collection":[{"href":"https:\/\/tintafresca.net\/index.php\/wp-json\/wp\/v2\/posts"}],"about":[{"href":"https:\/\/tintafresca.net\/index.php\/wp-json\/wp\/v2\/types\/post"}],"author":[{"embeddable":true,"href":"https:\/\/tintafresca.net\/index.php\/wp-json\/wp\/v2\/users\/2"}],"replies":[{"embeddable":true,"href":"https:\/\/tintafresca.net\/index.php\/wp-json\/wp\/v2\/comments?post=39378"}],"version-history":[{"count":2,"href":"https:\/\/tintafresca.net\/index.php\/wp-json\/wp\/v2\/posts\/39378\/revisions"}],"predecessor-version":[{"id":39382,"href":"https:\/\/tintafresca.net\/index.php\/wp-json\/wp\/v2\/posts\/39378\/revisions\/39382"}],"wp:featuredmedia":[{"embeddable":true,"href":"https:\/\/tintafresca.net\/index.php\/wp-json\/wp\/v2\/media\/39381"}],"wp:attachment":[{"href":"https:\/\/tintafresca.net\/index.php\/wp-json\/wp\/v2\/media?parent=39378"}],"wp:term":[{"taxonomy":"category","embeddable":true,"href":"https:\/\/tintafresca.net\/index.php\/wp-json\/wp\/v2\/categories?post=39378"},{"taxonomy":"post_tag","embeddable":true,"href":"https:\/\/tintafresca.net\/index.php\/wp-json\/wp\/v2\/tags?post=39378"}],"curies":[{"name":"wp","href":"https:\/\/api.w.org\/{rel}","templated":true}]}}