{"id":39466,"date":"2025-03-26T22:46:47","date_gmt":"2025-03-26T22:46:47","guid":{"rendered":"https:\/\/tintafresca.net\/?p=39466"},"modified":"2025-03-27T22:28:05","modified_gmt":"2025-03-27T22:28:05","slug":"turismo-centro-de-portugal-promove-turismo-nautico-na-nauticampo","status":"publish","type":"post","link":"https:\/\/tintafresca.net\/index.php\/2025\/03\/26\/turismo-centro-de-portugal-promove-turismo-nautico-na-nauticampo\/","title":{"rendered":"Turismo Centro de Portugal promove turismo n\u00e1utico na Nauticampo"},"content":{"rendered":"<p><img loading=\"lazy\" decoding=\"async\" class=\"alignleft wp-image-39469 size-full\" src=\"https:\/\/tintafresca.net\/wp-content\/uploads\/2025\/03\/TCP_turismo_Nautico10.jpg\" alt=\"\" width=\"500\" height=\"375\" srcset=\"https:\/\/tintafresca.net\/wp-content\/uploads\/2025\/03\/TCP_turismo_Nautico10.jpg 500w, https:\/\/tintafresca.net\/wp-content\/uploads\/2025\/03\/TCP_turismo_Nautico10-300x225.jpg 300w\" sizes=\"auto, (max-width: 500px) 100vw, 500px\" \/>A Turismo Centro de Portugal (TCP) est\u00e1 de regresso \u00e0 Nauticampo, com uma participa\u00e7\u00e3o que aposta na promo\u00e7\u00e3o do turismo n\u00e1utico enquanto produto estrat\u00e9gico para a regi\u00e3o. A maior feira nacional dedicada \u00e0s atividades outdoor decorre de 26 a 30 de mar\u00e7o, na FIL \u2013 Feira Internacional de Lisboa.<\/p>\n<p>Num stand de 54m\u00b2, no Pavilh\u00e3o 1, a TCP convida os visitantes a descobrir a ampla oferta dispon\u00edvel nas 13 Esta\u00e7\u00f5es N\u00e1uticas certificadas do Centro de Portugal. Com um ledwall imersivo e um sistema de som envolvente, o espa\u00e7o d\u00e1 a conhecer as experi\u00eancias dispon\u00edveis, tanto nas Esta\u00e7\u00f5es N\u00e1uticas da costa atl\u00e2ntica como nas Esta\u00e7\u00f5es N\u00e1uticas das albufeiras e rios do interior. Um espa\u00e7o dedicado \u00e0s empresas parceiras completa a proposta do stand.<\/p>\n<p>Al\u00e9m da Turismo Centro de Portugal, que participa numa parceria com a F\u00f3rum Oceano, as Esta\u00e7\u00f5es N\u00e1uticas da Ria de Aveiro e a Esta\u00e7\u00e3o N\u00e1utica do Oeste contam tamb\u00e9m com espa\u00e7os pr\u00f3prios na feira, ampliando assim a visibilidade do turismo n\u00e1utico da regi\u00e3o.<\/p>\n<p>Esta quarta-feira, no primeiro dia, Pedro Machado, secret\u00e1rio de Estado do Turismo, visitou a feira, tendo sido recebido no stand da TCP pela vice-presidente da Turismo Centro de Portugal, Anabela Freitas.<\/p>\n<p>Durante a Nauticampo, o stand da TCP ser\u00e1 palco para diversas mesas de neg\u00f3cios, que re\u00fanem entidades e empresas do setor. Entre estas, destacam-se a F\u00f3rum Oceano, a Federa\u00e7\u00e3o Portuguesa de Surf, a Associa\u00e7\u00e3o Empres\u00e1rios Castelo do Bode, a Aveiro Boat Experience, a APCV Classe Vouga, a Intertidal, a The Water Ski Academy, a Endless Wakeboard School, a Aveiro Moments, a \u00c1gua Doce e a Aldeias do Z\u00eazere.<\/p>\n<p>Anabela Freitas sublinha a import\u00e2ncia da participa\u00e7\u00e3o nesta feira. &#8220;O Centro de Portugal \u00e9 um destino de excel\u00eancia para o turismo n\u00e1utico, com uma oferta diversificada que vai desde a costa atl\u00e2ntica at\u00e9 \u00e0s albufeiras e rios do interior\u201d, destaca. \u201cA presen\u00e7a na Nauticampo refor\u00e7a a uma aposta clara da nossa parte na valoriza\u00e7\u00e3o deste potencial, ao promovermos a rede das Esta\u00e7\u00f5es N\u00e1uticas do Centro e os seus parceiros e ao criarmos oportunidades de neg\u00f3cio para as empresas do setor\u201d, acrescenta.<\/p>\n<p>A Nauticampo \u2013 Sal\u00e3o Internacional de Navega\u00e7\u00e3o de Recreio, Desporto Aventura, Caravanismo e Piscinas atrai milhares de visitantes, entre entusiastas da aventura e profissionais da \u00e1rea, sendo um palco privilegiado para a promo\u00e7\u00e3o de destinos e experi\u00eancias ligadas ao lazer e ao desporto ao ar livre.<\/p>\n<p>Turismo Centro de Portugal tamb\u00e9m no RoadShow das Viagens do Publituris<\/p>\n<p>Paralelamente \u00e0 Nauticampo, a Turismo Centro de Portugal est\u00e1 tamb\u00e9m a promover a oferta tur\u00edstica da regi\u00e3o na 10.\u00aa edi\u00e7\u00e3o do RoadShow das Viagens do Publituris, que decorre nos dias 25, 26 e 27 de mar\u00e7o, respetivamente no Porto (Porto Pal\u00e1cio Hotel), em Coimbra (Hotel Vila Gal\u00e9) e em Lisboa (Clube Tazte Secret Spot).<\/p>\n<p>Dirigido aos agentes de viagens de todo o pa\u00eds, este evento \u00e9 uma oportunidade para operadores tur\u00edsticos, companhias a\u00e9reas, GSA, cruzeiros, hot\u00e9is e delega\u00e7\u00f5es oficiais de turismo mostrarem a sua oferta num evento que potencia o conhecimento, o neg\u00f3cio e o networking.<\/p>\n<p>Sobre a Turismo Centro de Portugal<\/p>\n<p>A Turismo Centro de Portugal \u00e9 a entidade que estrutura e promove o turismo na Regi\u00e3o Centro do pa\u00eds. Esta \u00e9 a maior e mais diversificada \u00e1rea tur\u00edstica nacional, abrangendo 100 munic\u00edpios, e tem registado um intenso crescimento da procura interna e externa. \u00c9 a regi\u00e3o a escolher para quem pretende experi\u00eancias diversificadas, pois concilia locais Patrim\u00f3nio da Humanidade com a melhor costa de surf da Europa, termas e spas id\u00edlicos, locais de culto de import\u00e2ncia mundial e as mais belas aldeias.<\/p>\n<p><strong>\u00a0 \u00a0 Fonte: TCP e PV<\/strong><\/p>\n","protected":false},"excerpt":{"rendered":"<p>A Turismo Centro de Portugal (TCP) est\u00e1 de regresso \u00e0 Nauticampo, com uma participa\u00e7\u00e3o que aposta na promo\u00e7\u00e3o do turismo n\u00e1utico enquanto produto estrat\u00e9gico para a regi\u00e3o. A maior feira nacional dedicada \u00e0s atividades outdoor decorre de 26 a 30 de mar\u00e7o, na FIL \u2013 Feira Internacional de Lisboa. Num stand de 54m\u00b2, no Pavilh\u00e3o [&hellip;]<\/p>\n","protected":false},"author":2,"featured_media":39470,"comment_status":"open","ping_status":"open","sticky":false,"template":"","format":"standard","meta":{"footnotes":""},"categories":[7],"tags":[],"class_list":["post-39466","post","type-post","status-publish","format-standard","has-post-thumbnail","hentry","category-economia"],"_links":{"self":[{"href":"https:\/\/tintafresca.net\/index.php\/wp-json\/wp\/v2\/posts\/39466","targetHints":{"allow":["GET"]}}],"collection":[{"href":"https:\/\/tintafresca.net\/index.php\/wp-json\/wp\/v2\/posts"}],"about":[{"href":"https:\/\/tintafresca.net\/index.php\/wp-json\/wp\/v2\/types\/post"}],"author":[{"embeddable":true,"href":"https:\/\/tintafresca.net\/index.php\/wp-json\/wp\/v2\/users\/2"}],"replies":[{"embeddable":true,"href":"https:\/\/tintafresca.net\/index.php\/wp-json\/wp\/v2\/comments?post=39466"}],"version-history":[{"count":3,"href":"https:\/\/tintafresca.net\/index.php\/wp-json\/wp\/v2\/posts\/39466\/revisions"}],"predecessor-version":[{"id":39471,"href":"https:\/\/tintafresca.net\/index.php\/wp-json\/wp\/v2\/posts\/39466\/revisions\/39471"}],"wp:featuredmedia":[{"embeddable":true,"href":"https:\/\/tintafresca.net\/index.php\/wp-json\/wp\/v2\/media\/39470"}],"wp:attachment":[{"href":"https:\/\/tintafresca.net\/index.php\/wp-json\/wp\/v2\/media?parent=39466"}],"wp:term":[{"taxonomy":"category","embeddable":true,"href":"https:\/\/tintafresca.net\/index.php\/wp-json\/wp\/v2\/categories?post=39466"},{"taxonomy":"post_tag","embeddable":true,"href":"https:\/\/tintafresca.net\/index.php\/wp-json\/wp\/v2\/tags?post=39466"}],"curies":[{"name":"wp","href":"https:\/\/api.w.org\/{rel}","templated":true}]}}