{"id":3964,"date":"2021-05-10T12:47:42","date_gmt":"2021-05-10T12:47:42","guid":{"rendered":"https:\/\/tintafresca.net\/?p=3964"},"modified":"2021-05-10T12:48:58","modified_gmt":"2021-05-10T12:48:58","slug":"31-dos-utentes-da-nazare-ja-receberam-pelo-menos-uma-dose-da-vacina-contra-a-covid-19","status":"publish","type":"post","link":"https:\/\/tintafresca.net\/index.php\/2021\/05\/10\/31-dos-utentes-da-nazare-ja-receberam-pelo-menos-uma-dose-da-vacina-contra-a-covid-19\/","title":{"rendered":"31% dos utentes da Nazar\u00e9 j\u00e1 receberam pelo menos uma dose da vacina contra a covid-19"},"content":{"rendered":"<div id=\"attachment_3971\" style=\"width: 510px\" class=\"wp-caption alignleft\"><img loading=\"lazy\" decoding=\"async\" aria-describedby=\"caption-attachment-3971\" class=\"wp-image-3971 size-full\" src=\"https:\/\/tintafresca.net\/wp-content\/uploads\/2021\/05\/Nazare_testes_antigenio10-1.jpg\" alt=\"\" width=\"500\" height=\"333\" \/><p id=\"caption-attachment-3971\" class=\"wp-caption-text\">31% dos utentes da Nazar\u00e9 receberam a primeira dose e 8% as duas<\/p><\/div>\n<p>31% dos utentes do Servi\u00e7o Nacional de Sa\u00fade inscritos no concelho da Nazar\u00e9 j\u00e1 receberam pelo menos uma dose da vacina contra a Covid-19.<\/p>\n<p>Os dados reportados pelo agrupamento de Centros de Sa\u00fade Oeste-Norte indicam que, at\u00e9 30 de abril, 3.814 utentes tinham recebido a primeira dose da vacina, estando 960 inoculados, isto \u00e9, receberam as duas doses da vacina.<\/p>\n<p>Dos utentes com mais de 15 anos inscritos nos ficheiros oficiais, de um universo de 12.224 recomendados para o plano de vacina\u00e7\u00e3o, 31% receberam a primeira dose, e 8% as duas.<\/p>\n<p>Fonte: SM|GCI|CMN<\/p>\n","protected":false},"excerpt":{"rendered":"<p>31% dos utentes do Servi\u00e7o Nacional de Sa\u00fade inscritos no concelho da Nazar\u00e9 j\u00e1 receberam pelo menos uma dose da vacina contra a Covid-19. Os dados reportados pelo agrupamento de Centros de Sa\u00fade Oeste-Norte indicam que, at\u00e9 30 de abril, 3.814 utentes tinham recebido a primeira dose da vacina, estando 960 inoculados, isto \u00e9, receberam [&hellip;]<\/p>\n","protected":false},"author":2,"featured_media":1069,"comment_status":"open","ping_status":"open","sticky":false,"template":"","format":"standard","meta":{"footnotes":""},"categories":[6],"tags":[],"class_list":["post-3964","post","type-post","status-publish","format-standard","has-post-thumbnail","hentry","category-saude"],"_links":{"self":[{"href":"https:\/\/tintafresca.net\/index.php\/wp-json\/wp\/v2\/posts\/3964","targetHints":{"allow":["GET"]}}],"collection":[{"href":"https:\/\/tintafresca.net\/index.php\/wp-json\/wp\/v2\/posts"}],"about":[{"href":"https:\/\/tintafresca.net\/index.php\/wp-json\/wp\/v2\/types\/post"}],"author":[{"embeddable":true,"href":"https:\/\/tintafresca.net\/index.php\/wp-json\/wp\/v2\/users\/2"}],"replies":[{"embeddable":true,"href":"https:\/\/tintafresca.net\/index.php\/wp-json\/wp\/v2\/comments?post=3964"}],"version-history":[{"count":2,"href":"https:\/\/tintafresca.net\/index.php\/wp-json\/wp\/v2\/posts\/3964\/revisions"}],"predecessor-version":[{"id":3972,"href":"https:\/\/tintafresca.net\/index.php\/wp-json\/wp\/v2\/posts\/3964\/revisions\/3972"}],"wp:featuredmedia":[{"embeddable":true,"href":"https:\/\/tintafresca.net\/index.php\/wp-json\/wp\/v2\/media\/1069"}],"wp:attachment":[{"href":"https:\/\/tintafresca.net\/index.php\/wp-json\/wp\/v2\/media?parent=3964"}],"wp:term":[{"taxonomy":"category","embeddable":true,"href":"https:\/\/tintafresca.net\/index.php\/wp-json\/wp\/v2\/categories?post=3964"},{"taxonomy":"post_tag","embeddable":true,"href":"https:\/\/tintafresca.net\/index.php\/wp-json\/wp\/v2\/tags?post=3964"}],"curies":[{"name":"wp","href":"https:\/\/api.w.org\/{rel}","templated":true}]}}