{"id":39876,"date":"2025-04-29T22:11:45","date_gmt":"2025-04-29T22:11:45","guid":{"rendered":"https:\/\/tintafresca.net\/?p=39876"},"modified":"2025-05-01T01:48:38","modified_gmt":"2025-05-01T01:48:38","slug":"unidade-de-saude-de-ramalhal-inaugurada-no-dia-25-de-abril-vai-servir-7-mil-pessoas","status":"publish","type":"post","link":"https:\/\/tintafresca.net\/index.php\/2025\/04\/29\/unidade-de-saude-de-ramalhal-inaugurada-no-dia-25-de-abril-vai-servir-7-mil-pessoas\/","title":{"rendered":"Unidade de Sa\u00fade de Ramalhal inaugurada no dia 25 de abril vai servir 7 mil pessoas"},"content":{"rendered":"<div id=\"attachment_39879\" style=\"width: 510px\" class=\"wp-caption alignleft\"><img loading=\"lazy\" decoding=\"async\" aria-describedby=\"caption-attachment-39879\" class=\"wp-image-39879\" src=\"https:\/\/tintafresca.net\/wp-content\/uploads\/2025\/04\/TV_Centro_Saude_Ramalhal.jpeg\" alt=\"\" width=\"500\" height=\"333\" srcset=\"https:\/\/tintafresca.net\/wp-content\/uploads\/2025\/04\/TV_Centro_Saude_Ramalhal.jpeg 720w, https:\/\/tintafresca.net\/wp-content\/uploads\/2025\/04\/TV_Centro_Saude_Ramalhal-300x200.jpeg 300w\" sizes=\"auto, (max-width: 500px) 100vw, 500px\" \/><p id=\"caption-attachment-39879\" class=\"wp-caption-text\">Interven\u00e7\u00e3o de Laura Oliveira<\/p><\/div>\n<p>No dia 25 de abril foi inaugurada a nova Unidade de Sa\u00fade de Ramalhal, um equipamento projetado para servir cerca de 7 mil utentes dos territ\u00f3rios das freguesias de Ramalhal, de Uni\u00e3o das Freguesias de Campelos e Outeiro da Cabe\u00e7a e de Uni\u00e3o das Freguesias de Maxial e Monte Redondo.<\/p>\n<p>A Unidade de Sa\u00fade de Ramalhal est\u00e1 dotada de espa\u00e7os que garantem o conforto e a dignidade quer aos utentes quer aos profissionais de sa\u00fade. Trata-se de um edif\u00edcio de apenas um piso t\u00e9rreo, pensado para garantir acessibilidade e mobilidade a todos os utentes.<\/p>\n<p>Na sua interven\u00e7\u00e3o, o presidente da Junta de Freguesia de Ramalhal, Ant\u00f3nio Esp\u00edrito Santo, referiu que estas novas instala\u00e7\u00f5es, cuja constru\u00e7\u00e3o teve in\u00edcio em julho de 2023, ir\u00e3o contribuir para um melhor servi\u00e7o para todos os utentes. Presente esteve tamb\u00e9m a presidente do Conselho de Administra\u00e7\u00e3o da Unidade Local do Oeste, Elsa Bai\u00e3o, que usou da palavra para assinalar a inaugura\u00e7\u00e3o da Unidade de Sa\u00fade, cuja equipa integra quatro m\u00e9dicas, quatro enfermeiras, tr\u00eas assistentes t\u00e9cnicas e uma assistente operacional. \u201cEste espa\u00e7o representa um compromisso com a dignidade e o bem-estar da popula\u00e7\u00e3o\u201d, acrescentou.<\/p>\n<div id=\"attachment_39880\" style=\"width: 510px\" class=\"wp-caption alignleft\"><img loading=\"lazy\" decoding=\"async\" aria-describedby=\"caption-attachment-39880\" class=\"wp-image-39880\" src=\"https:\/\/tintafresca.net\/wp-content\/uploads\/2025\/04\/TV_Centro_Saude_Ramalhal2.jpeg\" alt=\"\" width=\"500\" height=\"333\" srcset=\"https:\/\/tintafresca.net\/wp-content\/uploads\/2025\/04\/TV_Centro_Saude_Ramalhal2.jpeg 720w, https:\/\/tintafresca.net\/wp-content\/uploads\/2025\/04\/TV_Centro_Saude_Ramalhal2-300x200.jpeg 300w\" sizes=\"auto, (max-width: 500px) 100vw, 500px\" \/><p id=\"caption-attachment-39880\" class=\"wp-caption-text\">Inaugura\u00e7\u00e3o do Centro de Sa\u00fade do Ramalhal<\/p><\/div>\n<p>A presidente da C\u00e2mara Municipal de Torres Vedras, Laura Rodrigues, referiu que \u201cesta obra foi poss\u00edvel gra\u00e7as ao esfor\u00e7o conjunto entre o Munic\u00edpio de Torres Vedras e as juntas de freguesia, que desde o in\u00edcio se empenharam em garantir melhores condi\u00e7\u00f5es de acesso \u00e0 sa\u00fade para a popula\u00e7\u00e3o. A capacidade de colabora\u00e7\u00e3o e entendimento entre estas entidades foi fundamental para a concretiza\u00e7\u00e3o deste projeto comum e demonstra o compromisso com solu\u00e7\u00f5es eficazes que asseguram que todos ficam bem servidos\u201d.<\/p>\n<p>A constru\u00e7\u00e3o da nova Unidade de Sa\u00fade de Ramalhal representa um investimento no valor total de mais de um milh\u00e3o e meio de euros, integralmente financiado pelo Plano de Recupera\u00e7\u00e3o e Resili\u00eancia (PRR). A inaugura\u00e7\u00e3o integrou o programa das Comemora\u00e7\u00f5es do 25 de Abril.<\/p>\n<p><strong>\u00a0 \u00a0 Fonte: ACM|CMTV<\/strong><\/p>\n","protected":false},"excerpt":{"rendered":"<p>No dia 25 de abril foi inaugurada a nova Unidade de Sa\u00fade de Ramalhal, um equipamento projetado para servir cerca de 7 mil utentes dos territ\u00f3rios das freguesias de Ramalhal, de Uni\u00e3o das Freguesias de Campelos e Outeiro da Cabe\u00e7a e de Uni\u00e3o das Freguesias de Maxial e Monte Redondo. A Unidade de Sa\u00fade de [&hellip;]<\/p>\n","protected":false},"author":2,"featured_media":39881,"comment_status":"open","ping_status":"open","sticky":false,"template":"","format":"standard","meta":{"footnotes":""},"categories":[6],"tags":[],"class_list":["post-39876","post","type-post","status-publish","format-standard","has-post-thumbnail","hentry","category-saude"],"_links":{"self":[{"href":"https:\/\/tintafresca.net\/index.php\/wp-json\/wp\/v2\/posts\/39876","targetHints":{"allow":["GET"]}}],"collection":[{"href":"https:\/\/tintafresca.net\/index.php\/wp-json\/wp\/v2\/posts"}],"about":[{"href":"https:\/\/tintafresca.net\/index.php\/wp-json\/wp\/v2\/types\/post"}],"author":[{"embeddable":true,"href":"https:\/\/tintafresca.net\/index.php\/wp-json\/wp\/v2\/users\/2"}],"replies":[{"embeddable":true,"href":"https:\/\/tintafresca.net\/index.php\/wp-json\/wp\/v2\/comments?post=39876"}],"version-history":[{"count":3,"href":"https:\/\/tintafresca.net\/index.php\/wp-json\/wp\/v2\/posts\/39876\/revisions"}],"predecessor-version":[{"id":39882,"href":"https:\/\/tintafresca.net\/index.php\/wp-json\/wp\/v2\/posts\/39876\/revisions\/39882"}],"wp:featuredmedia":[{"embeddable":true,"href":"https:\/\/tintafresca.net\/index.php\/wp-json\/wp\/v2\/media\/39881"}],"wp:attachment":[{"href":"https:\/\/tintafresca.net\/index.php\/wp-json\/wp\/v2\/media?parent=39876"}],"wp:term":[{"taxonomy":"category","embeddable":true,"href":"https:\/\/tintafresca.net\/index.php\/wp-json\/wp\/v2\/categories?post=39876"},{"taxonomy":"post_tag","embeddable":true,"href":"https:\/\/tintafresca.net\/index.php\/wp-json\/wp\/v2\/tags?post=39876"}],"curies":[{"name":"wp","href":"https:\/\/api.w.org\/{rel}","templated":true}]}}