{"id":39900,"date":"2025-05-02T20:47:46","date_gmt":"2025-05-02T20:47:46","guid":{"rendered":"https:\/\/tintafresca.net\/?p=39900"},"modified":"2025-05-03T23:33:17","modified_gmt":"2025-05-03T23:33:17","slug":"camara-de-obidos-leva-a-hasta-publica-7-novos-lotes-para-construcao-no-parque-tecnologico","status":"publish","type":"post","link":"https:\/\/tintafresca.net\/index.php\/2025\/05\/02\/camara-de-obidos-leva-a-hasta-publica-7-novos-lotes-para-construcao-no-parque-tecnologico\/","title":{"rendered":"C\u00e2mara de \u00d3bidos leva a hasta p\u00fablica 7 novos lotes para constru\u00e7\u00e3o no Parque Tecnol\u00f3gico"},"content":{"rendered":"<div id=\"attachment_39902\" style=\"width: 510px\" class=\"wp-caption alignleft\"><img loading=\"lazy\" decoding=\"async\" aria-describedby=\"caption-attachment-39902\" class=\"wp-image-39902 size-full\" src=\"https:\/\/tintafresca.net\/wp-content\/uploads\/2025\/05\/Obidos_Parque_Tecnologico10.jpg\" alt=\"\" width=\"500\" height=\"374\" srcset=\"https:\/\/tintafresca.net\/wp-content\/uploads\/2025\/05\/Obidos_Parque_Tecnologico10.jpg 500w, https:\/\/tintafresca.net\/wp-content\/uploads\/2025\/05\/Obidos_Parque_Tecnologico10-300x224.jpg 300w\" sizes=\"auto, (max-width: 500px) 100vw, 500px\" \/><p id=\"caption-attachment-39902\" class=\"wp-caption-text\">Parque Tecnol\u00f3gico de \u00d3bidos<\/p><\/div>\n<p>A C\u00e2mara Municipal de \u00d3bidos leva a hasta p\u00fablica, no dia 13 de maio, sete novos lotes para constru\u00e7\u00e3o no Parque Tecnol\u00f3gico de \u00d3bidos.<\/p>\n<p>A sess\u00e3o, a decorrer no Sal\u00e3o Nobre dos Pa\u00e7os do Concelho, pelas 10h00, tem como objetivo a aliena\u00e7\u00e3o conjunta dos lotes 13, 15, 25, 26, 27, 28 e 29.<\/p>\n<p>As caracter\u00edsticas de edifica\u00e7\u00e3o nos referidos lotes obedecem ao previsto no Alvar\u00e1 de Loteamento e ao estabelecido no PDM, respeitando a instala\u00e7\u00e3o de empresas cujas atividades ter\u00e3o de enquadrar-se nas seguintes \u00e1reas:<\/p>\n<p>&#8211; Atividades de investiga\u00e7\u00e3o e desenvolvimento ou de inova\u00e7\u00e3o tecnol\u00f3gica<\/p>\n<p>&#8211; Fabrico de alta qualidade ou que exija conhecimento avan\u00e7ado (n\u00e3o poluente)<\/p>\n<p>&#8211; Apoio ao tecido produtivo de base cient\u00edfica e\/ou tecnol\u00f3gica<\/p>\n<p>&#8211; Ensino e forma\u00e7\u00e3o de recursos humanos.<\/p>\n<p>Mais informa\u00e7\u00e3o, termos e condi\u00e7\u00f5es do procedimento em <a href=\"http:\/\/cm-obidos.pt\">cm-obidos.pt<\/a>.<\/p>\n<p><strong>\u00a0 \u00a0 Fonte: SA|GCI|CMO<\/strong><\/p>\n","protected":false},"excerpt":{"rendered":"<p>A C\u00e2mara Municipal de \u00d3bidos leva a hasta p\u00fablica, no dia 13 de maio, sete novos lotes para constru\u00e7\u00e3o no Parque Tecnol\u00f3gico de \u00d3bidos. A sess\u00e3o, a decorrer no Sal\u00e3o Nobre dos Pa\u00e7os do Concelho, pelas 10h00, tem como objetivo a aliena\u00e7\u00e3o conjunta dos lotes 13, 15, 25, 26, 27, 28 e 29. As caracter\u00edsticas [&hellip;]<\/p>\n","protected":false},"author":2,"featured_media":39906,"comment_status":"open","ping_status":"open","sticky":false,"template":"","format":"standard","meta":{"footnotes":""},"categories":[7],"tags":[],"class_list":["post-39900","post","type-post","status-publish","format-standard","has-post-thumbnail","hentry","category-economia"],"_links":{"self":[{"href":"https:\/\/tintafresca.net\/index.php\/wp-json\/wp\/v2\/posts\/39900","targetHints":{"allow":["GET"]}}],"collection":[{"href":"https:\/\/tintafresca.net\/index.php\/wp-json\/wp\/v2\/posts"}],"about":[{"href":"https:\/\/tintafresca.net\/index.php\/wp-json\/wp\/v2\/types\/post"}],"author":[{"embeddable":true,"href":"https:\/\/tintafresca.net\/index.php\/wp-json\/wp\/v2\/users\/2"}],"replies":[{"embeddable":true,"href":"https:\/\/tintafresca.net\/index.php\/wp-json\/wp\/v2\/comments?post=39900"}],"version-history":[{"count":3,"href":"https:\/\/tintafresca.net\/index.php\/wp-json\/wp\/v2\/posts\/39900\/revisions"}],"predecessor-version":[{"id":39904,"href":"https:\/\/tintafresca.net\/index.php\/wp-json\/wp\/v2\/posts\/39900\/revisions\/39904"}],"wp:featuredmedia":[{"embeddable":true,"href":"https:\/\/tintafresca.net\/index.php\/wp-json\/wp\/v2\/media\/39906"}],"wp:attachment":[{"href":"https:\/\/tintafresca.net\/index.php\/wp-json\/wp\/v2\/media?parent=39900"}],"wp:term":[{"taxonomy":"category","embeddable":true,"href":"https:\/\/tintafresca.net\/index.php\/wp-json\/wp\/v2\/categories?post=39900"},{"taxonomy":"post_tag","embeddable":true,"href":"https:\/\/tintafresca.net\/index.php\/wp-json\/wp\/v2\/tags?post=39900"}],"curies":[{"name":"wp","href":"https:\/\/api.w.org\/{rel}","templated":true}]}}