{"id":39990,"date":"2025-05-09T00:09:25","date_gmt":"2025-05-09T00:09:25","guid":{"rendered":"https:\/\/tintafresca.net\/?p=39990"},"modified":"2025-05-09T00:14:58","modified_gmt":"2025-05-09T00:14:58","slug":"camara-municipal-do-cartaxo-arranca-com-obras-de-requalificacao-e-modernizacao-da-escola-basica-d-sancho-i-de-pontevel","status":"publish","type":"post","link":"https:\/\/tintafresca.net\/index.php\/2025\/05\/09\/camara-municipal-do-cartaxo-arranca-com-obras-de-requalificacao-e-modernizacao-da-escola-basica-d-sancho-i-de-pontevel\/","title":{"rendered":"Munic\u00edpio do Cartaxo arranca com obras de requalifica\u00e7\u00e3o e moderniza\u00e7\u00e3o da Escola B\u00e1sica D. Sancho I de Pont\u00e9vel"},"content":{"rendered":"<div id=\"attachment_39993\" style=\"width: 510px\" class=\"wp-caption alignleft\"><img loading=\"lazy\" decoding=\"async\" aria-describedby=\"caption-attachment-39993\" class=\"wp-image-39993 size-full\" src=\"https:\/\/tintafresca.net\/wp-content\/uploads\/2025\/05\/Cartaxo_escola_D_Sancho10.jpg\" alt=\"\" width=\"500\" height=\"333\" srcset=\"https:\/\/tintafresca.net\/wp-content\/uploads\/2025\/05\/Cartaxo_escola_D_Sancho10.jpg 500w, https:\/\/tintafresca.net\/wp-content\/uploads\/2025\/05\/Cartaxo_escola_D_Sancho10-300x200.jpg 300w\" sizes=\"auto, (max-width: 500px) 100vw, 500px\" \/><p id=\"caption-attachment-39993\" class=\"wp-caption-text\">Jo\u00e3o Ferreira Heitor com membros da comunidade escolar<\/p><\/div>\n<p>A cerim\u00f3nia de assinatura do Auto de Consigna\u00e7\u00e3o da Obra de Requalifica\u00e7\u00e3o e Moderniza\u00e7\u00e3o da Escola B\u00e1sica D. Sancho I de Pont\u00e9vel, realizada no dia 6 de maio, assinala o arranque oficial do maior investimento alguma vez executado pelo Munic\u00edpio do Cartaxo.<\/p>\n<p>A Escola B\u00e1sica D. Sancho I inaugurada em 1997 \u2014 ou seja, h\u00e1 28 anos \u2014 n\u00e3o tinha tido qualquer interven\u00e7\u00e3o estrutural profunda.<\/p>\n<p>A empreitada de requalifica\u00e7\u00e3o e moderniza\u00e7\u00e3o da escola representa um investimento superior a 9,3 milh\u00f5es de euros, financiado pelo PRR \u2013 Plano de Recupera\u00e7\u00e3o e Resili\u00eancia.<\/p>\n<p>A interven\u00e7\u00e3o inclui, al\u00e9m de obras profundas nos edif\u00edcios\u00a0existentes, a constru\u00e7\u00e3o de novas infraestruturas e moderniza\u00e7\u00e3o de equipamentos e sistemas, com foco na efici\u00eancia energ\u00e9tica, acessibilidade e qualidade dos espa\u00e7os de ensino.<\/p>\n<p>Este projeto contempla n\u00e3o s\u00f3 a reabilita\u00e7\u00e3o integral de espa\u00e7os de ensino e conv\u00edvio, mas tamb\u00e9m a constru\u00e7\u00e3o de novas infraestruturas, como um audit\u00f3rio, sala de m\u00fasica, sala de multidefici\u00eancia, gabinetes de psicologia e terapia da fala, polidesportivo coberto, campo de padel, entre outros. Est\u00e3o ainda previstos novos acessos e rampas, assegurando acessibilidade plena a todos os utentes.<\/p>\n<p>Em termos de efici\u00eancia energ\u00e9tica e conforto, ser\u00e3o instalados sistemas de climatiza\u00e7\u00e3o em todas as divis\u00f5es, isolamento t\u00e9rmico exterior, caixilharias com corte t\u00e9rmico, sistema solar t\u00e9rmico para \u00e1guas quentes sanit\u00e1rias e sistema fotovoltaico para produ\u00e7\u00e3o de energia el\u00e9trica.<\/p>\n<p>Este investimento refor\u00e7a o compromisso da autarquia com a valoriza\u00e7\u00e3o da escola p\u00fablica e com o futuro das crian\u00e7as e jovens do concelho.<\/p>\n<p>Para Jo\u00e3o Ferreira Heitor, presidente da C\u00e2mara Municipal, \u201cesta interven\u00e7\u00e3o vai muito al\u00e9m da renova\u00e7\u00e3o f\u00edsica do edif\u00edcio. A solu\u00e7\u00e3o tecnol\u00f3gica que ser\u00e1 aqui implementada foi pensada com rigor e especificidade, centrando-se nas reais necessidades educativas dos nossos alunos. \u00c9 uma vis\u00e3o de educa\u00e7\u00e3o transformadora, que aposta num processo de ensino-aprendizagem inovador e inclusivo, capaz de responder de forma eficaz tamb\u00e9m aos alunos com necessidades educativas especiais.\u201d<\/p>\n<p>\u201cQueremos que esta escola seja um verdadeiro espa\u00e7o de inclus\u00e3o, onde cada crian\u00e7a encontre condi\u00e7\u00f5es para aprender, crescer e participar plenamente na vida escolar, independentemente das suas circunst\u00e2ncias pessoais ou sociais\u201d.<\/p>\n<p><strong>\u00a0 \u00a0 Fonte: SP|GC|CMC<\/strong><\/p>\n","protected":false},"excerpt":{"rendered":"<p>A cerim\u00f3nia de assinatura do Auto de Consigna\u00e7\u00e3o da Obra de Requalifica\u00e7\u00e3o e Moderniza\u00e7\u00e3o da Escola B\u00e1sica D. Sancho I de Pont\u00e9vel, realizada no dia 6 de maio, assinala o arranque oficial do maior investimento alguma vez executado pelo Munic\u00edpio do Cartaxo. A Escola B\u00e1sica D. Sancho I inaugurada em 1997 \u2014 ou seja, h\u00e1 [&hellip;]<\/p>\n","protected":false},"author":2,"featured_media":39992,"comment_status":"open","ping_status":"open","sticky":false,"template":"","format":"standard","meta":{"footnotes":""},"categories":[14],"tags":[],"class_list":["post-39990","post","type-post","status-publish","format-standard","has-post-thumbnail","hentry","category-educacao"],"_links":{"self":[{"href":"https:\/\/tintafresca.net\/index.php\/wp-json\/wp\/v2\/posts\/39990","targetHints":{"allow":["GET"]}}],"collection":[{"href":"https:\/\/tintafresca.net\/index.php\/wp-json\/wp\/v2\/posts"}],"about":[{"href":"https:\/\/tintafresca.net\/index.php\/wp-json\/wp\/v2\/types\/post"}],"author":[{"embeddable":true,"href":"https:\/\/tintafresca.net\/index.php\/wp-json\/wp\/v2\/users\/2"}],"replies":[{"embeddable":true,"href":"https:\/\/tintafresca.net\/index.php\/wp-json\/wp\/v2\/comments?post=39990"}],"version-history":[{"count":3,"href":"https:\/\/tintafresca.net\/index.php\/wp-json\/wp\/v2\/posts\/39990\/revisions"}],"predecessor-version":[{"id":39995,"href":"https:\/\/tintafresca.net\/index.php\/wp-json\/wp\/v2\/posts\/39990\/revisions\/39995"}],"wp:featuredmedia":[{"embeddable":true,"href":"https:\/\/tintafresca.net\/index.php\/wp-json\/wp\/v2\/media\/39992"}],"wp:attachment":[{"href":"https:\/\/tintafresca.net\/index.php\/wp-json\/wp\/v2\/media?parent=39990"}],"wp:term":[{"taxonomy":"category","embeddable":true,"href":"https:\/\/tintafresca.net\/index.php\/wp-json\/wp\/v2\/categories?post=39990"},{"taxonomy":"post_tag","embeddable":true,"href":"https:\/\/tintafresca.net\/index.php\/wp-json\/wp\/v2\/tags?post=39990"}],"curies":[{"name":"wp","href":"https:\/\/api.w.org\/{rel}","templated":true}]}}