{"id":4003,"date":"2021-05-11T22:10:42","date_gmt":"2021-05-11T22:10:42","guid":{"rendered":"https:\/\/tintafresca.net\/?p=4003"},"modified":"2021-05-11T22:15:56","modified_gmt":"2021-05-11T22:15:56","slug":"municipio-da-nazare-adere-as-autarquias-sem-glifosato-herbicidas","status":"publish","type":"post","link":"https:\/\/tintafresca.net\/index.php\/2021\/05\/11\/municipio-da-nazare-adere-as-autarquias-sem-glifosato-herbicidas\/","title":{"rendered":"Munic\u00edpio da Nazar\u00e9 adere \u00e0s Autarquias sem Glifosato Herbicidas"},"content":{"rendered":"<div id=\"attachment_4005\" style=\"width: 252px\" class=\"wp-caption alignleft\"><img loading=\"lazy\" decoding=\"async\" aria-describedby=\"caption-attachment-4005\" class=\"wp-image-4005 size-full\" src=\"https:\/\/tintafresca.net\/wp-content\/uploads\/2021\/05\/Glifosato.jpg\" alt=\"\" width=\"242\" height=\"208\" \/><p id=\"caption-attachment-4005\" class=\"wp-caption-text\">Glifosato<\/p><\/div>\n<p>A C\u00e2mara da Nazar\u00e9 anunciou a sua ades\u00e3o \u00e0s Autarquias sem Glifosato\/Herbicidas com a aprova\u00e7\u00e3o, em reuni\u00e3o de C\u00e2mara, da proposta nesse sentido, e que ser\u00e1 enviada \u00e0 pr\u00f3xima Assembleia Municipal para tomada de conhecimento dos eleitos.<\/p>\n<p>Desde 2020 que o Munic\u00edpio tem vindo a optar pela monda t\u00e9rmica e mec\u00e2nica, em alternativa \u00e0 aplica\u00e7\u00e3o de herbicidas.<\/p>\n<p>Os vereadores Salvador Formiga e Orlando Rodrigues, respons\u00e1veis pela proposta de ades\u00e3o ao projeto da QUERCUS, justificam a n\u00e3o utiliza\u00e7\u00e3o de qu\u00edmicos controlo de ervas, com os riscos conhecidos, que t\u00eam vindo a revelar consequ\u00eancias gravosas para a sa\u00fade e para o ambiente de v\u00e1rios herbicidas, em particular daquela cuja subst\u00e2ncia ativa \u00e9 o glifosato que apresenta degrada\u00e7\u00e3o lenta, o que conduz ao arrastamento (pela \u00e1gua da chuva, da rega ou de lavagem) para rios, albufeiras e len\u00e7\u00f3is fre\u00e1ticos, entre outros; atua na fauna como desregulador hormonal e agente carcinog\u00e9nico, mesmo em doses muito baixas, sendo absorvido atrav\u00e9s dos alimentos e da \u00e1gua.<\/p>\n<p>De acordo com a proposta, onde se constata que o herbicida glifosato \u00e9 o mais usado em todo o mundo, em crescimento nos \u00faltimos anos devido \u00e0 prolifera\u00e7\u00e3o das culturas transg\u00e9nicas (OGM) que lhe s\u00e3o tolerantes, refere que \u201cexistem outros meios para o controlo das ervas espont\u00e2neas, como os mec\u00e2nicos, biol\u00f3gicos e t\u00e9rmicos, e que por vezes nem se justifica uma t\u00e3o grande elimina\u00e7\u00e3o, pois as ervas apresentam in\u00fameras vantagens\u201d.<\/p>\n<p>Em per\u00edodos chuvosos ajudam \u00e0 infiltra\u00e7\u00e3o da \u00e1gua no solo, evitando escorrimentos superficiais que provocam eros\u00e3o e cheias; fixam carbono e produzem oxig\u00e9nio e aumentam a biodiversidade vegetal e animal;<\/p>\n<p>A nova lei sobre o uso de pesticidas (Lei n.\u00ba 26\/2013, de 11 de Abril, que transp\u00f5e a Diretiva 2009\/128\/CE) imp\u00f5e limites \u00e0 aplica\u00e7\u00e3o destes produtos em espa\u00e7o urbano e aponta para que s\u00f3 haja aplica\u00e7\u00e3o de herbicidas quando n\u00e3o existam alternativas vi\u00e1veis.<\/p>\n<p>O Munic\u00edpio da Nazar\u00e9 decidiu abandonar o uso de herbicidas e, em particular do glifosato, nas \u00e1reas da sua responsabilidade, quer diretamente quer atrav\u00e9s de empresas concession\u00e1rias, tendo em vista contribuir ativamente para um melhor ambiente no seu territ\u00f3rio e para a prote\u00e7\u00e3o da sa\u00fade e da qualidade de vida dos seus habitantes.<\/p>\n<p><strong>\u00a0 \u00a0 Fonte: SM|GCI|CMN<\/strong><\/p>\n","protected":false},"excerpt":{"rendered":"<p>A C\u00e2mara da Nazar\u00e9 anunciou a sua ades\u00e3o \u00e0s Autarquias sem Glifosato\/Herbicidas com a aprova\u00e7\u00e3o, em reuni\u00e3o de C\u00e2mara, da proposta nesse sentido, e que ser\u00e1 enviada \u00e0 pr\u00f3xima Assembleia Municipal para tomada de conhecimento dos eleitos. Desde 2020 que o Munic\u00edpio tem vindo a optar pela monda t\u00e9rmica e mec\u00e2nica, em alternativa \u00e0 aplica\u00e7\u00e3o [&hellip;]<\/p>\n","protected":false},"author":2,"featured_media":4006,"comment_status":"open","ping_status":"open","sticky":false,"template":"","format":"standard","meta":{"footnotes":""},"categories":[9],"tags":[],"class_list":["post-4003","post","type-post","status-publish","format-standard","has-post-thumbnail","hentry","category-ambiente"],"_links":{"self":[{"href":"https:\/\/tintafresca.net\/index.php\/wp-json\/wp\/v2\/posts\/4003","targetHints":{"allow":["GET"]}}],"collection":[{"href":"https:\/\/tintafresca.net\/index.php\/wp-json\/wp\/v2\/posts"}],"about":[{"href":"https:\/\/tintafresca.net\/index.php\/wp-json\/wp\/v2\/types\/post"}],"author":[{"embeddable":true,"href":"https:\/\/tintafresca.net\/index.php\/wp-json\/wp\/v2\/users\/2"}],"replies":[{"embeddable":true,"href":"https:\/\/tintafresca.net\/index.php\/wp-json\/wp\/v2\/comments?post=4003"}],"version-history":[{"count":2,"href":"https:\/\/tintafresca.net\/index.php\/wp-json\/wp\/v2\/posts\/4003\/revisions"}],"predecessor-version":[{"id":4007,"href":"https:\/\/tintafresca.net\/index.php\/wp-json\/wp\/v2\/posts\/4003\/revisions\/4007"}],"wp:featuredmedia":[{"embeddable":true,"href":"https:\/\/tintafresca.net\/index.php\/wp-json\/wp\/v2\/media\/4006"}],"wp:attachment":[{"href":"https:\/\/tintafresca.net\/index.php\/wp-json\/wp\/v2\/media?parent=4003"}],"wp:term":[{"taxonomy":"category","embeddable":true,"href":"https:\/\/tintafresca.net\/index.php\/wp-json\/wp\/v2\/categories?post=4003"},{"taxonomy":"post_tag","embeddable":true,"href":"https:\/\/tintafresca.net\/index.php\/wp-json\/wp\/v2\/tags?post=4003"}],"curies":[{"name":"wp","href":"https:\/\/api.w.org\/{rel}","templated":true}]}}