{"id":40078,"date":"2025-05-16T23:08:21","date_gmt":"2025-05-16T23:08:21","guid":{"rendered":"https:\/\/tintafresca.net\/?p=40078"},"modified":"2025-05-16T23:10:39","modified_gmt":"2025-05-16T23:10:39","slug":"centro-de-saude-de-caldas-da-rainha-muda-provisoriamente-de-instalacoes","status":"publish","type":"post","link":"https:\/\/tintafresca.net\/index.php\/2025\/05\/16\/centro-de-saude-de-caldas-da-rainha-muda-provisoriamente-de-instalacoes\/","title":{"rendered":"Centro de Sa\u00fade de Caldas da Rainha muda provisoriamente de instala\u00e7\u00f5es"},"content":{"rendered":"<div id=\"attachment_40080\" style=\"width: 510px\" class=\"wp-caption alignleft\"><img loading=\"lazy\" decoding=\"async\" aria-describedby=\"caption-attachment-40080\" class=\"wp-image-40080 size-full\" src=\"https:\/\/tintafresca.net\/wp-content\/uploads\/2025\/05\/Caldas_Centro_Saude10.jpg\" alt=\"\" width=\"500\" height=\"281\" srcset=\"https:\/\/tintafresca.net\/wp-content\/uploads\/2025\/05\/Caldas_Centro_Saude10.jpg 500w, https:\/\/tintafresca.net\/wp-content\/uploads\/2025\/05\/Caldas_Centro_Saude10-300x169.jpg 300w\" sizes=\"auto, (max-width: 500px) 100vw, 500px\" \/><p id=\"caption-attachment-40080\" class=\"wp-caption-text\">Centro de Sa\u00fade de Caldas da Rainha vai iniciar obras<\/p><\/div>\n<p>A Unidade Local de Sa\u00fade do Oeste informa que, a partir de sexta-feira, 16 de maio, o Centro de Sa\u00fade de Caldas da Rainha ir\u00e1 funcionar provisoriamente no Edif\u00edcio Ramalho Ortig\u00e3o, enquanto estiverem em curso os trabalhos de reabilita\u00e7\u00e3o do atual edif\u00edcio.<\/p>\n<p>O Edif\u00edcio Ramalho Ortig\u00e3o situa-se na Rua Mestre Mateus Fernandes, nas antigas instala\u00e7\u00f5es do Externato Ramalho Ortig\u00e3o e Universidade Cat\u00f3lica, em Caldas da Rainha.<\/p>\n<p>O Conselho de Administra\u00e7\u00e3o da Unidade Local de Sa\u00fade do Oeste agradece antecipadamente a compreens\u00e3o da popula\u00e7\u00e3o utente e dos profissionais no \u00e2mbito da altera\u00e7\u00e3o provis\u00f3ria das instala\u00e7\u00f5es.<\/p>\n<p>Recorda-se que as obras de reabilita\u00e7\u00e3o do Centro de Sa\u00fade de Caldas da Rainha ir\u00e3o contribuir significativamente para melhorar a qualidade do acolhimento, do conforto e do atendimento aos Utentes, e as condi\u00e7\u00f5es de trabalho dos profissionais que diariamente exercem as suas fun\u00e7\u00f5es nesta Unidade de Sa\u00fade.<\/p>\n<p>A Unidade Local de Sa\u00fade do Oeste agrega numa \u00fanica entidade o Centro Hospitalar do Oeste, o Agrupamento de Centros de Sa\u00fade do Oeste Norte e o Agrupamento de Centros de Sa\u00fade do Oeste Sul. A ULS do Oeste iniciou o seu funcionamento em 1 de janeiro de 2024 e integra os concelhos de Caldas da Rainha, \u00d3bidos, Bombarral, Peniche (ACES Oeste Norte), Lourinh\u00e3, Cadaval, Torres Vedras, Sobral Monte Agra\u00e7o (ACES Oeste Sul).<\/p>\n<p><strong>\u00a0 \u00a0 \u00a0Fonte: CIC|DC|CMCR<\/strong><\/p>\n","protected":false},"excerpt":{"rendered":"<p>A Unidade Local de Sa\u00fade do Oeste informa que, a partir de sexta-feira, 16 de maio, o Centro de Sa\u00fade de Caldas da Rainha ir\u00e1 funcionar provisoriamente no Edif\u00edcio Ramalho Ortig\u00e3o, enquanto estiverem em curso os trabalhos de reabilita\u00e7\u00e3o do atual edif\u00edcio. O Edif\u00edcio Ramalho Ortig\u00e3o situa-se na Rua Mestre Mateus Fernandes, nas antigas instala\u00e7\u00f5es [&hellip;]<\/p>\n","protected":false},"author":2,"featured_media":40081,"comment_status":"open","ping_status":"open","sticky":false,"template":"","format":"standard","meta":{"footnotes":""},"categories":[6],"tags":[],"class_list":["post-40078","post","type-post","status-publish","format-standard","has-post-thumbnail","hentry","category-saude"],"_links":{"self":[{"href":"https:\/\/tintafresca.net\/index.php\/wp-json\/wp\/v2\/posts\/40078","targetHints":{"allow":["GET"]}}],"collection":[{"href":"https:\/\/tintafresca.net\/index.php\/wp-json\/wp\/v2\/posts"}],"about":[{"href":"https:\/\/tintafresca.net\/index.php\/wp-json\/wp\/v2\/types\/post"}],"author":[{"embeddable":true,"href":"https:\/\/tintafresca.net\/index.php\/wp-json\/wp\/v2\/users\/2"}],"replies":[{"embeddable":true,"href":"https:\/\/tintafresca.net\/index.php\/wp-json\/wp\/v2\/comments?post=40078"}],"version-history":[{"count":2,"href":"https:\/\/tintafresca.net\/index.php\/wp-json\/wp\/v2\/posts\/40078\/revisions"}],"predecessor-version":[{"id":40082,"href":"https:\/\/tintafresca.net\/index.php\/wp-json\/wp\/v2\/posts\/40078\/revisions\/40082"}],"wp:featuredmedia":[{"embeddable":true,"href":"https:\/\/tintafresca.net\/index.php\/wp-json\/wp\/v2\/media\/40081"}],"wp:attachment":[{"href":"https:\/\/tintafresca.net\/index.php\/wp-json\/wp\/v2\/media?parent=40078"}],"wp:term":[{"taxonomy":"category","embeddable":true,"href":"https:\/\/tintafresca.net\/index.php\/wp-json\/wp\/v2\/categories?post=40078"},{"taxonomy":"post_tag","embeddable":true,"href":"https:\/\/tintafresca.net\/index.php\/wp-json\/wp\/v2\/tags?post=40078"}],"curies":[{"name":"wp","href":"https:\/\/api.w.org\/{rel}","templated":true}]}}