{"id":40139,"date":"2025-05-22T22:18:45","date_gmt":"2025-05-22T22:18:45","guid":{"rendered":"https:\/\/tintafresca.net\/?p=40139"},"modified":"2025-05-22T22:19:46","modified_gmt":"2025-05-22T22:19:46","slug":"percurso-da-fornea-no-concelho-de-porto-de-mos-recebe-certificacao-europeia","status":"publish","type":"post","link":"https:\/\/tintafresca.net\/index.php\/2025\/05\/22\/percurso-da-fornea-no-concelho-de-porto-de-mos-recebe-certificacao-europeia\/","title":{"rendered":"Percurso da F\u00f3rnea no concelho de Porto de M\u00f3s recebe certifica\u00e7\u00e3o europeia"},"content":{"rendered":"<div id=\"attachment_40141\" style=\"width: 510px\" class=\"wp-caption alignleft\"><img loading=\"lazy\" decoding=\"async\" aria-describedby=\"caption-attachment-40141\" class=\"wp-image-40141 size-full\" src=\"https:\/\/tintafresca.net\/wp-content\/uploads\/2025\/05\/PM_Fornea70.jpg\" alt=\"\" width=\"500\" height=\"333\" srcset=\"https:\/\/tintafresca.net\/wp-content\/uploads\/2025\/05\/PM_Fornea70.jpg 500w, https:\/\/tintafresca.net\/wp-content\/uploads\/2025\/05\/PM_Fornea70-300x200.jpg 300w\" sizes=\"auto, (max-width: 500px) 100vw, 500px\" \/><p id=\"caption-attachment-40141\" class=\"wp-caption-text\">Comitiva no PR4 PMS \u2013 Percurso da F\u00f3rnea<\/p><\/div>\n<p>A apresenta\u00e7\u00e3o e entrega da certifica\u00e7\u00e3o Leading Quality Trails \u2013 Best of Europe, atribu\u00edda pela ERA \u2013 European Ramblers Association ao PR4 PMS \u2013 Percurso da F\u00f3rnea, teve lugar esta quinta-feira, dia 22 de maio \u2013 Dia Mundial da Biodiversidade &#8211; no Centro Interpretativo de Atividades de Natureza, em Alvados.<\/p>\n<p>O PR4 PMS \u2013 Percurso da F\u00f3rnea, no Parque Natural das Serras de Aire e Candeeiros, foi o primeiro a receber esta certifica\u00e7\u00e3o em Portugal e na Pen\u00ednsula Ib\u00e9rica e o 13\u00ba na Europa, tendo ficado classificado na categoria \u201cNature Delight\u201d nas suas 2 variantes e num total de 13 km.<\/p>\n<p>A sess\u00e3o contou com as interven\u00e7\u00f5es do presidente da C\u00e2mara Municipal de Porto de M\u00f3s, Jorge Vala, do presidente da Federa\u00e7\u00e3o de Campismo e Montanhismo de Portugal, Paulo Sousa, do chefe de N\u00facleo Sub-regional do Oeste do ICNF, Nuno Gon\u00e7alves e do co-fundador da empresa de consultoria A2Z Outdoor Experts, Pedro Pedrosa e do seu respons\u00e1vel pela gest\u00e3o de percursos, Manuel Franco.<\/p>\n<p>Na sess\u00e3o de abertura, o autarca de Porto de M\u00f3s reiterou a import\u00e2ncia de valorizar a oferta tur\u00edstica do concelho de Porto de M\u00f3s, sobretudo no que diz respeito ao turismo de natureza, tendo em considera\u00e7\u00e3o a integra\u00e7\u00e3o no Parque Natural.<\/p>\n<p>Paulo Sousa, presidente da federa\u00e7\u00e3o e representante em Portugal da European Ramblers Association, mostrou-se satisfeito pela atribui\u00e7\u00e3o do selo de qualidade e dispon\u00edvel para colaborar em futuros processos de certifica\u00e7\u00e3o.<\/p>\n<div id=\"attachment_40142\" style=\"width: 510px\" class=\"wp-caption alignleft\"><img loading=\"lazy\" decoding=\"async\" aria-describedby=\"caption-attachment-40142\" class=\"wp-image-40142 size-full\" src=\"https:\/\/tintafresca.net\/wp-content\/uploads\/2025\/05\/PM_Fornea10.jpg\" alt=\"\" width=\"500\" height=\"333\" srcset=\"https:\/\/tintafresca.net\/wp-content\/uploads\/2025\/05\/PM_Fornea10.jpg 500w, https:\/\/tintafresca.net\/wp-content\/uploads\/2025\/05\/PM_Fornea10-300x200.jpg 300w\" sizes=\"auto, (max-width: 500px) 100vw, 500px\" \/><p id=\"caption-attachment-40142\" class=\"wp-caption-text\">Manuel Franco, Paulo Sousa, Jorge Vala, Nuno Gon\u00e7alves e Pedro Pedrosa<\/p><\/div>\n<p>J\u00e1 Nuno Gon\u00e7alves, do ICNF, enalteceu a capacidade do munic\u00edpio em compatibilizar os valores de conserva\u00e7\u00e3o da natureza com os interesses tur\u00edsticos da regi\u00e3o, como prova a atribui\u00e7\u00e3o desta certifica\u00e7\u00e3o.<\/p>\n<p>No decorrer da apresenta\u00e7\u00e3o da rede de oferta outdoor em Porto de M\u00f3s, Pedro Pedrosa referiu que para al\u00e9m da rede de percursos pedestres, esta integra 15 percursos de BTT, 18 geoss\u00edtios, 2 rotas de peregrina\u00e7\u00e3o, 10 percursos equestres, 3 locais de voo e 11 grutas e algares (visit\u00e1veis), antecipando que com este conjunto de oferta, o territ\u00f3rio re\u00fane condi\u00e7\u00f5es para se candidatar a geoparque.<\/p>\n<p>Estes percursos est\u00e3o, ainda, dispon\u00edveis para 60 milh\u00f5es de pessoas, atrav\u00e9s da plataforma Responsible Trails, integrada no site visite.portodemos.pt, via web e mobile.<\/p>\n<p>Manuel Franco, que acompanhou de perto o processo de certifica\u00e7\u00e3o, explicou que a o selo atribu\u00eddo procura a especializa\u00e7\u00e3o como garantia de qualidade da experi\u00eancia, portanto os \u201cquality day walks\u201d possuem sempre um foco tem\u00e1tico, sendo que cada foco \u00e9 baseado nos interesses e desejos de um grupo- alvo definido. Ao PR4 foi, assim, atribu\u00edda a categoria \u201cNature Delight\u201d, que pretende \u201cproporcionar uma experi\u00eancia ativa na natureza\u201d.<\/p>\n<p>A certifica\u00e7\u00e3o LQT \u2013 Best of Europe, a mais prestigiada a n\u00edvel europeu no que se refere a trilhos pedestres, reconhece percursos que se destacam pelo cumprimento de elevados padr\u00f5es de qualidade, obedecendo a 7 categorias distintas e a 23 crit\u00e9rios diferentes.<\/p>\n<p>Este reconhecimento reflete o compromisso do Munic\u00edpio de Porto de M\u00f3s com a gest\u00e3o sustent\u00e1vel do territ\u00f3rio, a promo\u00e7\u00e3o de um turismo respons\u00e1vel e a oferta de experi\u00eancias \u00fanicas e seguras aos utilizadores.<\/p>\n<p><strong>Um reconhecimento com impacto local e internacional<\/strong><\/p>\n<div id=\"attachment_40143\" style=\"width: 510px\" class=\"wp-caption alignleft\"><img loading=\"lazy\" decoding=\"async\" aria-describedby=\"caption-attachment-40143\" class=\"wp-image-40143 size-full\" src=\"https:\/\/tintafresca.net\/wp-content\/uploads\/2025\/05\/PM_Fornea30.jpg\" alt=\"\" width=\"500\" height=\"333\" srcset=\"https:\/\/tintafresca.net\/wp-content\/uploads\/2025\/05\/PM_Fornea30.jpg 500w, https:\/\/tintafresca.net\/wp-content\/uploads\/2025\/05\/PM_Fornea30-300x200.jpg 300w\" sizes=\"auto, (max-width: 500px) 100vw, 500px\" \/><p id=\"caption-attachment-40143\" class=\"wp-caption-text\">F\u00f3rnea<\/p><\/div>\n<p>Este galard\u00e3o representa:<\/p>\n<p>Valoriza\u00e7\u00e3o do patrim\u00f3nio natural e cultural, garantindo a prote\u00e7\u00e3o dos recursos naturais e a divulga\u00e7\u00e3o dos marcos culturais locais;<\/p>\n<p>Promo\u00e7\u00e3o do desenvolvimento sustent\u00e1vel, atrav\u00e9s da ado\u00e7\u00e3o de crit\u00e9rios rigorosos de qualidade, envolvendo comunidades locais e promovendo um turismo consciente;<\/p>\n<p>Integra\u00e7\u00e3o numa rede europeia de excel\u00eancia, permitindo o interc\u00e2mbio de boas pr\u00e1ticas e aumentando a visibilidade internacional do territ\u00f3rio.<\/p>\n<p>Com esta certifica\u00e7\u00e3o, o Munic\u00edpio de Porto de M\u00f3s refor\u00e7a a sua posi\u00e7\u00e3o como destino de natureza de excel\u00eancia em Portugal, alcan\u00e7ando:<\/p>\n<p>Reconhecimento internacional pela qualidade e sustentabilidade do percurso;<\/p>\n<p>Maior atratividade tur\u00edstica, com impactos econ\u00f3micos positivos para a regi\u00e3o;<\/p>\n<p>Compromisso com a gest\u00e3o eficaz e sustent\u00e1vel do territ\u00f3rio;<\/p>\n<p>Promo\u00e7\u00e3o da coopera\u00e7\u00e3o e di\u00e1logo com outras regi\u00f5es europeias em mat\u00e9ria de pol\u00edticas p\u00fablicas de turismo sustent\u00e1vel.<\/p>\n<p>A certifica\u00e7\u00e3o tem validade bi-anual, sendo sujeita a avalia\u00e7\u00e3o regular para manuten\u00e7\u00e3o dos seus exigentes crit\u00e9rios.<\/p>\n<p><strong>Sobre o PR4 PMS \u2013 Percurso da F\u00f3rnea<\/strong><\/p>\n<p>Trata-se de um percurso circular com 13,2 km de extens\u00e3o, com in\u00edcio e fim na localidade de Alcaria, e que se desenvolve na encosta do vale glaciar da F\u00f3rnea, um dos mais emblem\u00e1ticos locais do Parque Natural das Serras de Aire e Candeeiros. Este trilho oferece uma vista panor\u00e2mica de rara beleza, atravessando locais de elevado valor geol\u00f3gico e paisag\u00edstico.<\/p>\n<p>O percurso inclui ainda duas variantes:<\/p>\n<p>PR4.1 \u2013 Variante que permite a visita \u00e0 Cova da Velha, \u00e0 cascata sazonal e \u00e0 nascente a meia encosta da F\u00f3rnea.<\/p>\n<p>PR4.2 \u2013 Ramal de acesso direto ao alto da F\u00f3rnea, com entrada pela localidade de Ch\u00e3o de Pias.<\/p>\n<p>Este \u00e9 o primeiro percurso pedestre em Portugal a receber esta distin\u00e7\u00e3o europeia, colocando Porto de M\u00f3s no mapa dos melhores trilhos pedestres da Europa.<\/p>\n<p><strong>Fonte: PA|GC|CMPM<\/strong><\/p>\n","protected":false},"excerpt":{"rendered":"<p>A apresenta\u00e7\u00e3o e entrega da certifica\u00e7\u00e3o Leading Quality Trails \u2013 Best of Europe, atribu\u00edda pela ERA \u2013 European Ramblers Association ao PR4 PMS \u2013 Percurso da F\u00f3rnea, teve lugar esta quinta-feira, dia 22 de maio \u2013 Dia Mundial da Biodiversidade &#8211; no Centro Interpretativo de Atividades de Natureza, em Alvados. O PR4 PMS \u2013 Percurso [&hellip;]<\/p>\n","protected":false},"author":2,"featured_media":40144,"comment_status":"open","ping_status":"open","sticky":false,"template":"","format":"standard","meta":{"footnotes":""},"categories":[9],"tags":[],"class_list":["post-40139","post","type-post","status-publish","format-standard","has-post-thumbnail","hentry","category-ambiente"],"_links":{"self":[{"href":"https:\/\/tintafresca.net\/index.php\/wp-json\/wp\/v2\/posts\/40139","targetHints":{"allow":["GET"]}}],"collection":[{"href":"https:\/\/tintafresca.net\/index.php\/wp-json\/wp\/v2\/posts"}],"about":[{"href":"https:\/\/tintafresca.net\/index.php\/wp-json\/wp\/v2\/types\/post"}],"author":[{"embeddable":true,"href":"https:\/\/tintafresca.net\/index.php\/wp-json\/wp\/v2\/users\/2"}],"replies":[{"embeddable":true,"href":"https:\/\/tintafresca.net\/index.php\/wp-json\/wp\/v2\/comments?post=40139"}],"version-history":[{"count":3,"href":"https:\/\/tintafresca.net\/index.php\/wp-json\/wp\/v2\/posts\/40139\/revisions"}],"predecessor-version":[{"id":40146,"href":"https:\/\/tintafresca.net\/index.php\/wp-json\/wp\/v2\/posts\/40139\/revisions\/40146"}],"wp:featuredmedia":[{"embeddable":true,"href":"https:\/\/tintafresca.net\/index.php\/wp-json\/wp\/v2\/media\/40144"}],"wp:attachment":[{"href":"https:\/\/tintafresca.net\/index.php\/wp-json\/wp\/v2\/media?parent=40139"}],"wp:term":[{"taxonomy":"category","embeddable":true,"href":"https:\/\/tintafresca.net\/index.php\/wp-json\/wp\/v2\/categories?post=40139"},{"taxonomy":"post_tag","embeddable":true,"href":"https:\/\/tintafresca.net\/index.php\/wp-json\/wp\/v2\/tags?post=40139"}],"curies":[{"name":"wp","href":"https:\/\/api.w.org\/{rel}","templated":true}]}}