{"id":40160,"date":"2025-05-23T23:46:54","date_gmt":"2025-05-23T23:46:54","guid":{"rendered":"https:\/\/tintafresca.net\/?p=40160"},"modified":"2025-05-23T23:49:12","modified_gmt":"2025-05-23T23:49:12","slug":"icnf-reabre-caca-a-rola-brava-mas-coligacao-c7-alerta-para-risco-de-retrocesso","status":"publish","type":"post","link":"https:\/\/tintafresca.net\/index.php\/2025\/05\/23\/icnf-reabre-caca-a-rola-brava-mas-coligacao-c7-alerta-para-risco-de-retrocesso\/","title":{"rendered":"ICNF reabre ca\u00e7a \u00e0 rola-brava mas Coliga\u00e7\u00e3o C7 alerta para risco de retrocesso"},"content":{"rendered":"<div id=\"attachment_40162\" style=\"width: 510px\" class=\"wp-caption alignleft\"><img loading=\"lazy\" decoding=\"async\" aria-describedby=\"caption-attachment-40162\" class=\"wp-image-40162\" src=\"https:\/\/tintafresca.net\/wp-content\/uploads\/2025\/05\/Rola_Streptopelia-turtur_PacoGomezCCBYSA20.jpg\" alt=\"\" width=\"500\" height=\"334\" srcset=\"https:\/\/tintafresca.net\/wp-content\/uploads\/2025\/05\/Rola_Streptopelia-turtur_PacoGomezCCBYSA20.jpg 1000w, https:\/\/tintafresca.net\/wp-content\/uploads\/2025\/05\/Rola_Streptopelia-turtur_PacoGomezCCBYSA20-300x200.jpg 300w, https:\/\/tintafresca.net\/wp-content\/uploads\/2025\/05\/Rola_Streptopelia-turtur_PacoGomezCCBYSA20-768x512.jpg 768w\" sizes=\"auto, (max-width: 500px) 100vw, 500px\" \/><p id=\"caption-attachment-40162\" class=\"wp-caption-text\">Rola brava<\/p><\/div>\n<p>O Instituto da Conserva\u00e7\u00e3o da Natureza e das Florestas (ICNF) anunciou a reabertura da ca\u00e7a \u00e0 rola-brava j\u00e1 na \u00e9poca venat\u00f3ria de 2025\/2026, antecipando em um ano o previsto na Portaria n.\u00ba 67\/2024, de 22 de fevereiro. Esta altera\u00e7\u00e3o suscita s\u00e9rias reservas, uma vez que Portugal ainda n\u00e3o disp\u00f5e de um sistema nacional cred\u00edvel de regulamenta\u00e7\u00e3o, controlo e fiscaliza\u00e7\u00e3o espec\u00edficos para a esp\u00e9cie, condi\u00e7\u00e3o exigida pelos crit\u00e9rios europeus para retomar a ca\u00e7a desta esp\u00e9cie.<\/p>\n<p>Apesar de dois dos tr\u00eas crit\u00e9rios fixados a n\u00edvel da Europa Ocidental estarem cumpridos \u2014 a tend\u00eancia populacional positiva na \u00faltima d\u00e9cada e a melhoria da taxa de sobreviv\u00eancia \u2014 a rola-brava mant\u00e9m-se no nosso pa\u00eds classificada como \u201cQuase Amea\u00e7ada\u201d (Lista Vermelha das Aves de Portugal Continental 2022), agravamento face ao estatuto de \u201cPouco Preocupante\u201d atribu\u00eddo em 2005. D\u00e9cadas de decl\u00ednio imp\u00f5em a necessidade de refor\u00e7ar a monitoriza\u00e7\u00e3o cient\u00edfica, garantindo a recolha sistem\u00e1tica de dados que permitam avaliar a sua abund\u00e2ncia, tend\u00eancia populacional e sucesso reprodutivo no territ\u00f3rio nacional, antes de permitir nova press\u00e3o cineg\u00e9tica.<\/p>\n<p>A morat\u00f3ria que esteve em vigor na Europa Ocidental, entre 2021 e 2025, para a ca\u00e7a \u00e0 rola demonstrou a efic\u00e1cia na recupera\u00e7\u00e3o das popula\u00e7\u00f5es, refor\u00e7ando a import\u00e2ncia de uma a\u00e7\u00e3o concertada entre os pa\u00edses do corredor migrat\u00f3rio \u2014 em particular Espanha, Fran\u00e7a e Portugal. A decis\u00e3o de se terminar a morat\u00f3ria em Espanha e Fran\u00e7a, juntamente com a press\u00e3o do setor cineg\u00e9tico, n\u00e3o deveriam apressar a decis\u00e3o do ICNF de a revogar tamb\u00e9m em Portugal.<\/p>\n<p>Hany Alonso, T\u00e9cnico S\u00e9nior de Ci\u00eancia da SPEA, afirma em nome da C7 que \u201ca reabertura apressada aponta para um retrocesso no combate \u00e0 perda de biodiversidade: desistir da mitiga\u00e7\u00e3o da mortalidade n\u00e3o-natural (sobretudo por via da morat\u00f3ria cineg\u00e9tica) fragiliza os progressos alcan\u00e7ados e exp\u00f5e a rola-brava ao risco de novo decl\u00ednio, podendo obrigar a futuras morat\u00f3rias mais prolongadas\u201d.<\/p>\n<p>A Coliga\u00e7\u00e3o C7 recomenda que o ICNF e o Minist\u00e9rio do Ambiente reconsidere esta decis\u00e3o e adote, de imediato, um plano nacional de monitoriza\u00e7\u00e3o robusto (das popula\u00e7\u00f5es de rola e da atividade cineg\u00e9tica dirigida \u00e0 rola-brava), defina quotas, zonas e per\u00edodos de ca\u00e7a restritos, e estabele\u00e7a mecanismos de fiscaliza\u00e7\u00e3o eficazes. Al\u00e9m disso, prop\u00f5e refor\u00e7ar a coordena\u00e7\u00e3o internacional junto das autoridades dos pa\u00edses do corredor migrat\u00f3rio ocidental, assegurando uma abordagem integrada e sustent\u00e1vel. S\u00f3 assim ser\u00e1 poss\u00edvel garantir que quando a ca\u00e7a seja retomada, se fa\u00e7a sem comprometer a consolida\u00e7\u00e3o da recupera\u00e7\u00e3o populacional da rola-brava.<\/p>\n<p>A Coliga\u00e7\u00e3o C7 \u00e9 composta pelas seguintes ONGA:<\/p>\n<p>FAPAS \u2013 Associa\u00e7\u00e3o Portuguesa para a Conserva\u00e7\u00e3o da Biodiversidade<\/p>\n<p>GEOTA \u2013 Grupo de Estudos de Ordenamento do Territ\u00f3rio e Ambiente<\/p>\n<p>LPN \u2013 Liga para a Protec\u00e7\u00e3o da Natureza<\/p>\n<p>Quercus \u2013 Associa\u00e7\u00e3o Nacional de Conserva\u00e7\u00e3o da Natureza<\/p>\n<p>SPEA \u2013 Sociedade Portuguesa para o Estudo das Aves<\/p>\n<p>WWF \u2013 World Wide Fund for Nature<\/p>\n<p>ZERO &#8211; Associa\u00e7\u00e3o Sistema Terrestre Sustent\u00e1vel<\/p>\n<p><strong>\u00a0 \u00a0 \u00a0Fonte: SPEA<\/strong><\/p>\n","protected":false},"excerpt":{"rendered":"<p>O Instituto da Conserva\u00e7\u00e3o da Natureza e das Florestas (ICNF) anunciou a reabertura da ca\u00e7a \u00e0 rola-brava j\u00e1 na \u00e9poca venat\u00f3ria de 2025\/2026, antecipando em um ano o previsto na Portaria n.\u00ba 67\/2024, de 22 de fevereiro. Esta altera\u00e7\u00e3o suscita s\u00e9rias reservas, uma vez que Portugal ainda n\u00e3o disp\u00f5e de um sistema nacional cred\u00edvel de [&hellip;]<\/p>\n","protected":false},"author":2,"featured_media":40163,"comment_status":"open","ping_status":"open","sticky":false,"template":"","format":"standard","meta":{"footnotes":""},"categories":[9],"tags":[],"class_list":["post-40160","post","type-post","status-publish","format-standard","has-post-thumbnail","hentry","category-ambiente"],"_links":{"self":[{"href":"https:\/\/tintafresca.net\/index.php\/wp-json\/wp\/v2\/posts\/40160","targetHints":{"allow":["GET"]}}],"collection":[{"href":"https:\/\/tintafresca.net\/index.php\/wp-json\/wp\/v2\/posts"}],"about":[{"href":"https:\/\/tintafresca.net\/index.php\/wp-json\/wp\/v2\/types\/post"}],"author":[{"embeddable":true,"href":"https:\/\/tintafresca.net\/index.php\/wp-json\/wp\/v2\/users\/2"}],"replies":[{"embeddable":true,"href":"https:\/\/tintafresca.net\/index.php\/wp-json\/wp\/v2\/comments?post=40160"}],"version-history":[{"count":4,"href":"https:\/\/tintafresca.net\/index.php\/wp-json\/wp\/v2\/posts\/40160\/revisions"}],"predecessor-version":[{"id":40166,"href":"https:\/\/tintafresca.net\/index.php\/wp-json\/wp\/v2\/posts\/40160\/revisions\/40166"}],"wp:featuredmedia":[{"embeddable":true,"href":"https:\/\/tintafresca.net\/index.php\/wp-json\/wp\/v2\/media\/40163"}],"wp:attachment":[{"href":"https:\/\/tintafresca.net\/index.php\/wp-json\/wp\/v2\/media?parent=40160"}],"wp:term":[{"taxonomy":"category","embeddable":true,"href":"https:\/\/tintafresca.net\/index.php\/wp-json\/wp\/v2\/categories?post=40160"},{"taxonomy":"post_tag","embeddable":true,"href":"https:\/\/tintafresca.net\/index.php\/wp-json\/wp\/v2\/tags?post=40160"}],"curies":[{"name":"wp","href":"https:\/\/api.w.org\/{rel}","templated":true}]}}