{"id":4026,"date":"2021-05-12T17:26:16","date_gmt":"2021-05-12T17:26:16","guid":{"rendered":"https:\/\/tintafresca.net\/?p=4026"},"modified":"2021-05-12T17:31:02","modified_gmt":"2021-05-12T17:31:02","slug":"camara-municipal-da-batalha-investe-40-mil-euros-na-limpeza-florestal-e-prevencao-dos-fogos","status":"publish","type":"post","link":"https:\/\/tintafresca.net\/index.php\/2021\/05\/12\/camara-municipal-da-batalha-investe-40-mil-euros-na-limpeza-florestal-e-prevencao-dos-fogos\/","title":{"rendered":"C\u00e2mara Municipal da Batalha investe 40 mil euros na limpeza florestal e preven\u00e7\u00e3o dos fogos"},"content":{"rendered":"<div id=\"attachment_4028\" style=\"width: 510px\" class=\"wp-caption alignleft\"><img loading=\"lazy\" decoding=\"async\" aria-describedby=\"caption-attachment-4028\" class=\"wp-image-4028 size-full\" src=\"https:\/\/tintafresca.net\/wp-content\/uploads\/2021\/05\/Batalha_Floresta_serra10.jpg\" alt=\"\" width=\"500\" height=\"313\" \/><p id=\"caption-attachment-4028\" class=\"wp-caption-text\">Espa\u00e7os florestais definidos no Plano Municipal de Defesa da Floresta contra Inc\u00eandios abrange uma \u00e1rea de 23,6 ha<\/p><\/div>\n<p>A autarquia da Batalha lan\u00e7ou um concurso para a gest\u00e3o de combust\u00edvel junto da rede vi\u00e1ria municipal, nos espa\u00e7os florestais previamente definidos no Plano Municipal de Defesa da Floresta contra Inc\u00eandios, numa \u00e1rea de 23,6 ha, como medida preventiva dos fogos florestais e assegurando o cumprimento das faixas de gest\u00e3o de combust\u00edveis.<\/p>\n<p>O presidente da C\u00e2mara da Batalha, Paulo Batista Santos, justifica a ado\u00e7\u00e3o da medida \u201ccom a necessidade de prevenir o risco de inc\u00eandios floresta e apoiar os cidad\u00e3os a cumprir voluntariamente as opera\u00e7\u00f5es de limpeza florestal, sobretudo a popula\u00e7\u00e3o mais idosa\u201d.<\/p>\n<p>&#8220;Nos termos da legisla\u00e7\u00e3o em vigor, o prazo de cumprimento volunt\u00e1rio termina esta semana, pelo que \u00e9 importante assegurar que a gest\u00e3o de combust\u00edveis \u00e9 realizada nos locais de maior risco de inc\u00eandio. Nos \u00faltimos anos, investimos mais de 150 mil euros em opera\u00e7\u00f5es de limpeza da floresta e caminhos nas 4 freguesias do Concelho\u201d, real\u00e7a o autarca.<\/p>\n<p>Recorde-se que nos termos da legisla\u00e7\u00e3o em vigor, at\u00e9 15 de maio de 2021, os propriet\u00e1rios, arrendat\u00e1rios, usufrutu\u00e1rios ou entidades que, a qualquer t\u00edtulo, detenham terrenos confinantes a edif\u00edcios inseridos em espa\u00e7os rurais, s\u00e3o obrigados a garantir a realiza\u00e7\u00e3o dos trabalhos de gest\u00e3o de combust\u00edvel.<\/p>\n<p>Neste particular a principal preocupa\u00e7\u00e3o s\u00e3o os terrenos dos baldios do Reguengo do Fetal e de S\u00e3o Mamede, sendo que no caso de S\u00e3o Mamede foi solicitada a interven\u00e7\u00e3o do Instituto da Conserva\u00e7\u00e3o da Natureza e das Florestas para a realiza\u00e7\u00e3o das faixas de gest\u00e3o de combust\u00edveis, bem assim iremos dar prioridade \u00e0 realiza\u00e7\u00e3o das faixas florestais com maior proximidade \u00e0s habita\u00e7\u00f5es.<\/p>\n<p>Para o autarca, \u201co desafio da preven\u00e7\u00e3o dos fogos florestais tem de ser uma tarefa de todos e compreendida pela Comunidade, raz\u00e3o que justifica o refor\u00e7o das a\u00e7\u00f5es de sensibiliza\u00e7\u00e3o e de interven\u00e7\u00e3o no terreno\u201d.<\/p>\n<p><strong>\u00a0 \u00a0Fonte: MB<\/strong><\/p>\n","protected":false},"excerpt":{"rendered":"<p>A autarquia da Batalha lan\u00e7ou um concurso para a gest\u00e3o de combust\u00edvel junto da rede vi\u00e1ria municipal, nos espa\u00e7os florestais previamente definidos no Plano Municipal de Defesa da Floresta contra Inc\u00eandios, numa \u00e1rea de 23,6 ha, como medida preventiva dos fogos florestais e assegurando o cumprimento das faixas de gest\u00e3o de combust\u00edveis. O presidente da [&hellip;]<\/p>\n","protected":false},"author":2,"featured_media":4029,"comment_status":"open","ping_status":"open","sticky":false,"template":"","format":"standard","meta":{"footnotes":""},"categories":[9],"tags":[],"class_list":["post-4026","post","type-post","status-publish","format-standard","has-post-thumbnail","hentry","category-ambiente"],"_links":{"self":[{"href":"https:\/\/tintafresca.net\/index.php\/wp-json\/wp\/v2\/posts\/4026","targetHints":{"allow":["GET"]}}],"collection":[{"href":"https:\/\/tintafresca.net\/index.php\/wp-json\/wp\/v2\/posts"}],"about":[{"href":"https:\/\/tintafresca.net\/index.php\/wp-json\/wp\/v2\/types\/post"}],"author":[{"embeddable":true,"href":"https:\/\/tintafresca.net\/index.php\/wp-json\/wp\/v2\/users\/2"}],"replies":[{"embeddable":true,"href":"https:\/\/tintafresca.net\/index.php\/wp-json\/wp\/v2\/comments?post=4026"}],"version-history":[{"count":2,"href":"https:\/\/tintafresca.net\/index.php\/wp-json\/wp\/v2\/posts\/4026\/revisions"}],"predecessor-version":[{"id":4030,"href":"https:\/\/tintafresca.net\/index.php\/wp-json\/wp\/v2\/posts\/4026\/revisions\/4030"}],"wp:featuredmedia":[{"embeddable":true,"href":"https:\/\/tintafresca.net\/index.php\/wp-json\/wp\/v2\/media\/4029"}],"wp:attachment":[{"href":"https:\/\/tintafresca.net\/index.php\/wp-json\/wp\/v2\/media?parent=4026"}],"wp:term":[{"taxonomy":"category","embeddable":true,"href":"https:\/\/tintafresca.net\/index.php\/wp-json\/wp\/v2\/categories?post=4026"},{"taxonomy":"post_tag","embeddable":true,"href":"https:\/\/tintafresca.net\/index.php\/wp-json\/wp\/v2\/tags?post=4026"}],"curies":[{"name":"wp","href":"https:\/\/api.w.org\/{rel}","templated":true}]}}