{"id":40297,"date":"2025-06-03T23:21:07","date_gmt":"2025-06-03T23:21:07","guid":{"rendered":"https:\/\/tintafresca.net\/?p=40297"},"modified":"2025-06-03T23:27:36","modified_gmt":"2025-06-03T23:27:36","slug":"praias-de-paredes-da-vitoria-e-de-sao-martinho-mantem-em-2025-a-bandeira-azul","status":"publish","type":"post","link":"https:\/\/tintafresca.net\/index.php\/2025\/06\/03\/praias-de-paredes-da-vitoria-e-de-sao-martinho-mantem-em-2025-a-bandeira-azul\/","title":{"rendered":"Praias de Paredes da Vit\u00f3ria e de S\u00e3o Martinho mant\u00eam em 2025 a Bandeira Azul"},"content":{"rendered":"<div id=\"attachment_40299\" style=\"width: 510px\" class=\"wp-caption alignleft\"><img loading=\"lazy\" decoding=\"async\" aria-describedby=\"caption-attachment-40299\" class=\"wp-image-40299 size-full\" src=\"https:\/\/tintafresca.net\/wp-content\/uploads\/2025\/06\/Sao_Martinho_do_Porto10.jpg\" alt=\"\" width=\"500\" height=\"333\" srcset=\"https:\/\/tintafresca.net\/wp-content\/uploads\/2025\/06\/Sao_Martinho_do_Porto10.jpg 500w, https:\/\/tintafresca.net\/wp-content\/uploads\/2025\/06\/Sao_Martinho_do_Porto10-300x200.jpg 300w\" sizes=\"auto, (max-width: 500px) 100vw, 500px\" \/><p id=\"caption-attachment-40299\" class=\"wp-caption-text\">S\u00e3o Martinho do Porto<\/p><\/div>\n<p>O concelho de Alcoba\u00e7a \u00e9 um destino cada vez mais procurado para o desfrutar de umas merecidas f\u00e9rias. A qualidade da \u00e1gua, as acessibilidades e a garantia de seguran\u00e7a das praias s\u00e3o fatores muito procurados pelas in\u00fameras fam\u00edlias que escolhem o concelho para o seu descanso.<\/p>\n<p>Uma vez mais em 2025, as praias de Paredes da Vit\u00f3ria e de S\u00e3o Martinho ir\u00e3o ostentar com orgulho a Bandeira Azul verdadeiro s\u00edmbolo da qualidade de vida proporcionada nestas praias conceituadas do nosso territ\u00f3rio.<\/p>\n<p>Paredes da Vit\u00f3ria foi tamb\u00e9m contemplada pela ag\u00eancia ambiental QUERCUS com o selo &#8220;Qualidade de Ouro&#8221;, que distingue a qualidade da \u00e1gua balnear das praias portuguesas. Esta distin\u00e7\u00e3o foi tamb\u00e9m novamente atribu\u00edda \u00e0s praias de \u00c1gua de Madeiros, L\u00e9gua, Pedra do Ouro e Polvoeira.<\/p>\n<p>Mais recentemente, a Associa\u00e7\u00e3o ZERO atribuiu mais uma vez a designa\u00e7\u00e3o &#8220;Praia Zero Polui\u00e7\u00e3o&#8221; a \u00c1gua de Madeiros, L\u00e9gua, Pedra do Ouro e Polvoeira, certificando deste modo a n\u00e3o dete\u00e7\u00e3o de contamina\u00e7\u00e3o microbiol\u00f3gica nas an\u00e1lises efetuadas \u00e0s \u00e1guas balneares ao longo das tr\u00eas \u00faltimas \u00e9pocas balneares.<\/p>\n<p>&#8220;S\u00e3o cr\u00e9ditos muito importantes para a nossa vasta orla costeira que tem solu\u00e7\u00f5es para os mais diversos perfis de visitantes, desde os mais aventureiros aos mais familiares. Em 2025, Alcoba\u00e7a est\u00e1 preparada para receber novamente milhares de visitantes nacionais e estrangeiros&#8221;, sublinha o Presidente da C\u00e2mara Municipal de Alcoba\u00e7a Herm\u00ednio Rodrigues.<\/p>\n<p>Consulte em baixo todos os galard\u00f5es obtidos em 2025 pelas praias do concelho e o calend\u00e1rio da \u00e9poca balnear.<\/p>\n<p>BANDEIRA AZUL (ABAE)<\/p>\n<p>&#8211; Paredes da Vit\u00f3ria<br \/>\n&#8211; S\u00e3o Martinho do Porto<\/p>\n<p>PRAIAS QUALIDADE DE OURO 2025 (QUERCUS)<\/p>\n<p>&#8211; \u00c1gua de Madeiros<br \/>\n&#8211; L\u00e9gua<br \/>\n&#8211; Paredes da Vit\u00f3ria<br \/>\n&#8211; Pedra do Ouro<br \/>\n&#8211; Polvoeira<\/p>\n<p>PRAIAS ZERO POLUI\u00c7\u00c3O (Associa\u00e7\u00e3o ZERO)<\/p>\n<p>&#8211; \u00c1gua de Madeiros<br \/>\n&#8211; L\u00e9gua<br \/>\n&#8211; Pedra do Ouro<br \/>\n&#8211; Polvoeira<\/p>\n<p>CALEND\u00c1RIO DA \u00c9POCA BALNEAR NO CONCELHO DE ALCOBA\u00c7A<\/p>\n<p>14 de junho a 14 de setembro<br \/>\nS\u00e3o Martinho do Porto<br \/>\nParedes de Vit\u00f3ria<\/p>\n<p>28 de junho a 31 de agosto<br \/>\nPolvoeira<br \/>\nPedra do Ouro<br \/>\nL\u00e9gua<br \/>\n\u00c1gua de Madeiros<\/p>\n<p><strong>\u00a0 \u00a0 \u00a0Fonte: GRPC|CMA<\/strong><\/p>\n","protected":false},"excerpt":{"rendered":"<p>O concelho de Alcoba\u00e7a \u00e9 um destino cada vez mais procurado para o desfrutar de umas merecidas f\u00e9rias. A qualidade da \u00e1gua, as acessibilidades e a garantia de seguran\u00e7a das praias s\u00e3o fatores muito procurados pelas in\u00fameras fam\u00edlias que escolhem o concelho para o seu descanso. Uma vez mais em 2025, as praias de Paredes [&hellip;]<\/p>\n","protected":false},"author":2,"featured_media":40300,"comment_status":"open","ping_status":"open","sticky":false,"template":"","format":"standard","meta":{"footnotes":""},"categories":[9],"tags":[],"class_list":["post-40297","post","type-post","status-publish","format-standard","has-post-thumbnail","hentry","category-ambiente"],"_links":{"self":[{"href":"https:\/\/tintafresca.net\/index.php\/wp-json\/wp\/v2\/posts\/40297","targetHints":{"allow":["GET"]}}],"collection":[{"href":"https:\/\/tintafresca.net\/index.php\/wp-json\/wp\/v2\/posts"}],"about":[{"href":"https:\/\/tintafresca.net\/index.php\/wp-json\/wp\/v2\/types\/post"}],"author":[{"embeddable":true,"href":"https:\/\/tintafresca.net\/index.php\/wp-json\/wp\/v2\/users\/2"}],"replies":[{"embeddable":true,"href":"https:\/\/tintafresca.net\/index.php\/wp-json\/wp\/v2\/comments?post=40297"}],"version-history":[{"count":5,"href":"https:\/\/tintafresca.net\/index.php\/wp-json\/wp\/v2\/posts\/40297\/revisions"}],"predecessor-version":[{"id":40304,"href":"https:\/\/tintafresca.net\/index.php\/wp-json\/wp\/v2\/posts\/40297\/revisions\/40304"}],"wp:featuredmedia":[{"embeddable":true,"href":"https:\/\/tintafresca.net\/index.php\/wp-json\/wp\/v2\/media\/40300"}],"wp:attachment":[{"href":"https:\/\/tintafresca.net\/index.php\/wp-json\/wp\/v2\/media?parent=40297"}],"wp:term":[{"taxonomy":"category","embeddable":true,"href":"https:\/\/tintafresca.net\/index.php\/wp-json\/wp\/v2\/categories?post=40297"},{"taxonomy":"post_tag","embeddable":true,"href":"https:\/\/tintafresca.net\/index.php\/wp-json\/wp\/v2\/tags?post=40297"}],"curies":[{"name":"wp","href":"https:\/\/api.w.org\/{rel}","templated":true}]}}