{"id":4039,"date":"2021-05-13T12:42:18","date_gmt":"2021-05-13T12:42:18","guid":{"rendered":"https:\/\/tintafresca.net\/?p=4039"},"modified":"2021-05-14T18:45:32","modified_gmt":"2021-05-14T18:45:32","slug":"hospital-termal-mais-antigo-do-mundo-reabre-ao-publico-nas-caldas-da-rainha","status":"publish","type":"post","link":"https:\/\/tintafresca.net\/index.php\/2021\/05\/13\/hospital-termal-mais-antigo-do-mundo-reabre-ao-publico-nas-caldas-da-rainha\/","title":{"rendered":"Hospital Termal mais antigo do mundo reabre ao p\u00fablico nas Caldas da Rainha"},"content":{"rendered":"<div id=\"attachment_4041\" style=\"width: 510px\" class=\"wp-caption alignleft\"><img loading=\"lazy\" decoding=\"async\" aria-describedby=\"caption-attachment-4041\" class=\"wp-image-4041 size-full\" src=\"https:\/\/tintafresca.net\/wp-content\/uploads\/2021\/05\/Hospital-Termal10.jpg\" alt=\"\" width=\"500\" height=\"375\" \/><p id=\"caption-attachment-4041\" class=\"wp-caption-text\">Hospital Termal das Caldas da Rainha<\/p><\/div>\n<p><strong>\u00a0<\/strong>O Hospital Termal Rainha D. Leonor, nas Caldas da Rainha, reabre portas a 15 de maio, dia da cidade e feriado municipal, com o refor\u00e7o dos procedimentos sanit\u00e1rios. Depois de uma suspens\u00e3o de 4 meses, devido \u00e0 pandemia da Covid-19, os tratamentos das vias respirat\u00f3rias voltam a estar dispon\u00edveis naquele que \u00e9 o hospital termal mais antigo do mundo.<\/p>\n<p>A Ala Sul do edif\u00edcio e a Igreja da Nossa Senhora do P\u00f3pulo est\u00e3o em processo de reabilita\u00e7\u00e3o, com um investimento da autarquia no valor de 1,2 milh\u00f5es de euros.<\/p>\n<p>Os tratamentos s\u00e3o comparticipados em 35% pelo Servi\u00e7o Nacional de Sa\u00fade e devem ser requisitados ao respetivo m\u00e9dico de fam\u00edlia.<\/p>\n<p>Os tratamentos das vias respirat\u00f3rias voltam a estar dispon\u00edveis este s\u00e1bado (15), depois de uma suspens\u00e3o de 4 meses, devido \u00e0 pandemia da Covid-19.<\/p>\n<p>De acordo com Tinta Ferreira, presidente da C\u00e2mara Municipal das Caldas da Rainha, \u201cneste contexto de pandemia, a possibilidade de reabrir o Hospital Termal, \u00e9 para os caldenses um fator de \u00e2nimo, que se sente como uma retoma \u00e0 normalidade poss\u00edvel, sempre com a garantia do cumprimento de todas medidas de preven\u00e7\u00e3o \u00e0 Covid-19. Assim, voltamos a poder frequentar o Balne\u00e1rio Novo com quase todos os tratamentos de Otorrinolaringologia.\u201d<\/p>\n<p>De forma a cumprir todas as medidas impostas pela Dire\u00e7\u00e3o-Geral da Sa\u00fade, o n\u00famero de utentes ser\u00e1 limitado, existindo tamb\u00e9m a obrigatoriedade de medi\u00e7\u00e3o da temperatura corporal e a utiliza\u00e7\u00e3o de equipamento de prote\u00e7\u00e3o adequado.<\/p>\n<p>A autarquia avan\u00e7ou com a reabilita\u00e7\u00e3o da Ala Sul do Hospital, num investimento de 700 mil euros, e interven\u00e7\u00e3o na Igreja da Nossa Senhora do P\u00f3pulo, adjacente ao edif\u00edcio, no valor de 500 mil euros. \u201cEsta interven\u00e7\u00e3o nas infraestruturas e equipamentos permitir\u00e1 diversificar a oferta de tratamentos musculoesquel\u00e9ticos, indicados para doen\u00e7as reumatol\u00f3gicas e artrites, com novos duches e massagens, com uma moderniza\u00e7\u00e3o dos servi\u00e7os de bem-estar\u201d, assegura Tinta Ferreira.<\/p>\n<p>Este edif\u00edcio reabre numa altura em que se tem discutido a comparticipa\u00e7\u00e3o dos tratamentos termais. O presidente da autarquia considera que \u201cdevem ter garantia de lei, ao inv\u00e9s de serem aprovadas anualmente, em fun\u00e7\u00e3o do Or\u00e7amento do Estado. Estes tratamentos s\u00e3o fundamentais para os doentes, nomeadamente, na preven\u00e7\u00e3o de complica\u00e7\u00f5es mais graves, n\u00e3o devendo, por isso, a sua comparticipa\u00e7\u00e3o estar sujeita a oscila\u00e7\u00f5es or\u00e7amentais anuais.\u201d Recorde-se que os tratamentos s\u00e3o comparticipados em 35% pelo Servi\u00e7o Nacional de Sa\u00fade e devem ser requisitados ao respetivo m\u00e9dico de fam\u00edlia.<\/p>\n<p>O Hospital Termal das Caldas da Rainha \u00e9 o mais antigo do mundo e foi mandado edificar pela Rainha D. Leonor, estando na origem da cidade.<\/p>\n<p><strong>Fonte: ADBDC<\/strong><\/p>\n","protected":false},"excerpt":{"rendered":"<p>\u00a0O Hospital Termal Rainha D. Leonor, nas Caldas da Rainha, reabre portas a 15 de maio, dia da cidade e feriado municipal, com o refor\u00e7o dos procedimentos sanit\u00e1rios. Depois de uma suspens\u00e3o de 4 meses, devido \u00e0 pandemia da Covid-19, os tratamentos das vias respirat\u00f3rias voltam a estar dispon\u00edveis naquele que \u00e9 o hospital termal [&hellip;]<\/p>\n","protected":false},"author":2,"featured_media":4042,"comment_status":"open","ping_status":"open","sticky":false,"template":"","format":"standard","meta":{"footnotes":""},"categories":[10,6],"tags":[],"class_list":["post-4039","post","type-post","status-publish","format-standard","has-post-thumbnail","hentry","category-patrimonio","category-saude"],"_links":{"self":[{"href":"https:\/\/tintafresca.net\/index.php\/wp-json\/wp\/v2\/posts\/4039","targetHints":{"allow":["GET"]}}],"collection":[{"href":"https:\/\/tintafresca.net\/index.php\/wp-json\/wp\/v2\/posts"}],"about":[{"href":"https:\/\/tintafresca.net\/index.php\/wp-json\/wp\/v2\/types\/post"}],"author":[{"embeddable":true,"href":"https:\/\/tintafresca.net\/index.php\/wp-json\/wp\/v2\/users\/2"}],"replies":[{"embeddable":true,"href":"https:\/\/tintafresca.net\/index.php\/wp-json\/wp\/v2\/comments?post=4039"}],"version-history":[{"count":2,"href":"https:\/\/tintafresca.net\/index.php\/wp-json\/wp\/v2\/posts\/4039\/revisions"}],"predecessor-version":[{"id":4043,"href":"https:\/\/tintafresca.net\/index.php\/wp-json\/wp\/v2\/posts\/4039\/revisions\/4043"}],"wp:featuredmedia":[{"embeddable":true,"href":"https:\/\/tintafresca.net\/index.php\/wp-json\/wp\/v2\/media\/4042"}],"wp:attachment":[{"href":"https:\/\/tintafresca.net\/index.php\/wp-json\/wp\/v2\/media?parent=4039"}],"wp:term":[{"taxonomy":"category","embeddable":true,"href":"https:\/\/tintafresca.net\/index.php\/wp-json\/wp\/v2\/categories?post=4039"},{"taxonomy":"post_tag","embeddable":true,"href":"https:\/\/tintafresca.net\/index.php\/wp-json\/wp\/v2\/tags?post=4039"}],"curies":[{"name":"wp","href":"https:\/\/api.w.org\/{rel}","templated":true}]}}