{"id":40404,"date":"2025-06-12T18:18:57","date_gmt":"2025-06-12T18:18:57","guid":{"rendered":"https:\/\/tintafresca.net\/?p=40404"},"modified":"2025-06-14T00:14:21","modified_gmt":"2025-06-14T00:14:21","slug":"distritos-de-leiria-santarem-e-oeste-aumentam-o-numero-de-praias-com-bandeira-azul-para-42","status":"publish","type":"post","link":"https:\/\/tintafresca.net\/index.php\/2025\/06\/12\/distritos-de-leiria-santarem-e-oeste-aumentam-o-numero-de-praias-com-bandeira-azul-para-42\/","title":{"rendered":"Distritos de Leiria, Santar\u00e9m e Oeste aumentam o n\u00famero de praias com Bandeira Azul para 42"},"content":{"rendered":"<div id=\"attachment_40406\" style=\"width: 510px\" class=\"wp-caption alignleft\"><img loading=\"lazy\" decoding=\"async\" aria-describedby=\"caption-attachment-40406\" class=\"wp-image-40406 size-full\" src=\"https:\/\/tintafresca.net\/wp-content\/uploads\/2025\/06\/Caldas_praia_Foz-do-Arelho10.jpg\" alt=\"\" width=\"500\" height=\"333\" srcset=\"https:\/\/tintafresca.net\/wp-content\/uploads\/2025\/06\/Caldas_praia_Foz-do-Arelho10.jpg 500w, https:\/\/tintafresca.net\/wp-content\/uploads\/2025\/06\/Caldas_praia_Foz-do-Arelho10-300x200.jpg 300w\" sizes=\"auto, (max-width: 500px) 100vw, 500px\" \/><p id=\"caption-attachment-40406\" class=\"wp-caption-text\">Praia da Foz do Arelho (Caldas da Rainha)<\/p><\/div>\n<p>A Regi\u00e3o Centro de Portugal volta a estar este ano em destaque no panorama nacional da qualidade balnear. Um total de 93 praias da regi\u00e3o conquistaram a ambicionada Bandeira Azul, s\u00edmbolo internacional de excel\u00eancia ambiental atribu\u00eddo pela Associa\u00e7\u00e3o Bandeira Azul da Europa (ABAE).<\/p>\n<p>Das 444 distin\u00e7\u00f5es atribu\u00eddas em todo o pa\u00eds para a \u00e9poca balnear de 2025, o Centro de Portugal concentra 64 praias costeiras, 29 praias fluviais e ainda uma embarca\u00e7\u00e3o de ecoturismo. Um sinal inequ\u00edvoco do compromisso da regi\u00e3o com a qualidade da \u00e1gua, a seguran\u00e7a dos banhistas, os servi\u00e7os prestados e a educa\u00e7\u00e3o ambiental.<\/p>\n<p>A regi\u00e3o lidera, com grande destaque, no n\u00famero de praias fluviais distinguidas: 29 das 50 praias interiores galardoadas localizam-se em munic\u00edpios do Centro de Portugal. Um dado que confirma o estatuto da regi\u00e3o como o principal destino nacional de turismo de natureza e de \u00e1guas interiores. De referir que a cerim\u00f3nia oficial do hastear da Bandeira Azul numa praia fluvial ter\u00e1 lugar na praia da Quinta do Barco, em Sever do Vouga, no pr\u00f3ximo dia 15 de junho.<\/p>\n<p>Entre os concelhos da regi\u00e3o com mais bandeiras azuis, destacam-se a Figueira da Foz e Torres Vedras, com 11 praias cada, Peniche (7) e Lourinh\u00e3 (5). Merece tamb\u00e9m especial refer\u00eancia a Praia de Mira, que volta a fazer hist\u00f3ria ao ser galardoada pelo 39.\u00ba ano consecutivo \u2013 \u00e9 a \u00fanica zona balnear do mundo a receber a Bandeira Azul ininterruptamente desde a cria\u00e7\u00e3o do galard\u00e3o, em 1987.<\/p>\n<p>A lista completa das praias costeiras, fluviais e embarca\u00e7\u00f5es de ecoturismo do Centro de Portugal distinguidas com Bandeira Azul em 2025 \u00e9 a seguinte:<\/p>\n<p><strong>Praias costeiras (64):<\/strong><\/p>\n<p>Alcoba\u00e7a: Paredes de Vit\u00f3ria; S\u00e3o Martinho do Porto<\/p>\n<p>Aveiro: S\u00e3o Jacinto<\/p>\n<p>Caldas da Rainha: Foz do Arelho \u2013 Lagoa; Praia do Mar<\/p>\n<p>Cantanhede: Praia da Tocha<\/p>\n<p>Figueira da Foz: Buarcos; Cabedelo Sul; Cabo Mondego; Costa de Lavos; Cova Gala; Cova Gala \u2013 Hospital; Figueira da Foz \u2013 Rel\u00f3gio; Leirosa; Murtinheira; Quiaios; Tamargueira<\/p>\n<p>\u00cdlhavo: Barra; Barra Sul (estreia em 2025); Costa Nova; Costa Nova Sul (estreia em 2025)<\/p>\n<p>Leiria: Pedrog\u00e3o Centro; Pedrog\u00e3o Sul<\/p>\n<p>Lourinh\u00e3: Areal Sul; Areia Branca; Areia Branca \u2013 Foz; Peralta; Porto Dinheiro<\/p>\n<p>Marinha Grande: Praia Velha; S\u00e3o Pedro de Moel<\/p>\n<p>Mira: Po\u00e7o da Cruz; Praia de Mira<\/p>\n<p>Murtosa: Bico; Monte Branco; Torreira<\/p>\n<p>Nazar\u00e9: Nazar\u00e9; Salgado<\/p>\n<p>\u00d3bidos: Bom Sucesso; Rei Corti\u00e7o<\/p>\n<p>Ovar: Cortega\u00e7a; Esmoriz; Furadouro<\/p>\n<p>Peniche: Baleal Norte; Baleal Sul; Consola\u00e7\u00e3o; Cova da Alfarroba; Gamb\u00f4a; Med\u00e3o \u2013 Supertubos; S\u00e3o Bernardino<\/p>\n<p>Pombal: Osso da Baleia<\/p>\n<p>Torres Vedras: Azul; Centro; F\u00edsica; Formosa; Foz do Sizandro \u2013 Mar; Navio; Pis\u00e3o; Porto Novo; Santa Helena; Santa Rita Norte; Santa Rita Sul<\/p>\n<p>Vagos: Are\u00e3o; Labrego; Vagueira<\/p>\n<p><strong>\u00a0 \u00a0 \u00a0 \u00a0Praias interiores (29):<\/strong><\/p>\n<div id=\"attachment_40407\" style=\"width: 510px\" class=\"wp-caption alignleft\"><img loading=\"lazy\" decoding=\"async\" aria-describedby=\"caption-attachment-40407\" class=\"wp-image-40407 size-full\" src=\"https:\/\/tintafresca.net\/wp-content\/uploads\/2025\/06\/Ourem_Agroal10.jpg\" alt=\"\" width=\"500\" height=\"375\" srcset=\"https:\/\/tintafresca.net\/wp-content\/uploads\/2025\/06\/Ourem_Agroal10.jpg 500w, https:\/\/tintafresca.net\/wp-content\/uploads\/2025\/06\/Ourem_Agroal10-300x225.jpg 300w\" sizes=\"auto, (max-width: 500px) 100vw, 500px\" \/><p id=\"caption-attachment-40407\" class=\"wp-caption-text\">Praia do Agroal (Our\u00e9m)<\/p><\/div>\n<p>Abrantes: Aldeia do Mato; Fontes<\/p>\n<p>Alcanena: Olhos d\u2019\u00c1gua do Alviela (estreia em 2025)<\/p>\n<p>Arganil: Cascalheira &#8211; Secarias<\/p>\n<p>Cantanhede: An\u00e7\u00e3 (estreia em 2025); Olhos de Ferven\u00e7a (estreia em 2025); Sete Fontes (estreia em 2025)<\/p>\n<p>Coimbra: Palheiros \u2013 Zorro; Rebolim<\/p>\n<p>G\u00f3is: Peneda &#8211; P\u00eago Escuro; Alvares<\/p>\n<p>Guarda: Valhelhas<\/p>\n<p>Leiria: Lagoa da Ervedeira<\/p>\n<p>Ma\u00e7\u00e3o: Carvoeiro<\/p>\n<p>Montemor-o-Velho: Esteiro de Ereira<\/p>\n<p>Oleiros: A\u00e7ude do Pinto<\/p>\n<p>Our\u00e9m: Agroal<\/p>\n<p>Pampilhosa da Serra: Pessegueiro; Pampilhosa da Serra; Santa Luzia<\/p>\n<p>Penacova: Cornicovo (estreia em 2025); Reconquinho; Vimieiro<\/p>\n<p>Seia: Lapa dos Dinheiros; Loriga<\/p>\n<p>Sever do Vouga: Quinta do Barco<\/p>\n<p>T\u00e1bua: Ronqueira<\/p>\n<p>Vila de Rei: Bostelim; Fernandaires<\/p>\n<p><strong>Embarca\u00e7\u00f5es de ecoturismo (1):<\/strong><\/p>\n<p>Aveiro: Gaivinha<\/p>\n<p><strong>\u00a0 \u00a0 Sobre a Turismo Centro de Portugal<\/strong><\/p>\n<p>A Turismo Centro de Portugal \u00e9 a entidade que estrutura e promove o turismo na Regi\u00e3o Centro do pa\u00eds. Esta \u00e9 a maior e mais diversificada \u00e1rea tur\u00edstica nacional, abrangendo 100 munic\u00edpios, e tem registado um intenso crescimento da procura interna e externa. \u00c9 a regi\u00e3o a escolher para quem pretende experi\u00eancias diversificadas, pois concilia locais Patrim\u00f3nio da Humanidade com a melhor costa de surf da Europa, termas e spas id\u00edlicos, locais de culto de import\u00e2ncia mundial e as mais belas aldeias.<\/p>\n<p><strong>\u00a0 \u00a0 \u00a0Fonte: TCP e PV<\/strong><\/p>\n","protected":false},"excerpt":{"rendered":"<p>A Regi\u00e3o Centro de Portugal volta a estar este ano em destaque no panorama nacional da qualidade balnear. Um total de 93 praias da regi\u00e3o conquistaram a ambicionada Bandeira Azul, s\u00edmbolo internacional de excel\u00eancia ambiental atribu\u00eddo pela Associa\u00e7\u00e3o Bandeira Azul da Europa (ABAE). Das 444 distin\u00e7\u00f5es atribu\u00eddas em todo o pa\u00eds para a \u00e9poca balnear [&hellip;]<\/p>\n","protected":false},"author":2,"featured_media":40408,"comment_status":"open","ping_status":"open","sticky":false,"template":"","format":"standard","meta":{"footnotes":""},"categories":[9],"tags":[],"class_list":["post-40404","post","type-post","status-publish","format-standard","has-post-thumbnail","hentry","category-ambiente"],"_links":{"self":[{"href":"https:\/\/tintafresca.net\/index.php\/wp-json\/wp\/v2\/posts\/40404","targetHints":{"allow":["GET"]}}],"collection":[{"href":"https:\/\/tintafresca.net\/index.php\/wp-json\/wp\/v2\/posts"}],"about":[{"href":"https:\/\/tintafresca.net\/index.php\/wp-json\/wp\/v2\/types\/post"}],"author":[{"embeddable":true,"href":"https:\/\/tintafresca.net\/index.php\/wp-json\/wp\/v2\/users\/2"}],"replies":[{"embeddable":true,"href":"https:\/\/tintafresca.net\/index.php\/wp-json\/wp\/v2\/comments?post=40404"}],"version-history":[{"count":2,"href":"https:\/\/tintafresca.net\/index.php\/wp-json\/wp\/v2\/posts\/40404\/revisions"}],"predecessor-version":[{"id":40409,"href":"https:\/\/tintafresca.net\/index.php\/wp-json\/wp\/v2\/posts\/40404\/revisions\/40409"}],"wp:featuredmedia":[{"embeddable":true,"href":"https:\/\/tintafresca.net\/index.php\/wp-json\/wp\/v2\/media\/40408"}],"wp:attachment":[{"href":"https:\/\/tintafresca.net\/index.php\/wp-json\/wp\/v2\/media?parent=40404"}],"wp:term":[{"taxonomy":"category","embeddable":true,"href":"https:\/\/tintafresca.net\/index.php\/wp-json\/wp\/v2\/categories?post=40404"},{"taxonomy":"post_tag","embeddable":true,"href":"https:\/\/tintafresca.net\/index.php\/wp-json\/wp\/v2\/tags?post=40404"}],"curies":[{"name":"wp","href":"https:\/\/api.w.org\/{rel}","templated":true}]}}