{"id":40411,"date":"2025-06-13T23:47:37","date_gmt":"2025-06-13T23:47:37","guid":{"rendered":"https:\/\/tintafresca.net\/?p=40411"},"modified":"2025-06-14T12:00:38","modified_gmt":"2025-06-14T12:00:38","slug":"sao-domingos-de-carmoes-tem-um-novo-parque-verde","status":"publish","type":"post","link":"https:\/\/tintafresca.net\/index.php\/2025\/06\/13\/sao-domingos-de-carmoes-tem-um-novo-parque-verde\/","title":{"rendered":"S\u00e3o Domingos de Carm\u00f5es j\u00e1 tem parque verde"},"content":{"rendered":"<div id=\"attachment_40413\" style=\"width: 510px\" class=\"wp-caption alignleft\"><img loading=\"lazy\" decoding=\"async\" aria-describedby=\"caption-attachment-40413\" class=\"wp-image-40413\" src=\"https:\/\/tintafresca.net\/wp-content\/uploads\/2025\/06\/TV_Sao-Domingos-de-Carmoes-tem-um-novo-parque-verde.jpeg\" alt=\"\" width=\"500\" height=\"333\" srcset=\"https:\/\/tintafresca.net\/wp-content\/uploads\/2025\/06\/TV_Sao-Domingos-de-Carmoes-tem-um-novo-parque-verde.jpeg 720w, https:\/\/tintafresca.net\/wp-content\/uploads\/2025\/06\/TV_Sao-Domingos-de-Carmoes-tem-um-novo-parque-verde-300x200.jpeg 300w\" sizes=\"auto, (max-width: 500px) 100vw, 500px\" \/><p id=\"caption-attachment-40413\" class=\"wp-caption-text\">Nuno Pinto, S\u00e9rgio Gomes e Laura Ferreira<\/p><\/div>\n<p>Na tarde de 10 de junho foi inaugurado o Parque Verde S\u00e9rgio Gomes, em S\u00e3o Domingos de Carm\u00f5es. A cria\u00e7\u00e3o deste espa\u00e7o resultou de uma parceria da C\u00e2mara Municipal de Torres Vedras com a Junta de Freguesia de Uni\u00e3o das Freguesias de Carvoeira e Carm\u00f5es.<\/p>\n<p>O Parque, que presta homenagem ao antigo presidente da ent\u00e3o Freguesia de S\u00e3o Domingos de Carm\u00f5es, S\u00e9rgio Gomes, \u00e9 composto por um parque infantil, um gin\u00e1sio ao ar livre, um skatepark, um parque de merendas, um parque para c\u00e3es e instala\u00e7\u00f5es sanit\u00e1rias, contando tamb\u00e9m com uma \u00e1rea de estacionamento com parque para autocaravanas.<\/p>\n<p>Na inaugura\u00e7\u00e3o do equipamento, o presidente da Junta de Freguesia de Uni\u00e3o das Freguesias de Carvoeira e Carm\u00f5es, Nuno Pinto, explicou que esta foi uma obra planeada a tr\u00eas anos e que o resultado \u00e9 um parque verde inclusivo e sustent\u00e1vel. O autarca recordou a import\u00e2ncia do trabalho desenvolvido por S\u00e9rgio Gomes, ao longo de mais de 25 anos, enquanto presidente da Junta de Freguesia de S\u00e3o Domingos de Carm\u00f5es, destacando a preocupa\u00e7\u00e3o com o bem-estar da popula\u00e7\u00e3o, que sempre guiou a atua\u00e7\u00e3o do mesmo.<\/p>\n<div id=\"attachment_40414\" style=\"width: 510px\" class=\"wp-caption alignleft\"><img loading=\"lazy\" decoding=\"async\" aria-describedby=\"caption-attachment-40414\" class=\"wp-image-40414\" src=\"https:\/\/tintafresca.net\/wp-content\/uploads\/2025\/06\/TV_Sao-Domingos-de-Carmoes-tem-um-novo-parque-verde2.jpeg\" alt=\"\" width=\"500\" height=\"333\" srcset=\"https:\/\/tintafresca.net\/wp-content\/uploads\/2025\/06\/TV_Sao-Domingos-de-Carmoes-tem-um-novo-parque-verde2.jpeg 720w, https:\/\/tintafresca.net\/wp-content\/uploads\/2025\/06\/TV_Sao-Domingos-de-Carmoes-tem-um-novo-parque-verde2-300x200.jpeg 300w\" sizes=\"auto, (max-width: 500px) 100vw, 500px\" \/><p id=\"caption-attachment-40414\" class=\"wp-caption-text\">Skate Park<\/p><\/div>\n<p>A presidente da C\u00e2mara Municipal de Torres Vedras, Laura Rodrigues, tamb\u00e9m esteve presente na cerim\u00f3nia. Na ocasi\u00e3o, Laura Rodrigues referiu que as juntas de freguesia, com o apoio do Munic\u00edpio, t\u00eam vindo a investir em espa\u00e7os de lazer multifuncionais, que pretende ir ao encontro das aspira\u00e7\u00f5es de diferentes gera\u00e7\u00f5es.<\/p>\n<p>O homenageado S\u00e9rgio Gomes tamb\u00e9m proferiu algumas palavras na inaugura\u00e7\u00e3o, recordando o trabalho desenvolvido enquanto autarca e algumas das pessoas que o acompanharam ao longo desses anos.<\/p>\n<p>Na ocasi\u00e3o foi, ainda, inaugurado o skatepark instalado naquele espa\u00e7o, que resultou de uma proposta vencedora da 6.\u00aa edi\u00e7\u00e3o do Or\u00e7amento Participativo de Torres Vedras.<\/p>\n<p>O Parque Verde S\u00e9rgio Gomes beneficiou de um apoio municipal de cerca de 250 mil euros, distribu\u00eddos ao longo dos anos em que foi realizada a interven\u00e7\u00e3o.<\/p>\n<p><strong>\u00a0 \u00a0 Fonte: ACM|CMTV<\/strong><\/p>\n","protected":false},"excerpt":{"rendered":"<p>Na tarde de 10 de junho foi inaugurado o Parque Verde S\u00e9rgio Gomes, em S\u00e3o Domingos de Carm\u00f5es. A cria\u00e7\u00e3o deste espa\u00e7o resultou de uma parceria da C\u00e2mara Municipal de Torres Vedras com a Junta de Freguesia de Uni\u00e3o das Freguesias de Carvoeira e Carm\u00f5es. O Parque, que presta homenagem ao antigo presidente da ent\u00e3o [&hellip;]<\/p>\n","protected":false},"author":2,"featured_media":40415,"comment_status":"open","ping_status":"open","sticky":false,"template":"","format":"standard","meta":{"footnotes":""},"categories":[9],"tags":[],"class_list":["post-40411","post","type-post","status-publish","format-standard","has-post-thumbnail","hentry","category-ambiente"],"_links":{"self":[{"href":"https:\/\/tintafresca.net\/index.php\/wp-json\/wp\/v2\/posts\/40411","targetHints":{"allow":["GET"]}}],"collection":[{"href":"https:\/\/tintafresca.net\/index.php\/wp-json\/wp\/v2\/posts"}],"about":[{"href":"https:\/\/tintafresca.net\/index.php\/wp-json\/wp\/v2\/types\/post"}],"author":[{"embeddable":true,"href":"https:\/\/tintafresca.net\/index.php\/wp-json\/wp\/v2\/users\/2"}],"replies":[{"embeddable":true,"href":"https:\/\/tintafresca.net\/index.php\/wp-json\/wp\/v2\/comments?post=40411"}],"version-history":[{"count":3,"href":"https:\/\/tintafresca.net\/index.php\/wp-json\/wp\/v2\/posts\/40411\/revisions"}],"predecessor-version":[{"id":40417,"href":"https:\/\/tintafresca.net\/index.php\/wp-json\/wp\/v2\/posts\/40411\/revisions\/40417"}],"wp:featuredmedia":[{"embeddable":true,"href":"https:\/\/tintafresca.net\/index.php\/wp-json\/wp\/v2\/media\/40415"}],"wp:attachment":[{"href":"https:\/\/tintafresca.net\/index.php\/wp-json\/wp\/v2\/media?parent=40411"}],"wp:term":[{"taxonomy":"category","embeddable":true,"href":"https:\/\/tintafresca.net\/index.php\/wp-json\/wp\/v2\/categories?post=40411"},{"taxonomy":"post_tag","embeddable":true,"href":"https:\/\/tintafresca.net\/index.php\/wp-json\/wp\/v2\/tags?post=40411"}],"curies":[{"name":"wp","href":"https:\/\/api.w.org\/{rel}","templated":true}]}}