{"id":40467,"date":"2025-06-18T23:12:55","date_gmt":"2025-06-18T23:12:55","guid":{"rendered":"https:\/\/tintafresca.net\/?p=40467"},"modified":"2025-06-18T23:17:47","modified_gmt":"2025-06-18T23:17:47","slug":"feira-nacional-de-agricultura-feira-do-ribatejo-com-elevada-satisfacao-nos-contactos-e-negocios","status":"publish","type":"post","link":"https:\/\/tintafresca.net\/index.php\/2025\/06\/18\/feira-nacional-de-agricultura-feira-do-ribatejo-com-elevada-satisfacao-nos-contactos-e-negocios\/","title":{"rendered":"Feira Nacional de Agricultura\/Feira do Ribatejo com elevada satisfa\u00e7\u00e3o nos contactos e neg\u00f3cios"},"content":{"rendered":"<div id=\"attachment_40470\" style=\"width: 510px\" class=\"wp-caption alignleft\"><img loading=\"lazy\" decoding=\"async\" aria-describedby=\"caption-attachment-40470\" class=\"wp-image-40470 size-full\" src=\"https:\/\/tintafresca.net\/wp-content\/uploads\/2025\/06\/Santarem_BALANCO-FNA-250-1.jpg\" alt=\"\" width=\"500\" height=\"333\" srcset=\"https:\/\/tintafresca.net\/wp-content\/uploads\/2025\/06\/Santarem_BALANCO-FNA-250-1.jpg 500w, https:\/\/tintafresca.net\/wp-content\/uploads\/2025\/06\/Santarem_BALANCO-FNA-250-1-300x200.jpg 300w\" sizes=\"auto, (max-width: 500px) 100vw, 500px\" \/><p id=\"caption-attachment-40470\" class=\"wp-caption-text\">Confer\u00eancia de imprensa de balan\u00e7o da Feira Nacional da Agricultura<\/p><\/div>\n<p>A FNA 25 \u2013 Feira Nacional de Agricultura \/ Feira do Ribatejo, que terminou no dia 15 de junho, no CNEMA, em Santar\u00e9m contou com mais expositores, mais \u00e1rea ocupada, com elevada satisfa\u00e7\u00e3o nos contactos e neg\u00f3cios efetuados.<\/p>\n<p><strong>Biosolu\u00e7\u00f5es na Agricultura<\/strong><\/p>\n<p>A FNA recebeu algumas das mais importantes empresas ligadas ao tema da feira, colocando em evid\u00eancia que as biosolu\u00e7\u00f5es desempenham um papel fundamental na agricultura, sendo cruciais para o desenvolvimento de pr\u00e1ticas mais sustent\u00e1veis e eficientes. A Repsol, a Floene, ou a presen\u00e7a de algumas das \u201cBio \u2013 Regi\u00f5es\u201d refletiram esta realidade.<\/p>\n<p>A \u201cAgenda Mobilizadora Insectera\u201d foi o dinamizador dos Claustros, espa\u00e7o onde marcaram presen\u00e7a diversos expositores com novas solu\u00e7\u00f5es baseadas na economia circular, al\u00e9m de v\u00e1rios debates que ocorreram durante os nove dias da feira. Televis\u00e3o FNA 25 A Feira Nacional de Agricultura contou com uma emiss\u00e3o experimental de um futuro canal dedicado \u00e0 agricultura e ao mundo rural.<\/p>\n<p>Durante os quatro primeiros dias do evento, este canal transmitiu cerca de dez horas di\u00e1rias, proporcionando uma visibilidade significativa e um olhar aprofundado sobre a Feira e dando visibilidade a debates e discuss\u00f5es de elevada qualidade sobre o setor.<\/p>\n<p><strong>Presidente da Rep\u00fablica na FNA 25<\/strong><\/p>\n<p>O Presidente da Rep\u00fablica, Marcelo Rebelo de Sousa, na sua derradeira visita \u00e0 Feira como Chefe de Estado, foi homenageado pela organiza\u00e7\u00e3o como forma de reconhecimento pelo seu apoio \u00e0 FMA e \u00e0 agricultura.<\/p>\n<p>O Presidente real\u00e7ou a forma como os agricultores nacionais t\u00eam demonstrado capacidade para superar desafios e crises. Representa\u00e7\u00e3o pol\u00edtica e internacional na Feira O Comiss\u00e1rio Europeu de Agricultura e Alimenta\u00e7\u00e3o, Christophe Hansen, inaugurou a Feira Nacional de Agricultura e real\u00e7ou a necessidade do sector agroalimentar ser \u201cforte, competitivo, sustent\u00e1vel, bem preparado para o futuro\u201d e alertou para a urg\u00eancia de captar jovens para a agricultura.<\/p>\n<p>O Ministro da Agricultura e Pecu\u00e1ria do Brasil, Carlos F\u00e1varo, esteve no evento com o objetivo de \u201cfortalecer rela\u00e7\u00f5es de amizade e comerciais com Portugal\u201d e real\u00e7ou que o Brasil n\u00e3o tem receio de abrir o mercado aos produtos portugueses. O Brasil participou no evento com um stand pr\u00f3prio, assim como a Comiss\u00e3o Europeia, presen\u00e7as que refor\u00e7aram a dimens\u00e3o internacional da Feira Nacional de Agricultura.<\/p>\n<p>Respons\u00e1veis pol\u00edticos visitam a FNA 25 A 2\u00aa figura do Estado Portugu\u00eas, o Presidente da Assembleia da Rep\u00fablica, Jos\u00e9 Pedro Aguiar-Branco esteve na FNA e aproveitou a visita para contactar com as empresas e perceber os desafios que enfrentam. O Ministro da Agricultura e Mar, Jos\u00e9 Manuel Fernandes, foi presen\u00e7a ass\u00eddua no certame onde contactou as empresas, participou em semin\u00e1rios e\u00a0 falou com os agentes do sector.<\/p>\n<p>O Presidente do Grupo Parlamentar do PSD, Hugo Soares, o l\u00edder do Chega, Andr\u00e9 Ventura, o Secret\u00e1rio Geral do PCP, Paulo Raimundo, uma comitiva da Iniciativa Liberal, o candidato a l\u00edder do PS, Jos\u00e9 Lu\u00eds Carneiro, autarcas, deputados nacionais, eurodeputados, representantes de associa\u00e7\u00f5es e confedera\u00e7\u00f5es, os candidatos presidenciais Ant\u00f3nio Jos\u00e9 Seguro, Lu\u00eds Marques Mendes e Gouveia Melo tamb\u00e9m visitaram o evento e manifestaram um claro apoio ao sector agr\u00edcola.<\/p>\n<p><strong>Conversas de Agricultura abordam vis\u00f5es de futuro<\/strong><\/p>\n<p>O Ciclo de Confer\u00eancias &#8220;Conversas de Agricultura&#8221; englobou 24 a\u00e7\u00f5es, entre col\u00f3quios, semin\u00e1rios e workshops, sendo de real\u00e7ar as v\u00e1rias palestras sobre agricultura e alimenta\u00e7\u00e3o nos espa\u00e7os dos pr\u00f3prios expositores que captaram a aten\u00e7\u00e3o de cerca de 5.000\u00a0 participantes.<\/p>\n<p>Neste \u00e2mbito, destaque para tr\u00eas a\u00e7\u00f5es promovidas pela CAP:<\/p>\n<p>O semin\u00e1rio &#8220;Biosolu\u00e7\u00f5es no Setor Agroflorestal&#8221; teve como intuito de discutir solu\u00e7\u00f5es inovadoras para minimizar o impacto ambiental e potenciar a produtividade agr\u00edcola e florestal com abordagens relativas aos \u201cBiocombust\u00edveis\u201d, \u201cBiometano\u201d, \u201cBiofertllizantes\u201c e \u201cBiopesticidas\u201d.<\/p>\n<p>O \u201cWorkshop Agricultura Regenerativa\u201d, que teve o objetivo de apresentar caminhos e esclarecer d\u00favidas sobre esta pr\u00e1tica, tendo em conta o aumento do custo dos fatores de produ\u00e7\u00e3o e os efeitos das altera\u00e7\u00f5es clim\u00e1ticas.<\/p>\n<p>A \u201cConfer\u00eancia Internacional sobre Agricultura nos pa\u00edses do Sul da Europa\u201d, juntou representantes de Portugal, Espanha, Fran\u00e7a It\u00e1lia, Gr\u00e9cia e Cro\u00e1cia num debate sobre a nova PAC (Pol\u00edtica Agr\u00edcola Comum) com o objetivo de adoptar uma posi\u00e7\u00e3o comum dos pa\u00edses mediterr\u00e2nicos sobre as quest\u00f5es que afetam os seus agricultores.<\/p>\n<p><strong>Prazer de Provar \u2013 Degusta\u00e7\u00e3o para todos<\/strong><\/p>\n<p>Como j\u00e1 \u00e9 tradi\u00e7\u00e3o, a Nave A acolheu o Sal\u00e3o Prazer de Provar, espa\u00e7o onde os consumidores encontram uma vasta gama de produtos, apresentados por expositores que, ano ap\u00f3s ano, apostam numa imagem cada vez mais cuidada e moderna. Realce para a presen\u00e7a de v\u00e1rios Munic\u00edpios e de diversas autarquias agregadas na marca \u201cPortugal Organic\u201d para promover as Bio Regi\u00f5es portuguesas.<\/p>\n<p>As A\u00e7\u00f5es de Cozinha ao Vivo continuam a ser um sucesso, atraindo bastante p\u00fablico. Este formato tem captado a aten\u00e7\u00e3o de chefs de renome, elevando a qualidade destas iniciativas. Neste contexto, vale a pena sublinhar o \u00eaxito dos cursos ministrados na FNA, nomeadamente &#8220;Azeites\u201d, \u201cAguardentes\u201d e \u201cVinhos ao Longo dos Rios&#8221;. Estes cativaram um p\u00fablico muito interessado, proporcionando o conhecimento de produtos verdadeiramente diferenciados.<\/p>\n<p>No \u00e2mbito do Sal\u00e3o Prazer de Provar, o CNEMA promoveu 26 Concursos de Produtos Tradicionais Portugueses entrando a concurso 559 amostras. De real\u00e7ar tamb\u00e9m a presen\u00e7a de 1200 vinhos em prova no Concurso Vinhos de Portugal. Exposi\u00e7\u00e3o de Maquinaria e Equipamentos A Exposi\u00e7\u00e3o de Maquinaria Agr\u00edcola \u00e9 uma das \u00e1reas do evento que contou com as novidades e as principais marcas do mercado, apresentando solu\u00e7\u00f5es inovadoras e diferenciadas.<\/p>\n<p>Durante os nove dias de Feira foi poss\u00edvel ter contacto com os mais modernos equipamentos que se utilizam hoje ao servi\u00e7o da agricultura.<\/p>\n<p><strong>Exposi\u00e7\u00e3o Agro \u2013 Pecu\u00e1ria<\/strong><\/p>\n<p>A FNA procura proporcionar sempre as melhores condi\u00e7\u00f5es aos animais em exposi\u00e7\u00e3o para que a mostra pecu\u00e1ria tenha sempre uma grande representa\u00e7\u00e3o das ra\u00e7as aut\u00f3ctones portuguesas. Durante a FNA 25, marcaram presen\u00e7a diferentes ra\u00e7as bovinas, caprinos, ovinos, su\u00ednos e galinhas de ra\u00e7as aut\u00f3ctones com uma grande participa\u00e7\u00e3o\u00a0 de efetivos.<\/p>\n<p><strong>Exposi\u00e7\u00e3o de Equinos, Atividades Equestres e Anima\u00e7\u00e3o Tradicional<\/strong><\/p>\n<p>A mostra de equinos superou as edi\u00e7\u00f5es anteriores em n\u00famero de participantes, com particular destaque para o 31\u00ba Concurso Nacional Oficial das Coudelarias Portuguesas e o 14\u00ba Concurso Nacional da \u00c9gua Afilhada da Ra\u00e7a Lusitana, destacando-se a Companhia das Lez\u00edrias ao vencer as duas provas.\u00a0 Ambos registaram uma not\u00e1vel ades\u00e3o, superior em cerca de 20% face a anos anteriores.<\/p>\n<p>Realce tamb\u00e9m para o Concurso de Traje \u00e0 Portuguesa e Concurso de Apresenta\u00e7\u00e3o do Cavalo de Sela com Mariana Cruz a ocupar o 1\u00ba lugar do p\u00f3dio. Ao longo dos nove dias de feira n\u00e3o faltaram atividades para celebrar o Ribatejo e as suas gentes com realce para a participa\u00e7\u00e3o das v\u00e1rias Escolas de Toureio ou os Treinos de Forcados que contaram com mais participantes e muito p\u00fablico interessado.<\/p>\n<p>Outras atividades como a per\u00edcia e corrida de campinos &#8211; com destaque para o vencedor\u00a0 Rui Santos Patr\u00edcio\u00a0 &#8211; , entre muitas outras, foram bastante apreciadas. Os tradicionais concertos n\u00e3o desiludiram o p\u00fablico presente e captaram a aten\u00e7\u00e3o de muitos visitantes da FNA.<\/p>\n<p><strong>Ra\u00e7as Caninas Nacionais<\/strong><\/p>\n<p>A 22\u00aa E.C. Especializada de Ra\u00e7as Portuguesas Comemorativa do Dia de Portugal (10 junho) esteve aberta aos exemplares de todas as Ra\u00e7as Portuguesas e variedades oficialmente reconhecidas. Neste \u00e2mbito, o Clube Portugu\u00eas de Canicultura e os CTT lan\u00e7aram selos comemorativos de algumas ra\u00e7as portuguesas.<\/p>\n<p><strong>Stands de alta qualidade em exposi\u00e7\u00e3o<\/strong><\/p>\n<p>A FNA confirmou, mais uma vez, que \u00e9 um centro de neg\u00f3cios de excel\u00eancia. A grande maioria dos expositores mostrou-se satisfeita com o volume de vendas e com a quantidade e qualidade dos contactos estabelecidos. Neste contexto, \u00e9 de notar a crescente melhoria na apresenta\u00e7\u00e3o dos stands, que ano ap\u00f3s ano demonstram uma qualidade superior.<\/p>\n<p><strong>Munic\u00edpio de Santar\u00e9m<\/strong><\/p>\n<p>O Munic\u00edpio de Santar\u00e9m contou com um programa alargado de atividades durante os nove dias de Feira com muita anima\u00e7\u00e3o e sess\u00f5es de debate. A grande novidade foi a mudan\u00e7a do stand para a \u00e1rea envolvente das tasquinhas, para estar mais perto da zona de conv\u00edvio das pessoas. A C\u00e2mara Municipal de Santar\u00e9m proporcionou tamb\u00e9m aos visitantes degusta\u00e7\u00f5es de azeites, vinhos, queijos, enchidos, compotas, entre muitos outros.<\/p>\n<p>Destaque para o dia 13 de junho \u2013 Dia do Munic\u00edpio de Santar\u00e9m \u2013 com mais de 2500 crian\u00e7a das escolas do concelho a marcarem presen\u00e7a na Feira, uma iniciativa da autarquia escalabitana e da CAP no \u00e2mbito da campanha PAC4ALL, que tem como intuito explicar aos mais novos a import\u00e2ncia da Agricultura e os objetivos da Pol\u00edtica Agr\u00edcola Comum.<\/p>\n<p><strong>Dia do Munic\u00edpio de Almeirim<\/strong><\/p>\n<p>Nesta \u00e1rea h\u00e1 que real\u00e7ar tamb\u00e9m o Dia do Munic\u00edpio de Almeirim que num esfor\u00e7o conjunto com Juntas de Freguesia e institui\u00e7\u00f5es do concelho proporcionou tamb\u00e9m a celebra\u00e7\u00e3o do Ribatejo e das suas tradi\u00e7\u00f5es. Provas gastron\u00f3micas, marchas, dan\u00e7as com ranchos folcl\u00f3ricos, entre outras atividades, proporcionaram aos visitantes bastante anima\u00e7\u00e3o.<\/p>\n<p><strong>Um Ano de Fnazinha<\/strong><\/p>\n<p>A FNAzinha, com o seu programa pr\u00f3prio e diversificado, foi concebida para entreter e educar os mais novos, alertando-os para a realidade do mundo agr\u00edcola, a import\u00e2ncia da sustentabilidade e os benef\u00edcios da alimenta\u00e7\u00e3o saud\u00e1vel. O objetivo \u00e9 melhorar este espa\u00e7o no pr\u00f3ximo ano, de forma a atrair ainda mais crian\u00e7as. Em 2026 a FNA decorre de 6 a 14 de junho.<\/p>\n<p><strong>\u00a0 \u00a0 Fonte: CNEMA<\/strong><\/p>\n","protected":false},"excerpt":{"rendered":"<p>A FNA 25 \u2013 Feira Nacional de Agricultura \/ Feira do Ribatejo, que terminou no dia 15 de junho, no CNEMA, em Santar\u00e9m contou com mais expositores, mais \u00e1rea ocupada, com elevada satisfa\u00e7\u00e3o nos contactos e neg\u00f3cios efetuados. Biosolu\u00e7\u00f5es na Agricultura A FNA recebeu algumas das mais importantes empresas ligadas ao tema da feira, colocando [&hellip;]<\/p>\n","protected":false},"author":2,"featured_media":40472,"comment_status":"open","ping_status":"open","sticky":false,"template":"","format":"standard","meta":{"footnotes":""},"categories":[7],"tags":[],"class_list":["post-40467","post","type-post","status-publish","format-standard","has-post-thumbnail","hentry","category-economia"],"_links":{"self":[{"href":"https:\/\/tintafresca.net\/index.php\/wp-json\/wp\/v2\/posts\/40467","targetHints":{"allow":["GET"]}}],"collection":[{"href":"https:\/\/tintafresca.net\/index.php\/wp-json\/wp\/v2\/posts"}],"about":[{"href":"https:\/\/tintafresca.net\/index.php\/wp-json\/wp\/v2\/types\/post"}],"author":[{"embeddable":true,"href":"https:\/\/tintafresca.net\/index.php\/wp-json\/wp\/v2\/users\/2"}],"replies":[{"embeddable":true,"href":"https:\/\/tintafresca.net\/index.php\/wp-json\/wp\/v2\/comments?post=40467"}],"version-history":[{"count":4,"href":"https:\/\/tintafresca.net\/index.php\/wp-json\/wp\/v2\/posts\/40467\/revisions"}],"predecessor-version":[{"id":40474,"href":"https:\/\/tintafresca.net\/index.php\/wp-json\/wp\/v2\/posts\/40467\/revisions\/40474"}],"wp:featuredmedia":[{"embeddable":true,"href":"https:\/\/tintafresca.net\/index.php\/wp-json\/wp\/v2\/media\/40472"}],"wp:attachment":[{"href":"https:\/\/tintafresca.net\/index.php\/wp-json\/wp\/v2\/media?parent=40467"}],"wp:term":[{"taxonomy":"category","embeddable":true,"href":"https:\/\/tintafresca.net\/index.php\/wp-json\/wp\/v2\/categories?post=40467"},{"taxonomy":"post_tag","embeddable":true,"href":"https:\/\/tintafresca.net\/index.php\/wp-json\/wp\/v2\/tags?post=40467"}],"curies":[{"name":"wp","href":"https:\/\/api.w.org\/{rel}","templated":true}]}}